{"id":1877,"date":"2025-05-16T05:31:11","date_gmt":"2025-05-16T05:31:11","guid":{"rendered":"https:\/\/tosyagazetesi.com\/?p=1877"},"modified":"2025-05-16T05:31:13","modified_gmt":"2025-05-16T05:31:13","slug":"tosyada-sap-hastaligi-nedeniyle-hayvan-pazari-kapatildi","status":"publish","type":"post","link":"https:\/\/tosyagazetesi.com\/index.php\/2025\/05\/16\/tosyada-sap-hastaligi-nedeniyle-hayvan-pazari-kapatildi\/","title":{"rendered":"Tosya\u2019da \u015eap Hastal\u0131\u011f\u0131 Nedeniyle Hayvan Pazar\u0131 Kapat\u0131ld\u0131"},"content":{"rendered":"\n<p><\/p>\n\n\n\n<p>Kastamonu\u2019nun Tosya il\u00e7esinde, \u015fap hastal\u0131\u011f\u0131 nedeniyle canl\u0131 hayvan pazar\u0131 kapat\u0131ld\u0131.<\/p>\n\n\n\n<p>Tosya \u0130l\u00e7e Tar\u0131m ve Orman M\u00fcd\u00fcrl\u00fc\u011f\u00fc taraf\u0131ndan yap\u0131lan a\u00e7\u0131klamada \u015funlara yer verildi : &nbsp;\u201cil\u00e7enin Bah\u00e7elievler mahallesinde bir yeti\u015ftiricinin i\u015fletmesinde hastal\u0131k \u015fikayeti \u00fczerine giden serbest veteriner hekim taraf\u0131ndan kurumumuza \u015fap hastal\u0131\u011f\u0131 \u015f\u00fcpheli bir hayvan oldu\u011fu ihbar\u0131 gelmesi \u00fczerine i\u015fletmeye gidildi.<\/p>\n\n\n\n<p>S\u00f6z konusu i\u015fletmedeki hayvanda \u015fap hastal\u0131\u011f\u0131 belirtilerini a\u00e7\u0131k bir \u015fekilde g\u00f6ren resmi veteriner hekimler taraf\u0131ndan numune alma i\u015flemi sonras\u0131 gerekli idari ve fenni i\u015flemler ba\u015flat\u0131lm\u0131\u015ft\u0131r. Hastal\u0131kl\u0131 hayvan\u0131, hayvan sat\u0131c\u0131s\u0131ndan 3 hafta \u00f6nce ald\u0131\u011f\u0131n\u0131 s\u00f6yleyen vatanda\u015f, hayvan\u0131n il d\u0131\u015f\u0131ndan geldi\u011fini s\u00f6ylemi\u015ftir. Karantina uygulamas\u0131 kapsam\u0131nda mevcut Tosya Hayvan Pazar\u0131 hastal\u0131k s\u00f6n\u00fc\u015f\u00fcne kadar kapal\u0131 kalacakt\u0131r. \u00a0Ayr\u0131ca karantina \u00a025 merkez mahalle ile 15 k\u00f6y\u00fc kapsamaktad\u0131r. \u201d<\/p>\n\n\n\n<figure class=\"wp-block-image size-full\"><img loading=\"lazy\" decoding=\"async\" width=\"900\" height=\"500\" src=\"https:\/\/tosyagazetesi.com\/wp-content\/uploads\/2025\/01\/Tosyada-Canli-Hayvan-Pazari-Tedbir-Amacli-Kapatildi.jpg\" alt=\"\" class=\"wp-image-1422\" srcset=\"https:\/\/tosyagazetesi.com\/wp-content\/uploads\/2025\/01\/Tosyada-Canli-Hayvan-Pazari-Tedbir-Amacli-Kapatildi.jpg 900w, https:\/\/tosyagazetesi.com\/wp-content\/uploads\/2025\/01\/Tosyada-Canli-Hayvan-Pazari-Tedbir-Amacli-Kapatildi-300x167.jpg 300w, https:\/\/tosyagazetesi.com\/wp-content\/uploads\/2025\/01\/Tosyada-Canli-Hayvan-Pazari-Tedbir-Amacli-Kapatildi-768x427.jpg 768w\" sizes=\"auto, (max-width: 900px) 100vw, 900px\" \/><\/figure>\n","protected":false},"excerpt":{"rendered":"<p>Kastamonu\u2019nun Tosya il\u00e7esinde, \u015fap hastal\u0131\u011f\u0131 nedeniyle canl\u0131 hayvan pazar\u0131 kapat\u0131ld\u0131. Tosya \u0130l\u00e7e Tar\u0131m ve Orman M\u00fcd\u00fcrl\u00fc\u011f\u00fc taraf\u0131ndan yap\u0131lan a\u00e7\u0131klamada \u015funlara yer verildi : &nbsp;\u201cil\u00e7enin Bah\u00e7elievler mahallesinde bir yeti\u015ftiricinin i\u015fletmesinde hastal\u0131k&hellip; <\/p>\n","protected":false},"author":1,"featured_media":1422,"comment_status":"open","ping_status":"open","sticky":false,"template":"","format":"standard","meta":{"_joinchat":[],"footnotes":"","jetpack_publicize_message":"","jetpack_publicize_feature_enabled":true,"jetpack_social_post_already_shared":false,"jetpack_social_options":{"image_generator_settings":{"template":"highway","default_image_id":0,"font":"","enabled":false},"version":2}},"categories":[1],"tags":[],"class_list":["post-1877","post","type-post","status-publish","format-standard","has-post-thumbnail","hentry","category-video-galeri"],"yoast_head":"<!-- This site is optimized with the Yoast SEO plugin v27.5 - https:\/\/yoast.com\/product\/yoast-seo-wordpress\/ -->\n<title>Tosya\u2019da \u015eap Hastal\u0131\u011f\u0131 Nedeniyle Hayvan Pazar\u0131 Kapat\u0131ld\u0131 -<\/title>\n<meta name=\"robots\" content=\"index, follow, max-snippet:-1, max-image-preview:large, max-video-preview:-1\" \/>\n<link rel=\"canonical\" href=\"https:\/\/tosyagazetesi.com\/index.php\/2025\/05\/16\/tosyada-sap-hastaligi-nedeniyle-hayvan-pazari-kapatildi\/\" \/>\n<meta property=\"og:locale\" content=\"tr_TR\" \/>\n<meta property=\"og:type\" content=\"article\" \/>\n<meta property=\"og:title\" content=\"Tosya\u2019da \u015eap Hastal\u0131\u011f\u0131 Nedeniyle Hayvan Pazar\u0131 Kapat\u0131ld\u0131 -\" \/>\n<meta property=\"og:description\" content=\"Kastamonu\u2019nun Tosya il\u00e7esinde, \u015fap hastal\u0131\u011f\u0131 nedeniyle canl\u0131 hayvan pazar\u0131 kapat\u0131ld\u0131. Tosya \u0130l\u00e7e Tar\u0131m ve Orman M\u00fcd\u00fcrl\u00fc\u011f\u00fc taraf\u0131ndan yap\u0131lan a\u00e7\u0131klamada \u015funlara yer verildi : &nbsp;\u201cil\u00e7enin Bah\u00e7elievler mahallesinde bir yeti\u015ftiricinin i\u015fletmesinde hastal\u0131k&hellip;\" \/>\n<meta property=\"og:url\" content=\"https:\/\/tosyagazetesi.com\/index.php\/2025\/05\/16\/tosyada-sap-hastaligi-nedeniyle-hayvan-pazari-kapatildi\/\" \/>\n<meta property=\"article:published_time\" content=\"2025-05-16T05:31:11+00:00\" \/>\n<meta property=\"article:modified_time\" content=\"2025-05-16T05:31:13+00:00\" \/>\n<meta property=\"og:image\" content=\"https:\/\/tosyagazetesi.com\/wp-content\/uploads\/2025\/01\/Tosyada-Canli-Hayvan-Pazari-Tedbir-Amacli-Kapatildi.jpg\" \/>\n\t<meta property=\"og:image:width\" content=\"900\" \/>\n\t<meta property=\"og:image:height\" content=\"500\" \/>\n\t<meta property=\"og:image:type\" content=\"image\/jpeg\" \/>\n<meta name=\"author\" content=\"admin\" \/>\n<meta name=\"twitter:card\" content=\"summary_large_image\" \/>\n<meta name=\"twitter:label1\" content=\"Yazan:\" \/>\n\t<meta name=\"twitter:data1\" content=\"admin\" \/>\n\t<meta name=\"twitter:label2\" content=\"Tahmini okuma s\u00fcresi\" \/>\n\t<meta name=\"twitter:data2\" content=\"2 dakika\" \/>\n<script type=\"application\/ld+json\" class=\"yoast-schema-graph\">{\"@context\":\"https:\\\/\\\/schema.org\",\"@graph\":[{\"@type\":\"Article\",\"@id\":\"https:\\\/\\\/tosyagazetesi.com\\\/index.php\\\/2025\\\/05\\\/16\\\/tosyada-sap-hastaligi-nedeniyle-hayvan-pazari-kapatildi\\\/#article\",\"isPartOf\":{\"@id\":\"https:\\\/\\\/tosyagazetesi.com\\\/index.php\\\/2025\\\/05\\\/16\\\/tosyada-sap-hastaligi-nedeniyle-hayvan-pazari-kapatildi\\\/\"},\"author\":{\"name\":\"admin\",\"@id\":\"https:\\\/\\\/tosyagazetesi.com\\\/#\\\/schema\\\/person\\\/9a1b0f7e1b008c6cede8cdbd5500a206\"},\"headline\":\"Tosya\u2019da \u015eap Hastal\u0131\u011f\u0131 Nedeniyle Hayvan Pazar\u0131 Kapat\u0131ld\u0131\",\"datePublished\":\"2025-05-16T05:31:11+00:00\",\"dateModified\":\"2025-05-16T05:31:13+00:00\",\"mainEntityOfPage\":{\"@id\":\"https:\\\/\\\/tosyagazetesi.com\\\/index.php\\\/2025\\\/05\\\/16\\\/tosyada-sap-hastaligi-nedeniyle-hayvan-pazari-kapatildi\\\/\"},\"wordCount\":164,\"commentCount\":0,\"image\":{\"@id\":\"https:\\\/\\\/tosyagazetesi.com\\\/index.php\\\/2025\\\/05\\\/16\\\/tosyada-sap-hastaligi-nedeniyle-hayvan-pazari-kapatildi\\\/#primaryimage\"},\"thumbnailUrl\":\"https:\\\/\\\/tosyagazetesi.com\\\/wp-content\\\/uploads\\\/2025\\\/01\\\/Tosyada-Canli-Hayvan-Pazari-Tedbir-Amacli-Kapatildi.jpg\",\"articleSection\":[\"Video Galeri\"],\"inLanguage\":\"tr\",\"potentialAction\":[{\"@type\":\"CommentAction\",\"name\":\"Comment\",\"target\":[\"https:\\\/\\\/tosyagazetesi.com\\\/index.php\\\/2025\\\/05\\\/16\\\/tosyada-sap-hastaligi-nedeniyle-hayvan-pazari-kapatildi\\\/#respond\"]}]},{\"@type\":\"WebPage\",\"@id\":\"https:\\\/\\\/tosyagazetesi.com\\\/index.php\\\/2025\\\/05\\\/16\\\/tosyada-sap-hastaligi-nedeniyle-hayvan-pazari-kapatildi\\\/\",\"url\":\"https:\\\/\\\/tosyagazetesi.com\\\/index.php\\\/2025\\\/05\\\/16\\\/tosyada-sap-hastaligi-nedeniyle-hayvan-pazari-kapatildi\\\/\",\"name\":\"Tosya\u2019da \u015eap Hastal\u0131\u011f\u0131 Nedeniyle Hayvan Pazar\u0131 Kapat\u0131ld\u0131 -\",\"isPartOf\":{\"@id\":\"https:\\\/\\\/tosyagazetesi.com\\\/#website\"},\"primaryImageOfPage\":{\"@id\":\"https:\\\/\\\/tosyagazetesi.com\\\/index.php\\\/2025\\\/05\\\/16\\\/tosyada-sap-hastaligi-nedeniyle-hayvan-pazari-kapatildi\\\/#primaryimage\"},\"image\":{\"@id\":\"https:\\\/\\\/tosyagazetesi.com\\\/index.php\\\/2025\\\/05\\\/16\\\/tosyada-sap-hastaligi-nedeniyle-hayvan-pazari-kapatildi\\\/#primaryimage\"},\"thumbnailUrl\":\"https:\\\/\\\/tosyagazetesi.com\\\/wp-content\\\/uploads\\\/2025\\\/01\\\/Tosyada-Canli-Hayvan-Pazari-Tedbir-Amacli-Kapatildi.jpg\",\"datePublished\":\"2025-05-16T05:31:11+00:00\",\"dateModified\":\"2025-05-16T05:31:13+00:00\",\"author\":{\"@id\":\"https:\\\/\\\/tosyagazetesi.com\\\/#\\\/schema\\\/person\\\/9a1b0f7e1b008c6cede8cdbd5500a206\"},\"breadcrumb\":{\"@id\":\"https:\\\/\\\/tosyagazetesi.com\\\/index.php\\\/2025\\\/05\\\/16\\\/tosyada-sap-hastaligi-nedeniyle-hayvan-pazari-kapatildi\\\/#breadcrumb\"},\"inLanguage\":\"tr\",\"potentialAction\":[{\"@type\":\"ReadAction\",\"target\":[\"https:\\\/\\\/tosyagazetesi.com\\\/index.php\\\/2025\\\/05\\\/16\\\/tosyada-sap-hastaligi-nedeniyle-hayvan-pazari-kapatildi\\\/\"]}]},{\"@type\":\"ImageObject\",\"inLanguage\":\"tr\",\"@id\":\"https:\\\/\\\/tosyagazetesi.com\\\/index.php\\\/2025\\\/05\\\/16\\\/tosyada-sap-hastaligi-nedeniyle-hayvan-pazari-kapatildi\\\/#primaryimage\",\"url\":\"https:\\\/\\\/tosyagazetesi.com\\\/wp-content\\\/uploads\\\/2025\\\/01\\\/Tosyada-Canli-Hayvan-Pazari-Tedbir-Amacli-Kapatildi.jpg\",\"contentUrl\":\"https:\\\/\\\/tosyagazetesi.com\\\/wp-content\\\/uploads\\\/2025\\\/01\\\/Tosyada-Canli-Hayvan-Pazari-Tedbir-Amacli-Kapatildi.jpg\",\"width\":900,\"height\":500},{\"@type\":\"BreadcrumbList\",\"@id\":\"https:\\\/\\\/tosyagazetesi.com\\\/index.php\\\/2025\\\/05\\\/16\\\/tosyada-sap-hastaligi-nedeniyle-hayvan-pazari-kapatildi\\\/#breadcrumb\",\"itemListElement\":[{\"@type\":\"ListItem\",\"position\":1,\"name\":\"Anasayfa\",\"item\":\"https:\\\/\\\/tosyagazetesi.com\\\/\"},{\"@type\":\"ListItem\",\"position\":2,\"name\":\"Tosya\u2019da \u015eap Hastal\u0131\u011f\u0131 Nedeniyle Hayvan Pazar\u0131 Kapat\u0131ld\u0131\"}]},{\"@type\":\"WebSite\",\"@id\":\"https:\\\/\\\/tosyagazetesi.com\\\/#website\",\"url\":\"https:\\\/\\\/tosyagazetesi.com\\\/\",\"name\":\"\",\"description\":\"\",\"potentialAction\":[{\"@type\":\"SearchAction\",\"target\":{\"@type\":\"EntryPoint\",\"urlTemplate\":\"https:\\\/\\\/tosyagazetesi.com\\\/?s={search_term_string}\"},\"query-input\":{\"@type\":\"PropertyValueSpecification\",\"valueRequired\":true,\"valueName\":\"search_term_string\"}}],\"inLanguage\":\"tr\"},{\"@type\":\"Person\",\"@id\":\"https:\\\/\\\/tosyagazetesi.com\\\/#\\\/schema\\\/person\\\/9a1b0f7e1b008c6cede8cdbd5500a206\",\"name\":\"admin\",\"image\":{\"@type\":\"ImageObject\",\"inLanguage\":\"tr\",\"@id\":\"https:\\\/\\\/secure.gravatar.com\\\/avatar\\\/a3b9c4457143f713b454772cdba280ff47106c991ba15f91e94e0aabe3c83824?s=96&d=mm&r=g\",\"url\":\"https:\\\/\\\/secure.gravatar.com\\\/avatar\\\/a3b9c4457143f713b454772cdba280ff47106c991ba15f91e94e0aabe3c83824?s=96&d=mm&r=g\",\"contentUrl\":\"https:\\\/\\\/secure.gravatar.com\\\/avatar\\\/a3b9c4457143f713b454772cdba280ff47106c991ba15f91e94e0aabe3c83824?s=96&d=mm&r=g\",\"caption\":\"admin\"},\"sameAs\":[\"https:\\\/\\\/tosyagazetesi.com\"],\"url\":\"https:\\\/\\\/tosyagazetesi.com\\\/index.php\\\/author\\\/admin_mznznzn4\\\/\"}]}<\/script>\n<!-- \/ Yoast SEO plugin. -->","yoast_head_json":{"title":"Tosya\u2019da \u015eap Hastal\u0131\u011f\u0131 Nedeniyle Hayvan Pazar\u0131 Kapat\u0131ld\u0131 -","robots":{"index":"index","follow":"follow","max-snippet":"max-snippet:-1","max-image-preview":"max-image-preview:large","max-video-preview":"max-video-preview:-1"},"canonical":"https:\/\/tosyagazetesi.com\/index.php\/2025\/05\/16\/tosyada-sap-hastaligi-nedeniyle-hayvan-pazari-kapatildi\/","og_locale":"tr_TR","og_type":"article","og_title":"Tosya\u2019da \u015eap Hastal\u0131\u011f\u0131 Nedeniyle Hayvan Pazar\u0131 Kapat\u0131ld\u0131 -","og_description":"Kastamonu\u2019nun Tosya il\u00e7esinde, \u015fap hastal\u0131\u011f\u0131 nedeniyle canl\u0131 hayvan pazar\u0131 kapat\u0131ld\u0131. Tosya \u0130l\u00e7e Tar\u0131m ve Orman M\u00fcd\u00fcrl\u00fc\u011f\u00fc taraf\u0131ndan yap\u0131lan a\u00e7\u0131klamada \u015funlara yer verildi : &nbsp;\u201cil\u00e7enin Bah\u00e7elievler mahallesinde bir yeti\u015ftiricinin i\u015fletmesinde hastal\u0131k&hellip;","og_url":"https:\/\/tosyagazetesi.com\/index.php\/2025\/05\/16\/tosyada-sap-hastaligi-nedeniyle-hayvan-pazari-kapatildi\/","article_published_time":"2025-05-16T05:31:11+00:00","article_modified_time":"2025-05-16T05:31:13+00:00","og_image":[{"width":900,"height":500,"url":"https:\/\/tosyagazetesi.com\/wp-content\/uploads\/2025\/01\/Tosyada-Canli-Hayvan-Pazari-Tedbir-Amacli-Kapatildi.jpg","type":"image\/jpeg"}],"author":"admin","twitter_card":"summary_large_image","twitter_misc":{"Yazan:":"admin","Tahmini okuma s\u00fcresi":"2 dakika"},"schema":{"@context":"https:\/\/schema.org","@graph":[{"@type":"Article","@id":"https:\/\/tosyagazetesi.com\/index.php\/2025\/05\/16\/tosyada-sap-hastaligi-nedeniyle-hayvan-pazari-kapatildi\/#article","isPartOf":{"@id":"https:\/\/tosyagazetesi.com\/index.php\/2025\/05\/16\/tosyada-sap-hastaligi-nedeniyle-hayvan-pazari-kapatildi\/"},"author":{"name":"admin","@id":"https:\/\/tosyagazetesi.com\/#\/schema\/person\/9a1b0f7e1b008c6cede8cdbd5500a206"},"headline":"Tosya\u2019da \u015eap Hastal\u0131\u011f\u0131 Nedeniyle Hayvan Pazar\u0131 Kapat\u0131ld\u0131","datePublished":"2025-05-16T05:31:11+00:00","dateModified":"2025-05-16T05:31:13+00:00","mainEntityOfPage":{"@id":"https:\/\/tosyagazetesi.com\/index.php\/2025\/05\/16\/tosyada-sap-hastaligi-nedeniyle-hayvan-pazari-kapatildi\/"},"wordCount":164,"commentCount":0,"image":{"@id":"https:\/\/tosyagazetesi.com\/index.php\/2025\/05\/16\/tosyada-sap-hastaligi-nedeniyle-hayvan-pazari-kapatildi\/#primaryimage"},"thumbnailUrl":"https:\/\/tosyagazetesi.com\/wp-content\/uploads\/2025\/01\/Tosyada-Canli-Hayvan-Pazari-Tedbir-Amacli-Kapatildi.jpg","articleSection":["Video Galeri"],"inLanguage":"tr","potentialAction":[{"@type":"CommentAction","name":"Comment","target":["https:\/\/tosyagazetesi.com\/index.php\/2025\/05\/16\/tosyada-sap-hastaligi-nedeniyle-hayvan-pazari-kapatildi\/#respond"]}]},{"@type":"WebPage","@id":"https:\/\/tosyagazetesi.com\/index.php\/2025\/05\/16\/tosyada-sap-hastaligi-nedeniyle-hayvan-pazari-kapatildi\/","url":"https:\/\/tosyagazetesi.com\/index.php\/2025\/05\/16\/tosyada-sap-hastaligi-nedeniyle-hayvan-pazari-kapatildi\/","name":"Tosya\u2019da \u015eap Hastal\u0131\u011f\u0131 Nedeniyle Hayvan Pazar\u0131 Kapat\u0131ld\u0131 -","isPartOf":{"@id":"https:\/\/tosyagazetesi.com\/#website"},"primaryImageOfPage":{"@id":"https:\/\/tosyagazetesi.com\/index.php\/2025\/05\/16\/tosyada-sap-hastaligi-nedeniyle-hayvan-pazari-kapatildi\/#primaryimage"},"image":{"@id":"https:\/\/tosyagazetesi.com\/index.php\/2025\/05\/16\/tosyada-sap-hastaligi-nedeniyle-hayvan-pazari-kapatildi\/#primaryimage"},"thumbnailUrl":"https:\/\/tosyagazetesi.com\/wp-content\/uploads\/2025\/01\/Tosyada-Canli-Hayvan-Pazari-Tedbir-Amacli-Kapatildi.jpg","datePublished":"2025-05-16T05:31:11+00:00","dateModified":"2025-05-16T05:31:13+00:00","author":{"@id":"https:\/\/tosyagazetesi.com\/#\/schema\/person\/9a1b0f7e1b008c6cede8cdbd5500a206"},"breadcrumb":{"@id":"https:\/\/tosyagazetesi.com\/index.php\/2025\/05\/16\/tosyada-sap-hastaligi-nedeniyle-hayvan-pazari-kapatildi\/#breadcrumb"},"inLanguage":"tr","potentialAction":[{"@type":"ReadAction","target":["https:\/\/tosyagazetesi.com\/index.php\/2025\/05\/16\/tosyada-sap-hastaligi-nedeniyle-hayvan-pazari-kapatildi\/"]}]},{"@type":"ImageObject","inLanguage":"tr","@id":"https:\/\/tosyagazetesi.com\/index.php\/2025\/05\/16\/tosyada-sap-hastaligi-nedeniyle-hayvan-pazari-kapatildi\/#primaryimage","url":"https:\/\/tosyagazetesi.com\/wp-content\/uploads\/2025\/01\/Tosyada-Canli-Hayvan-Pazari-Tedbir-Amacli-Kapatildi.jpg","contentUrl":"https:\/\/tosyagazetesi.com\/wp-content\/uploads\/2025\/01\/Tosyada-Canli-Hayvan-Pazari-Tedbir-Amacli-Kapatildi.jpg","width":900,"height":500},{"@type":"BreadcrumbList","@id":"https:\/\/tosyagazetesi.com\/index.php\/2025\/05\/16\/tosyada-sap-hastaligi-nedeniyle-hayvan-pazari-kapatildi\/#breadcrumb","itemListElement":[{"@type":"ListItem","position":1,"name":"Anasayfa","item":"https:\/\/tosyagazetesi.com\/"},{"@type":"ListItem","position":2,"name":"Tosya\u2019da \u015eap Hastal\u0131\u011f\u0131 Nedeniyle Hayvan Pazar\u0131 Kapat\u0131ld\u0131"}]},{"@type":"WebSite","@id":"https:\/\/tosyagazetesi.com\/#website","url":"https:\/\/tosyagazetesi.com\/","name":"","description":"","potentialAction":[{"@type":"SearchAction","target":{"@type":"EntryPoint","urlTemplate":"https:\/\/tosyagazetesi.com\/?s={search_term_string}"},"query-input":{"@type":"PropertyValueSpecification","valueRequired":true,"valueName":"search_term_string"}}],"inLanguage":"tr"},{"@type":"Person","@id":"https:\/\/tosyagazetesi.com\/#\/schema\/person\/9a1b0f7e1b008c6cede8cdbd5500a206","name":"admin","image":{"@type":"ImageObject","inLanguage":"tr","@id":"https:\/\/secure.gravatar.com\/avatar\/a3b9c4457143f713b454772cdba280ff47106c991ba15f91e94e0aabe3c83824?s=96&d=mm&r=g","url":"https:\/\/secure.gravatar.com\/avatar\/a3b9c4457143f713b454772cdba280ff47106c991ba15f91e94e0aabe3c83824?s=96&d=mm&r=g","contentUrl":"https:\/\/secure.gravatar.com\/avatar\/a3b9c4457143f713b454772cdba280ff47106c991ba15f91e94e0aabe3c83824?s=96&d=mm&r=g","caption":"admin"},"sameAs":["https:\/\/tosyagazetesi.com"],"url":"https:\/\/tosyagazetesi.com\/index.php\/author\/admin_mznznzn4\/"}]}},"views":790,"jetpack_publicize_connections":[],"_links":{"self":[{"href":"https:\/\/tosyagazetesi.com\/index.php\/wp-json\/wp\/v2\/posts\/1877","targetHints":{"allow":["GET"]}}],"collection":[{"href":"https:\/\/tosyagazetesi.com\/index.php\/wp-json\/wp\/v2\/posts"}],"about":[{"href":"https:\/\/tosyagazetesi.com\/index.php\/wp-json\/wp\/v2\/types\/post"}],"author":[{"embeddable":true,"href":"https:\/\/tosyagazetesi.com\/index.php\/wp-json\/wp\/v2\/users\/1"}],"replies":[{"embeddable":true,"href":"https:\/\/tosyagazetesi.com\/index.php\/wp-json\/wp\/v2\/comments?post=1877"}],"version-history":[{"count":1,"href":"https:\/\/tosyagazetesi.com\/index.php\/wp-json\/wp\/v2\/posts\/1877\/revisions"}],"predecessor-version":[{"id":1878,"href":"https:\/\/tosyagazetesi.com\/index.php\/wp-json\/wp\/v2\/posts\/1877\/revisions\/1878"}],"wp:featuredmedia":[{"embeddable":true,"href":"https:\/\/tosyagazetesi.com\/index.php\/wp-json\/wp\/v2\/media\/1422"}],"wp:attachment":[{"href":"https:\/\/tosyagazetesi.com\/index.php\/wp-json\/wp\/v2\/media?parent=1877"}],"wp:term":[{"taxonomy":"category","embeddable":true,"href":"https:\/\/tosyagazetesi.com\/index.php\/wp-json\/wp\/v2\/categories?post=1877"},{"taxonomy":"post_tag","embeddable":true,"href":"https:\/\/tosyagazetesi.com\/index.php\/wp-json\/wp\/v2\/tags?post=1877"}],"curies":[{"name":"wp","href":"https:\/\/api.w.org\/{rel}","templated":true}]}}