{"id":1864,"date":"2025-05-15T12:08:11","date_gmt":"2025-05-15T12:08:11","guid":{"rendered":"https:\/\/tosyagazetesi.com\/?p=1864"},"modified":"2025-05-15T12:08:16","modified_gmt":"2025-05-15T12:08:16","slug":"tosyada-celenk-sunma-toreni-ve-kortej-yuruyusu-duzenlendi","status":"publish","type":"post","link":"https:\/\/tosyagazetesi.com\/index.php\/2025\/05\/15\/tosyada-celenk-sunma-toreni-ve-kortej-yuruyusu-duzenlendi\/","title":{"rendered":"Tosya\u2019da \u00c7elenk Sunma T\u00f6reni Ve Kortej Y\u00fcr\u00fcy\u00fc\u015f\u00fc D\u00fczenlendi."},"content":{"rendered":"\n<p>Kastamonu\u2019nun Tosya il\u00e7esinde, 19 May\u0131s Atat\u00fcrk&#8217;\u00fc Anma, Gen\u00e7lik ve Spor Bayram\u0131 kutlamalar\u0131 kapsam\u0131nda \u00e7elenk sunma t\u00f6reni ve kortej y\u00fcr\u00fcy\u00fc\u015f\u00fc d\u00fczenlendi.<\/p>\n\n\n\n<p>Cumhuriyet Meydan\u0131&#8217;nda d\u00fczenlenen t\u00f6rende, Tosya Gen\u00e7lik Hizmetleri ve Spor \u0130l\u00e7e M\u00fcd\u00fcr\u00fc \u0130smail Kesgin taraf\u0131ndan Atat\u00fcrk An\u0131t\u0131&#8217;na \u00e7elenk sunuldu.<\/p>\n\n\n\n<p>Sayg\u0131 duru\u015funda bulunulmas\u0131 ve \u0130stiklal Mar\u015f\u0131&#8217;n\u0131n okunmas\u0131n\u0131n ard\u0131ndan \u00e7elenk sunma t\u00f6reni sona erdi.<\/p>\n\n\n\n<p>T\u00f6rene, Tosya \u0130l\u00e7e Milli E\u011fitim M\u00fcd\u00fcr\u00fc Mehdi To\u011frul, Tosya Gen\u00e7lik Merkezi M\u00fcd\u00fcr\u00fc Ayd\u0131n Yerli, protokol \u00fcyeleri, \u00f6\u011frenciler ve vatanda\u015flar kat\u0131ld\u0131.<\/p>\n\n\n\n<p>\u00c7elenk sunma t\u00f6reninin ard\u0131ndan, kortej y\u00fcr\u00fcy\u00fc\u015f\u00fc d\u00fczenlendi.<\/p>\n\n\n\n<figure class=\"wp-block-gallery has-nested-images columns-1 is-cropped wp-block-gallery-1 is-layout-flex wp-block-gallery-is-layout-flex\">\n<figure class=\"wp-block-image size-large\"><img loading=\"lazy\" decoding=\"async\" width=\"800\" height=\"533\" data-id=\"1866\" src=\"https:\/\/tosyagazetesi.com\/wp-content\/uploads\/2025\/05\/IMG_2568.jpg\" alt=\"\" class=\"wp-image-1866\" srcset=\"https:\/\/tosyagazetesi.com\/wp-content\/uploads\/2025\/05\/IMG_2568.jpg 800w, https:\/\/tosyagazetesi.com\/wp-content\/uploads\/2025\/05\/IMG_2568-300x200.jpg 300w, https:\/\/tosyagazetesi.com\/wp-content\/uploads\/2025\/05\/IMG_2568-768x512.jpg 768w\" sizes=\"auto, (max-width: 800px) 100vw, 800px\" \/><\/figure>\n\n\n\n<figure class=\"wp-block-image size-large\"><img loading=\"lazy\" decoding=\"async\" width=\"800\" height=\"533\" data-id=\"1868\" src=\"https:\/\/tosyagazetesi.com\/wp-content\/uploads\/2025\/05\/IMG_2569.jpg\" alt=\"\" class=\"wp-image-1868\" srcset=\"https:\/\/tosyagazetesi.com\/wp-content\/uploads\/2025\/05\/IMG_2569.jpg 800w, https:\/\/tosyagazetesi.com\/wp-content\/uploads\/2025\/05\/IMG_2569-300x200.jpg 300w, https:\/\/tosyagazetesi.com\/wp-content\/uploads\/2025\/05\/IMG_2569-768x512.jpg 768w\" sizes=\"auto, (max-width: 800px) 100vw, 800px\" \/><\/figure>\n\n\n\n<figure class=\"wp-block-image size-large\"><img loading=\"lazy\" decoding=\"async\" width=\"800\" height=\"533\" data-id=\"1865\" src=\"https:\/\/tosyagazetesi.com\/wp-content\/uploads\/2025\/05\/IMG_2575.jpg\" alt=\"\" class=\"wp-image-1865\" srcset=\"https:\/\/tosyagazetesi.com\/wp-content\/uploads\/2025\/05\/IMG_2575.jpg 800w, https:\/\/tosyagazetesi.com\/wp-content\/uploads\/2025\/05\/IMG_2575-300x200.jpg 300w, https:\/\/tosyagazetesi.com\/wp-content\/uploads\/2025\/05\/IMG_2575-768x512.jpg 768w\" sizes=\"auto, (max-width: 800px) 100vw, 800px\" \/><\/figure>\n\n\n\n<figure class=\"wp-block-image size-large\"><img loading=\"lazy\" decoding=\"async\" width=\"800\" height=\"533\" data-id=\"1870\" src=\"https:\/\/tosyagazetesi.com\/wp-content\/uploads\/2025\/05\/IMG_2578.jpg\" alt=\"\" class=\"wp-image-1870\" srcset=\"https:\/\/tosyagazetesi.com\/wp-content\/uploads\/2025\/05\/IMG_2578.jpg 800w, https:\/\/tosyagazetesi.com\/wp-content\/uploads\/2025\/05\/IMG_2578-300x200.jpg 300w, https:\/\/tosyagazetesi.com\/wp-content\/uploads\/2025\/05\/IMG_2578-768x512.jpg 768w\" sizes=\"auto, (max-width: 800px) 100vw, 800px\" \/><\/figure>\n\n\n\n<figure class=\"wp-block-image size-large\"><img loading=\"lazy\" decoding=\"async\" width=\"800\" height=\"533\" data-id=\"1869\" src=\"https:\/\/tosyagazetesi.com\/wp-content\/uploads\/2025\/05\/IMG_2581.jpg\" alt=\"\" class=\"wp-image-1869\" srcset=\"https:\/\/tosyagazetesi.com\/wp-content\/uploads\/2025\/05\/IMG_2581.jpg 800w, https:\/\/tosyagazetesi.com\/wp-content\/uploads\/2025\/05\/IMG_2581-300x200.jpg 300w, https:\/\/tosyagazetesi.com\/wp-content\/uploads\/2025\/05\/IMG_2581-768x512.jpg 768w\" sizes=\"auto, (max-width: 800px) 100vw, 800px\" \/><\/figure>\n\n\n\n<figure class=\"wp-block-image size-large\"><img loading=\"lazy\" decoding=\"async\" width=\"800\" height=\"533\" data-id=\"1867\" src=\"https:\/\/tosyagazetesi.com\/wp-content\/uploads\/2025\/05\/IMG_2588.jpg\" alt=\"\" class=\"wp-image-1867\" srcset=\"https:\/\/tosyagazetesi.com\/wp-content\/uploads\/2025\/05\/IMG_2588.jpg 800w, https:\/\/tosyagazetesi.com\/wp-content\/uploads\/2025\/05\/IMG_2588-300x200.jpg 300w, https:\/\/tosyagazetesi.com\/wp-content\/uploads\/2025\/05\/IMG_2588-768x512.jpg 768w\" sizes=\"auto, (max-width: 800px) 100vw, 800px\" \/><\/figure>\n<\/figure>\n","protected":false},"excerpt":{"rendered":"<p>Kastamonu\u2019nun Tosya il\u00e7esinde, 19 May\u0131s Atat\u00fcrk&#8217;\u00fc Anma, Gen\u00e7lik ve Spor Bayram\u0131 kutlamalar\u0131 kapsam\u0131nda \u00e7elenk sunma t\u00f6reni ve kortej y\u00fcr\u00fcy\u00fc\u015f\u00fc d\u00fczenlendi. Cumhuriyet Meydan\u0131&#8217;nda d\u00fczenlenen t\u00f6rende, Tosya Gen\u00e7lik Hizmetleri ve Spor \u0130l\u00e7e&hellip; <\/p>\n","protected":false},"author":1,"featured_media":1871,"comment_status":"open","ping_status":"open","sticky":false,"template":"","format":"standard","meta":{"_joinchat":[],"footnotes":"","jetpack_publicize_message":"","jetpack_publicize_feature_enabled":true,"jetpack_social_post_already_shared":false,"jetpack_social_options":{"image_generator_settings":{"template":"highway","default_image_id":0,"font":"","enabled":false},"version":2}},"categories":[3],"tags":[],"class_list":["post-1864","post","type-post","status-publish","format-standard","has-post-thumbnail","hentry","category-tosya-gazetesi"],"yoast_head":"<!-- This site is optimized with the Yoast SEO plugin v27.5 - https:\/\/yoast.com\/product\/yoast-seo-wordpress\/ -->\n<title>Tosya\u2019da \u00c7elenk Sunma T\u00f6reni Ve Kortej Y\u00fcr\u00fcy\u00fc\u015f\u00fc D\u00fczenlendi. -<\/title>\n<meta name=\"robots\" content=\"index, follow, max-snippet:-1, max-image-preview:large, max-video-preview:-1\" \/>\n<link rel=\"canonical\" href=\"https:\/\/tosyagazetesi.com\/index.php\/2025\/05\/15\/tosyada-celenk-sunma-toreni-ve-kortej-yuruyusu-duzenlendi\/\" \/>\n<meta property=\"og:locale\" content=\"tr_TR\" \/>\n<meta property=\"og:type\" content=\"article\" \/>\n<meta property=\"og:title\" content=\"Tosya\u2019da \u00c7elenk Sunma T\u00f6reni Ve Kortej Y\u00fcr\u00fcy\u00fc\u015f\u00fc D\u00fczenlendi. -\" \/>\n<meta property=\"og:description\" content=\"Kastamonu\u2019nun Tosya il\u00e7esinde, 19 May\u0131s Atat\u00fcrk&#8217;\u00fc Anma, Gen\u00e7lik ve Spor Bayram\u0131 kutlamalar\u0131 kapsam\u0131nda \u00e7elenk sunma t\u00f6reni ve kortej y\u00fcr\u00fcy\u00fc\u015f\u00fc d\u00fczenlendi. Cumhuriyet Meydan\u0131&#8217;nda d\u00fczenlenen t\u00f6rende, Tosya Gen\u00e7lik Hizmetleri ve Spor \u0130l\u00e7e&hellip;\" \/>\n<meta property=\"og:url\" content=\"https:\/\/tosyagazetesi.com\/index.php\/2025\/05\/15\/tosyada-celenk-sunma-toreni-ve-kortej-yuruyusu-duzenlendi\/\" \/>\n<meta property=\"article:published_time\" content=\"2025-05-15T12:08:11+00:00\" \/>\n<meta property=\"article:modified_time\" content=\"2025-05-15T12:08:16+00:00\" \/>\n<meta property=\"og:image\" content=\"https:\/\/tosyagazetesi.com\/wp-content\/uploads\/2025\/05\/Tosyada-Celenk-Sunma-Toreni-Ve-Kortej-Yuruyusu-Duzenlendi.jpg\" \/>\n\t<meta property=\"og:image:width\" content=\"900\" \/>\n\t<meta property=\"og:image:height\" content=\"500\" \/>\n\t<meta property=\"og:image:type\" content=\"image\/jpeg\" \/>\n<meta name=\"author\" content=\"admin\" \/>\n<meta name=\"twitter:card\" content=\"summary_large_image\" \/>\n<meta name=\"twitter:label1\" content=\"Yazan:\" \/>\n\t<meta name=\"twitter:data1\" content=\"admin\" \/>\n\t<meta name=\"twitter:label2\" content=\"Tahmini okuma s\u00fcresi\" \/>\n\t<meta name=\"twitter:data2\" content=\"2 dakika\" \/>\n<script type=\"application\/ld+json\" class=\"yoast-schema-graph\">{\"@context\":\"https:\\\/\\\/schema.org\",\"@graph\":[{\"@type\":\"Article\",\"@id\":\"https:\\\/\\\/tosyagazetesi.com\\\/index.php\\\/2025\\\/05\\\/15\\\/tosyada-celenk-sunma-toreni-ve-kortej-yuruyusu-duzenlendi\\\/#article\",\"isPartOf\":{\"@id\":\"https:\\\/\\\/tosyagazetesi.com\\\/index.php\\\/2025\\\/05\\\/15\\\/tosyada-celenk-sunma-toreni-ve-kortej-yuruyusu-duzenlendi\\\/\"},\"author\":{\"name\":\"admin\",\"@id\":\"https:\\\/\\\/tosyagazetesi.com\\\/#\\\/schema\\\/person\\\/9a1b0f7e1b008c6cede8cdbd5500a206\"},\"headline\":\"Tosya\u2019da \u00c7elenk Sunma T\u00f6reni Ve Kortej Y\u00fcr\u00fcy\u00fc\u015f\u00fc D\u00fczenlendi.\",\"datePublished\":\"2025-05-15T12:08:11+00:00\",\"dateModified\":\"2025-05-15T12:08:16+00:00\",\"mainEntityOfPage\":{\"@id\":\"https:\\\/\\\/tosyagazetesi.com\\\/index.php\\\/2025\\\/05\\\/15\\\/tosyada-celenk-sunma-toreni-ve-kortej-yuruyusu-duzenlendi\\\/\"},\"wordCount\":135,\"commentCount\":0,\"image\":{\"@id\":\"https:\\\/\\\/tosyagazetesi.com\\\/index.php\\\/2025\\\/05\\\/15\\\/tosyada-celenk-sunma-toreni-ve-kortej-yuruyusu-duzenlendi\\\/#primaryimage\"},\"thumbnailUrl\":\"https:\\\/\\\/tosyagazetesi.com\\\/wp-content\\\/uploads\\\/2025\\\/05\\\/Tosyada-Celenk-Sunma-Toreni-Ve-Kortej-Yuruyusu-Duzenlendi.jpg\",\"articleSection\":[\"Tosya Gazetesi\"],\"inLanguage\":\"tr\",\"potentialAction\":[{\"@type\":\"CommentAction\",\"name\":\"Comment\",\"target\":[\"https:\\\/\\\/tosyagazetesi.com\\\/index.php\\\/2025\\\/05\\\/15\\\/tosyada-celenk-sunma-toreni-ve-kortej-yuruyusu-duzenlendi\\\/#respond\"]}]},{\"@type\":\"WebPage\",\"@id\":\"https:\\\/\\\/tosyagazetesi.com\\\/index.php\\\/2025\\\/05\\\/15\\\/tosyada-celenk-sunma-toreni-ve-kortej-yuruyusu-duzenlendi\\\/\",\"url\":\"https:\\\/\\\/tosyagazetesi.com\\\/index.php\\\/2025\\\/05\\\/15\\\/tosyada-celenk-sunma-toreni-ve-kortej-yuruyusu-duzenlendi\\\/\",\"name\":\"Tosya\u2019da \u00c7elenk Sunma T\u00f6reni Ve Kortej Y\u00fcr\u00fcy\u00fc\u015f\u00fc D\u00fczenlendi. -\",\"isPartOf\":{\"@id\":\"https:\\\/\\\/tosyagazetesi.com\\\/#website\"},\"primaryImageOfPage\":{\"@id\":\"https:\\\/\\\/tosyagazetesi.com\\\/index.php\\\/2025\\\/05\\\/15\\\/tosyada-celenk-sunma-toreni-ve-kortej-yuruyusu-duzenlendi\\\/#primaryimage\"},\"image\":{\"@id\":\"https:\\\/\\\/tosyagazetesi.com\\\/index.php\\\/2025\\\/05\\\/15\\\/tosyada-celenk-sunma-toreni-ve-kortej-yuruyusu-duzenlendi\\\/#primaryimage\"},\"thumbnailUrl\":\"https:\\\/\\\/tosyagazetesi.com\\\/wp-content\\\/uploads\\\/2025\\\/05\\\/Tosyada-Celenk-Sunma-Toreni-Ve-Kortej-Yuruyusu-Duzenlendi.jpg\",\"datePublished\":\"2025-05-15T12:08:11+00:00\",\"dateModified\":\"2025-05-15T12:08:16+00:00\",\"author\":{\"@id\":\"https:\\\/\\\/tosyagazetesi.com\\\/#\\\/schema\\\/person\\\/9a1b0f7e1b008c6cede8cdbd5500a206\"},\"breadcrumb\":{\"@id\":\"https:\\\/\\\/tosyagazetesi.com\\\/index.php\\\/2025\\\/05\\\/15\\\/tosyada-celenk-sunma-toreni-ve-kortej-yuruyusu-duzenlendi\\\/#breadcrumb\"},\"inLanguage\":\"tr\",\"potentialAction\":[{\"@type\":\"ReadAction\",\"target\":[\"https:\\\/\\\/tosyagazetesi.com\\\/index.php\\\/2025\\\/05\\\/15\\\/tosyada-celenk-sunma-toreni-ve-kortej-yuruyusu-duzenlendi\\\/\"]}]},{\"@type\":\"ImageObject\",\"inLanguage\":\"tr\",\"@id\":\"https:\\\/\\\/tosyagazetesi.com\\\/index.php\\\/2025\\\/05\\\/15\\\/tosyada-celenk-sunma-toreni-ve-kortej-yuruyusu-duzenlendi\\\/#primaryimage\",\"url\":\"https:\\\/\\\/tosyagazetesi.com\\\/wp-content\\\/uploads\\\/2025\\\/05\\\/Tosyada-Celenk-Sunma-Toreni-Ve-Kortej-Yuruyusu-Duzenlendi.jpg\",\"contentUrl\":\"https:\\\/\\\/tosyagazetesi.com\\\/wp-content\\\/uploads\\\/2025\\\/05\\\/Tosyada-Celenk-Sunma-Toreni-Ve-Kortej-Yuruyusu-Duzenlendi.jpg\",\"width\":900,\"height\":500},{\"@type\":\"BreadcrumbList\",\"@id\":\"https:\\\/\\\/tosyagazetesi.com\\\/index.php\\\/2025\\\/05\\\/15\\\/tosyada-celenk-sunma-toreni-ve-kortej-yuruyusu-duzenlendi\\\/#breadcrumb\",\"itemListElement\":[{\"@type\":\"ListItem\",\"position\":1,\"name\":\"Anasayfa\",\"item\":\"https:\\\/\\\/tosyagazetesi.com\\\/\"},{\"@type\":\"ListItem\",\"position\":2,\"name\":\"Tosya\u2019da \u00c7elenk Sunma T\u00f6reni Ve Kortej Y\u00fcr\u00fcy\u00fc\u015f\u00fc D\u00fczenlendi.\"}]},{\"@type\":\"WebSite\",\"@id\":\"https:\\\/\\\/tosyagazetesi.com\\\/#website\",\"url\":\"https:\\\/\\\/tosyagazetesi.com\\\/\",\"name\":\"\",\"description\":\"\",\"potentialAction\":[{\"@type\":\"SearchAction\",\"target\":{\"@type\":\"EntryPoint\",\"urlTemplate\":\"https:\\\/\\\/tosyagazetesi.com\\\/?s={search_term_string}\"},\"query-input\":{\"@type\":\"PropertyValueSpecification\",\"valueRequired\":true,\"valueName\":\"search_term_string\"}}],\"inLanguage\":\"tr\"},{\"@type\":\"Person\",\"@id\":\"https:\\\/\\\/tosyagazetesi.com\\\/#\\\/schema\\\/person\\\/9a1b0f7e1b008c6cede8cdbd5500a206\",\"name\":\"admin\",\"image\":{\"@type\":\"ImageObject\",\"inLanguage\":\"tr\",\"@id\":\"https:\\\/\\\/secure.gravatar.com\\\/avatar\\\/a3b9c4457143f713b454772cdba280ff47106c991ba15f91e94e0aabe3c83824?s=96&d=mm&r=g\",\"url\":\"https:\\\/\\\/secure.gravatar.com\\\/avatar\\\/a3b9c4457143f713b454772cdba280ff47106c991ba15f91e94e0aabe3c83824?s=96&d=mm&r=g\",\"contentUrl\":\"https:\\\/\\\/secure.gravatar.com\\\/avatar\\\/a3b9c4457143f713b454772cdba280ff47106c991ba15f91e94e0aabe3c83824?s=96&d=mm&r=g\",\"caption\":\"admin\"},\"sameAs\":[\"https:\\\/\\\/tosyagazetesi.com\"],\"url\":\"https:\\\/\\\/tosyagazetesi.com\\\/index.php\\\/author\\\/admin_mznznzn4\\\/\"}]}<\/script>\n<!-- \/ Yoast SEO plugin. -->","yoast_head_json":{"title":"Tosya\u2019da \u00c7elenk Sunma T\u00f6reni Ve Kortej Y\u00fcr\u00fcy\u00fc\u015f\u00fc D\u00fczenlendi. -","robots":{"index":"index","follow":"follow","max-snippet":"max-snippet:-1","max-image-preview":"max-image-preview:large","max-video-preview":"max-video-preview:-1"},"canonical":"https:\/\/tosyagazetesi.com\/index.php\/2025\/05\/15\/tosyada-celenk-sunma-toreni-ve-kortej-yuruyusu-duzenlendi\/","og_locale":"tr_TR","og_type":"article","og_title":"Tosya\u2019da \u00c7elenk Sunma T\u00f6reni Ve Kortej Y\u00fcr\u00fcy\u00fc\u015f\u00fc D\u00fczenlendi. -","og_description":"Kastamonu\u2019nun Tosya il\u00e7esinde, 19 May\u0131s Atat\u00fcrk&#8217;\u00fc Anma, Gen\u00e7lik ve Spor Bayram\u0131 kutlamalar\u0131 kapsam\u0131nda \u00e7elenk sunma t\u00f6reni ve kortej y\u00fcr\u00fcy\u00fc\u015f\u00fc d\u00fczenlendi. Cumhuriyet Meydan\u0131&#8217;nda d\u00fczenlenen t\u00f6rende, Tosya Gen\u00e7lik Hizmetleri ve Spor \u0130l\u00e7e&hellip;","og_url":"https:\/\/tosyagazetesi.com\/index.php\/2025\/05\/15\/tosyada-celenk-sunma-toreni-ve-kortej-yuruyusu-duzenlendi\/","article_published_time":"2025-05-15T12:08:11+00:00","article_modified_time":"2025-05-15T12:08:16+00:00","og_image":[{"width":900,"height":500,"url":"https:\/\/tosyagazetesi.com\/wp-content\/uploads\/2025\/05\/Tosyada-Celenk-Sunma-Toreni-Ve-Kortej-Yuruyusu-Duzenlendi.jpg","type":"image\/jpeg"}],"author":"admin","twitter_card":"summary_large_image","twitter_misc":{"Yazan:":"admin","Tahmini okuma s\u00fcresi":"2 dakika"},"schema":{"@context":"https:\/\/schema.org","@graph":[{"@type":"Article","@id":"https:\/\/tosyagazetesi.com\/index.php\/2025\/05\/15\/tosyada-celenk-sunma-toreni-ve-kortej-yuruyusu-duzenlendi\/#article","isPartOf":{"@id":"https:\/\/tosyagazetesi.com\/index.php\/2025\/05\/15\/tosyada-celenk-sunma-toreni-ve-kortej-yuruyusu-duzenlendi\/"},"author":{"name":"admin","@id":"https:\/\/tosyagazetesi.com\/#\/schema\/person\/9a1b0f7e1b008c6cede8cdbd5500a206"},"headline":"Tosya\u2019da \u00c7elenk Sunma T\u00f6reni Ve Kortej Y\u00fcr\u00fcy\u00fc\u015f\u00fc D\u00fczenlendi.","datePublished":"2025-05-15T12:08:11+00:00","dateModified":"2025-05-15T12:08:16+00:00","mainEntityOfPage":{"@id":"https:\/\/tosyagazetesi.com\/index.php\/2025\/05\/15\/tosyada-celenk-sunma-toreni-ve-kortej-yuruyusu-duzenlendi\/"},"wordCount":135,"commentCount":0,"image":{"@id":"https:\/\/tosyagazetesi.com\/index.php\/2025\/05\/15\/tosyada-celenk-sunma-toreni-ve-kortej-yuruyusu-duzenlendi\/#primaryimage"},"thumbnailUrl":"https:\/\/tosyagazetesi.com\/wp-content\/uploads\/2025\/05\/Tosyada-Celenk-Sunma-Toreni-Ve-Kortej-Yuruyusu-Duzenlendi.jpg","articleSection":["Tosya Gazetesi"],"inLanguage":"tr","potentialAction":[{"@type":"CommentAction","name":"Comment","target":["https:\/\/tosyagazetesi.com\/index.php\/2025\/05\/15\/tosyada-celenk-sunma-toreni-ve-kortej-yuruyusu-duzenlendi\/#respond"]}]},{"@type":"WebPage","@id":"https:\/\/tosyagazetesi.com\/index.php\/2025\/05\/15\/tosyada-celenk-sunma-toreni-ve-kortej-yuruyusu-duzenlendi\/","url":"https:\/\/tosyagazetesi.com\/index.php\/2025\/05\/15\/tosyada-celenk-sunma-toreni-ve-kortej-yuruyusu-duzenlendi\/","name":"Tosya\u2019da \u00c7elenk Sunma T\u00f6reni Ve Kortej Y\u00fcr\u00fcy\u00fc\u015f\u00fc D\u00fczenlendi. -","isPartOf":{"@id":"https:\/\/tosyagazetesi.com\/#website"},"primaryImageOfPage":{"@id":"https:\/\/tosyagazetesi.com\/index.php\/2025\/05\/15\/tosyada-celenk-sunma-toreni-ve-kortej-yuruyusu-duzenlendi\/#primaryimage"},"image":{"@id":"https:\/\/tosyagazetesi.com\/index.php\/2025\/05\/15\/tosyada-celenk-sunma-toreni-ve-kortej-yuruyusu-duzenlendi\/#primaryimage"},"thumbnailUrl":"https:\/\/tosyagazetesi.com\/wp-content\/uploads\/2025\/05\/Tosyada-Celenk-Sunma-Toreni-Ve-Kortej-Yuruyusu-Duzenlendi.jpg","datePublished":"2025-05-15T12:08:11+00:00","dateModified":"2025-05-15T12:08:16+00:00","author":{"@id":"https:\/\/tosyagazetesi.com\/#\/schema\/person\/9a1b0f7e1b008c6cede8cdbd5500a206"},"breadcrumb":{"@id":"https:\/\/tosyagazetesi.com\/index.php\/2025\/05\/15\/tosyada-celenk-sunma-toreni-ve-kortej-yuruyusu-duzenlendi\/#breadcrumb"},"inLanguage":"tr","potentialAction":[{"@type":"ReadAction","target":["https:\/\/tosyagazetesi.com\/index.php\/2025\/05\/15\/tosyada-celenk-sunma-toreni-ve-kortej-yuruyusu-duzenlendi\/"]}]},{"@type":"ImageObject","inLanguage":"tr","@id":"https:\/\/tosyagazetesi.com\/index.php\/2025\/05\/15\/tosyada-celenk-sunma-toreni-ve-kortej-yuruyusu-duzenlendi\/#primaryimage","url":"https:\/\/tosyagazetesi.com\/wp-content\/uploads\/2025\/05\/Tosyada-Celenk-Sunma-Toreni-Ve-Kortej-Yuruyusu-Duzenlendi.jpg","contentUrl":"https:\/\/tosyagazetesi.com\/wp-content\/uploads\/2025\/05\/Tosyada-Celenk-Sunma-Toreni-Ve-Kortej-Yuruyusu-Duzenlendi.jpg","width":900,"height":500},{"@type":"BreadcrumbList","@id":"https:\/\/tosyagazetesi.com\/index.php\/2025\/05\/15\/tosyada-celenk-sunma-toreni-ve-kortej-yuruyusu-duzenlendi\/#breadcrumb","itemListElement":[{"@type":"ListItem","position":1,"name":"Anasayfa","item":"https:\/\/tosyagazetesi.com\/"},{"@type":"ListItem","position":2,"name":"Tosya\u2019da \u00c7elenk Sunma T\u00f6reni Ve Kortej Y\u00fcr\u00fcy\u00fc\u015f\u00fc D\u00fczenlendi."}]},{"@type":"WebSite","@id":"https:\/\/tosyagazetesi.com\/#website","url":"https:\/\/tosyagazetesi.com\/","name":"","description":"","potentialAction":[{"@type":"SearchAction","target":{"@type":"EntryPoint","urlTemplate":"https:\/\/tosyagazetesi.com\/?s={search_term_string}"},"query-input":{"@type":"PropertyValueSpecification","valueRequired":true,"valueName":"search_term_string"}}],"inLanguage":"tr"},{"@type":"Person","@id":"https:\/\/tosyagazetesi.com\/#\/schema\/person\/9a1b0f7e1b008c6cede8cdbd5500a206","name":"admin","image":{"@type":"ImageObject","inLanguage":"tr","@id":"https:\/\/secure.gravatar.com\/avatar\/a3b9c4457143f713b454772cdba280ff47106c991ba15f91e94e0aabe3c83824?s=96&d=mm&r=g","url":"https:\/\/secure.gravatar.com\/avatar\/a3b9c4457143f713b454772cdba280ff47106c991ba15f91e94e0aabe3c83824?s=96&d=mm&r=g","contentUrl":"https:\/\/secure.gravatar.com\/avatar\/a3b9c4457143f713b454772cdba280ff47106c991ba15f91e94e0aabe3c83824?s=96&d=mm&r=g","caption":"admin"},"sameAs":["https:\/\/tosyagazetesi.com"],"url":"https:\/\/tosyagazetesi.com\/index.php\/author\/admin_mznznzn4\/"}]}},"views":589,"jetpack_publicize_connections":[],"_links":{"self":[{"href":"https:\/\/tosyagazetesi.com\/index.php\/wp-json\/wp\/v2\/posts\/1864","targetHints":{"allow":["GET"]}}],"collection":[{"href":"https:\/\/tosyagazetesi.com\/index.php\/wp-json\/wp\/v2\/posts"}],"about":[{"href":"https:\/\/tosyagazetesi.com\/index.php\/wp-json\/wp\/v2\/types\/post"}],"author":[{"embeddable":true,"href":"https:\/\/tosyagazetesi.com\/index.php\/wp-json\/wp\/v2\/users\/1"}],"replies":[{"embeddable":true,"href":"https:\/\/tosyagazetesi.com\/index.php\/wp-json\/wp\/v2\/comments?post=1864"}],"version-history":[{"count":2,"href":"https:\/\/tosyagazetesi.com\/index.php\/wp-json\/wp\/v2\/posts\/1864\/revisions"}],"predecessor-version":[{"id":1873,"href":"https:\/\/tosyagazetesi.com\/index.php\/wp-json\/wp\/v2\/posts\/1864\/revisions\/1873"}],"wp:featuredmedia":[{"embeddable":true,"href":"https:\/\/tosyagazetesi.com\/index.php\/wp-json\/wp\/v2\/media\/1871"}],"wp:attachment":[{"href":"https:\/\/tosyagazetesi.com\/index.php\/wp-json\/wp\/v2\/media?parent=1864"}],"wp:term":[{"taxonomy":"category","embeddable":true,"href":"https:\/\/tosyagazetesi.com\/index.php\/wp-json\/wp\/v2\/categories?post=1864"},{"taxonomy":"post_tag","embeddable":true,"href":"https:\/\/tosyagazetesi.com\/index.php\/wp-json\/wp\/v2\/tags?post=1864"}],"curies":[{"name":"wp","href":"https:\/\/api.w.org\/{rel}","templated":true}]}}