{"id":185,"date":"2023-03-14T02:52:05","date_gmt":"2023-03-14T02:52:05","guid":{"rendered":"https:\/\/tosyagazetesi.com\/?p=185"},"modified":"2023-03-14T02:52:08","modified_gmt":"2023-03-14T02:52:08","slug":"is-adami-yusuf-varliktan-tosya-idmanyurdu-spor-kulubune-buyuk-destek","status":"publish","type":"post","link":"https:\/\/tosyagazetesi.com\/index.php\/2023\/03\/14\/is-adami-yusuf-varliktan-tosya-idmanyurdu-spor-kulubune-buyuk-destek\/","title":{"rendered":"\u0130\u015f Adam\u0131 Yusuf Varl\u0131k\u2019tan Tosya \u0130dmanyurdu Spor Kul\u00fcb\u00fc\u2019ne B\u00fcy\u00fck Destek"},"content":{"rendered":"\n<p>\u0130L\u00c7EM\u0130Z\u0130 2. AMAT\u00d6R L\u0130GDE TEMS\u0130L EDECEK TOSYA \u0130DMANYURDU A TAKIMINA \u0130LK DESTEK YUVA \u0130LET\u0130\u015e\u0130M \u0130N\u015eAAT LTD. \u015eT\u0130&#8217;DEN<\/p>\n\n\n\n<p>Kuruldu\u011fu g\u00fcnden bu yana alt ya\u015f gruplar\u0131nda m\u00fccadele eden Tosya \u0130dmanyurdu alt yap\u0131s\u0131ndan yeti\u015ftirdi\u011fi gen\u00e7lerle A tak\u0131m seviyesinde ilk lig heyecan\u0131n\u0131 1 Nisan&#8217;da ya\u015fayacak. Kendi sahas\u0131nda ilk ma\u00e7\u0131nda Kastamonu Y\u0131ld\u0131zlar\u0131 ekibini a\u011f\u0131rlayacak temsilcimiz kul\u00fcp tarihinde bir ilki ya\u015fayacak<\/p>\n\n\n\n<p>Burak Bu\u011fra Ataeri sorumlulu\u011funda \u00e7al\u0131\u015fmalar\u0131n\u0131 aral\u0131ks\u0131z s\u00fcrd\u00fcren Tosya \u0130dmanyurdunda gen\u00e7 oyuncular\u0131n yan\u0131nda tecr\u00fcbeli isimlerde m\u00fccadele edecek. Ekibe il\u00e7emiz esnaflar\u0131 da destek vermeye ba\u015flad\u0131. Sezon ba\u015f\u0131nda alt yap\u0131 gruplar\u0131 i\u00e7in forma sponsorlu\u011fu Zendoor Orman \u00dcr\u00fcnleri, Kocao\u011flu Mobilya ve \u00dcnal Tesislerinden gelmi\u015fti. M\u00fcteahhitlik ve telekom\u00fcnikasyon alan\u0131nda faaliyet g\u00f6steren Yuva \u0130leti\u015fim \u0130n\u015faat Ltd. \u015eti sahibi Yusuf Varl\u0131k tamam\u0131 il\u00e7e gen\u00e7lerinden olu\u015fan A tak\u0131ma jest yaparak forma sponsorlu\u011funda bulundu.<\/p>\n\n\n\n<p>Kul\u00fcp ba\u015fkan\u0131 \u0130brahim Karacan ve y\u00f6netim kurulu \u00fcyeleri forma sponsorlu\u011fu i\u00e7in te\u015fekk\u00fcr ziyaretinde bulunurken hat\u0131ra forma takdiminde bulundu. 5 tak\u0131m\u0131n yer alaca\u011f\u0131 ligde ilk iki s\u0131ray\u0131 alan tak\u0131mlar Kastamonu 1. Amat\u00f6r ligine y\u00fckselecektir. Olu\u015fan lig fikst\u00fcr\u00fc sonucunda;<\/p>\n\n\n\n<ol class=\"wp-block-list\">\n<li>Hafta: Tosya \u0130dmanyurdu &#8211; Kastamonu Y\u0131ld\u0131zlar\u0131<\/li>\n\n\n\n<li>Hafta: Han\u00f6n\u00fc Belediyespor &#8211; Tosya \u0130dmanyurdu (D)<\/li>\n\n\n\n<li>Hafta: Tosya \u0130dmanyurdu (BAY)<\/li>\n\n\n\n<li>Hafta: Tosya \u0130dmanyurdu &#8211; Azdavay 1946 SK<\/li>\n\n\n\n<li>Hafta: P\u0131narba\u015f\u0131spor &#8211; Tosya \u0130dmanyurdu (D)<\/li>\n\n\n\n<li>Hafta: Kastamonu Y\u0131ld\u0131zlar\u0131 &#8211; Tosya \u0130dmanyurdu (D)<\/li>\n\n\n\n<li>Hafta: Tosya \u0130dmanyurdu &#8211; Han\u00f6n\u00fc Belediyespor<\/li>\n\n\n\n<li>Hafta: Tosya \u0130dmanyurdu (BAY)<\/li>\n\n\n\n<li>Hafta: Azdavay 1946 SK &#8211; Tosya \u0130dmanyurdu (D)<\/li>\n\n\n\n<li>Hafta: Tosya \u0130dmanyurdu &#8211; P\u0131narba\u015f\u0131spor\n<ul class=\"wp-block-list\"><\/ul>\n<\/li>\n<\/ol>\n\n\n\n<figure class=\"wp-block-image size-full\"><img loading=\"lazy\" decoding=\"async\" width=\"900\" height=\"500\" src=\"https:\/\/tosyagazetesi.com\/wp-content\/uploads\/2023\/03\/Is-Adami-Yusuf-Varliktan-Tosya-Idmanyurdu-Spor-Kulubune-Buyuk-Destek.jpeg\" alt=\"\" class=\"wp-image-186\" srcset=\"https:\/\/tosyagazetesi.com\/wp-content\/uploads\/2023\/03\/Is-Adami-Yusuf-Varliktan-Tosya-Idmanyurdu-Spor-Kulubune-Buyuk-Destek.jpeg 900w, https:\/\/tosyagazetesi.com\/wp-content\/uploads\/2023\/03\/Is-Adami-Yusuf-Varliktan-Tosya-Idmanyurdu-Spor-Kulubune-Buyuk-Destek-300x167.jpeg 300w, https:\/\/tosyagazetesi.com\/wp-content\/uploads\/2023\/03\/Is-Adami-Yusuf-Varliktan-Tosya-Idmanyurdu-Spor-Kulubune-Buyuk-Destek-768x427.jpeg 768w\" sizes=\"auto, (max-width: 900px) 100vw, 900px\" \/><\/figure>\n","protected":false},"excerpt":{"rendered":"<p>\u0130L\u00c7EM\u0130Z\u0130 2. AMAT\u00d6R L\u0130GDE TEMS\u0130L EDECEK TOSYA \u0130DMANYURDU A TAKIMINA \u0130LK DESTEK YUVA \u0130LET\u0130\u015e\u0130M \u0130N\u015eAAT LTD. \u015eT\u0130&#8217;DEN Kuruldu\u011fu g\u00fcnden bu yana alt ya\u015f gruplar\u0131nda m\u00fccadele eden Tosya \u0130dmanyurdu alt yap\u0131s\u0131ndan&hellip; <\/p>\n","protected":false},"author":1,"featured_media":186,"comment_status":"open","ping_status":"open","sticky":false,"template":"","format":"standard","meta":{"_joinchat":[],"footnotes":"","jetpack_publicize_message":"","jetpack_publicize_feature_enabled":true,"jetpack_social_post_already_shared":false,"jetpack_social_options":{"image_generator_settings":{"template":"highway","default_image_id":0,"font":"","enabled":false},"version":2}},"categories":[3],"tags":[13],"class_list":["post-185","post","type-post","status-publish","format-standard","has-post-thumbnail","hentry","category-tosya-gazetesi","tag-is-adami-yusuf-varliktan-tosya-idmanyurdu-spor-kulubune-buyuk-destek"],"yoast_head":"<!-- This site is optimized with the Yoast SEO plugin v27.5 - https:\/\/yoast.com\/product\/yoast-seo-wordpress\/ -->\n<title>\u0130\u015f Adam\u0131 Yusuf Varl\u0131k\u2019tan Tosya \u0130dmanyurdu Spor Kul\u00fcb\u00fc\u2019ne B\u00fcy\u00fck Destek -<\/title>\n<meta name=\"robots\" content=\"index, follow, max-snippet:-1, max-image-preview:large, max-video-preview:-1\" \/>\n<link rel=\"canonical\" href=\"https:\/\/tosyagazetesi.com\/index.php\/2023\/03\/14\/is-adami-yusuf-varliktan-tosya-idmanyurdu-spor-kulubune-buyuk-destek\/\" \/>\n<meta property=\"og:locale\" content=\"tr_TR\" \/>\n<meta property=\"og:type\" content=\"article\" \/>\n<meta property=\"og:title\" content=\"\u0130\u015f Adam\u0131 Yusuf Varl\u0131k\u2019tan Tosya \u0130dmanyurdu Spor Kul\u00fcb\u00fc\u2019ne B\u00fcy\u00fck Destek -\" \/>\n<meta property=\"og:description\" content=\"\u0130L\u00c7EM\u0130Z\u0130 2. AMAT\u00d6R L\u0130GDE TEMS\u0130L EDECEK TOSYA \u0130DMANYURDU A TAKIMINA \u0130LK DESTEK YUVA \u0130LET\u0130\u015e\u0130M \u0130N\u015eAAT LTD. \u015eT\u0130&#8217;DEN Kuruldu\u011fu g\u00fcnden bu yana alt ya\u015f gruplar\u0131nda m\u00fccadele eden Tosya \u0130dmanyurdu alt yap\u0131s\u0131ndan&hellip;\" \/>\n<meta property=\"og:url\" content=\"https:\/\/tosyagazetesi.com\/index.php\/2023\/03\/14\/is-adami-yusuf-varliktan-tosya-idmanyurdu-spor-kulubune-buyuk-destek\/\" \/>\n<meta property=\"article:published_time\" content=\"2023-03-14T02:52:05+00:00\" \/>\n<meta property=\"article:modified_time\" content=\"2023-03-14T02:52:08+00:00\" \/>\n<meta property=\"og:image\" content=\"https:\/\/tosyagazetesi.com\/wp-content\/uploads\/2023\/03\/Is-Adami-Yusuf-Varliktan-Tosya-Idmanyurdu-Spor-Kulubune-Buyuk-Destek.jpeg\" \/>\n\t<meta property=\"og:image:width\" content=\"900\" \/>\n\t<meta property=\"og:image:height\" content=\"500\" \/>\n\t<meta property=\"og:image:type\" content=\"image\/jpeg\" \/>\n<meta name=\"author\" content=\"admin\" \/>\n<meta name=\"twitter:card\" content=\"summary_large_image\" \/>\n<meta name=\"twitter:label1\" content=\"Yazan:\" \/>\n\t<meta name=\"twitter:data1\" content=\"admin\" \/>\n\t<meta name=\"twitter:label2\" content=\"Tahmini okuma s\u00fcresi\" \/>\n\t<meta name=\"twitter:data2\" content=\"2 dakika\" \/>\n<script type=\"application\/ld+json\" class=\"yoast-schema-graph\">{\"@context\":\"https:\\\/\\\/schema.org\",\"@graph\":[{\"@type\":\"Article\",\"@id\":\"https:\\\/\\\/tosyagazetesi.com\\\/index.php\\\/2023\\\/03\\\/14\\\/is-adami-yusuf-varliktan-tosya-idmanyurdu-spor-kulubune-buyuk-destek\\\/#article\",\"isPartOf\":{\"@id\":\"https:\\\/\\\/tosyagazetesi.com\\\/index.php\\\/2023\\\/03\\\/14\\\/is-adami-yusuf-varliktan-tosya-idmanyurdu-spor-kulubune-buyuk-destek\\\/\"},\"author\":{\"name\":\"admin\",\"@id\":\"https:\\\/\\\/tosyagazetesi.com\\\/#\\\/schema\\\/person\\\/9a1b0f7e1b008c6cede8cdbd5500a206\"},\"headline\":\"\u0130\u015f Adam\u0131 Yusuf Varl\u0131k\u2019tan Tosya \u0130dmanyurdu Spor Kul\u00fcb\u00fc\u2019ne B\u00fcy\u00fck Destek\",\"datePublished\":\"2023-03-14T02:52:05+00:00\",\"dateModified\":\"2023-03-14T02:52:08+00:00\",\"mainEntityOfPage\":{\"@id\":\"https:\\\/\\\/tosyagazetesi.com\\\/index.php\\\/2023\\\/03\\\/14\\\/is-adami-yusuf-varliktan-tosya-idmanyurdu-spor-kulubune-buyuk-destek\\\/\"},\"wordCount\":312,\"commentCount\":0,\"image\":{\"@id\":\"https:\\\/\\\/tosyagazetesi.com\\\/index.php\\\/2023\\\/03\\\/14\\\/is-adami-yusuf-varliktan-tosya-idmanyurdu-spor-kulubune-buyuk-destek\\\/#primaryimage\"},\"thumbnailUrl\":\"https:\\\/\\\/tosyagazetesi.com\\\/wp-content\\\/uploads\\\/2023\\\/03\\\/Is-Adami-Yusuf-Varliktan-Tosya-Idmanyurdu-Spor-Kulubune-Buyuk-Destek.jpeg\",\"keywords\":[\"\u0130\u015f Adam\u0131 Yusuf Varl\u0131k\u2019tan Tosya \u0130dmanyurdu Spor Kul\u00fcb\u00fc\u2019ne B\u00fcy\u00fck Destek\"],\"articleSection\":[\"Tosya Gazetesi\"],\"inLanguage\":\"tr\",\"potentialAction\":[{\"@type\":\"CommentAction\",\"name\":\"Comment\",\"target\":[\"https:\\\/\\\/tosyagazetesi.com\\\/index.php\\\/2023\\\/03\\\/14\\\/is-adami-yusuf-varliktan-tosya-idmanyurdu-spor-kulubune-buyuk-destek\\\/#respond\"]}]},{\"@type\":\"WebPage\",\"@id\":\"https:\\\/\\\/tosyagazetesi.com\\\/index.php\\\/2023\\\/03\\\/14\\\/is-adami-yusuf-varliktan-tosya-idmanyurdu-spor-kulubune-buyuk-destek\\\/\",\"url\":\"https:\\\/\\\/tosyagazetesi.com\\\/index.php\\\/2023\\\/03\\\/14\\\/is-adami-yusuf-varliktan-tosya-idmanyurdu-spor-kulubune-buyuk-destek\\\/\",\"name\":\"\u0130\u015f Adam\u0131 Yusuf Varl\u0131k\u2019tan Tosya \u0130dmanyurdu Spor Kul\u00fcb\u00fc\u2019ne B\u00fcy\u00fck Destek -\",\"isPartOf\":{\"@id\":\"https:\\\/\\\/tosyagazetesi.com\\\/#website\"},\"primaryImageOfPage\":{\"@id\":\"https:\\\/\\\/tosyagazetesi.com\\\/index.php\\\/2023\\\/03\\\/14\\\/is-adami-yusuf-varliktan-tosya-idmanyurdu-spor-kulubune-buyuk-destek\\\/#primaryimage\"},\"image\":{\"@id\":\"https:\\\/\\\/tosyagazetesi.com\\\/index.php\\\/2023\\\/03\\\/14\\\/is-adami-yusuf-varliktan-tosya-idmanyurdu-spor-kulubune-buyuk-destek\\\/#primaryimage\"},\"thumbnailUrl\":\"https:\\\/\\\/tosyagazetesi.com\\\/wp-content\\\/uploads\\\/2023\\\/03\\\/Is-Adami-Yusuf-Varliktan-Tosya-Idmanyurdu-Spor-Kulubune-Buyuk-Destek.jpeg\",\"datePublished\":\"2023-03-14T02:52:05+00:00\",\"dateModified\":\"2023-03-14T02:52:08+00:00\",\"author\":{\"@id\":\"https:\\\/\\\/tosyagazetesi.com\\\/#\\\/schema\\\/person\\\/9a1b0f7e1b008c6cede8cdbd5500a206\"},\"breadcrumb\":{\"@id\":\"https:\\\/\\\/tosyagazetesi.com\\\/index.php\\\/2023\\\/03\\\/14\\\/is-adami-yusuf-varliktan-tosya-idmanyurdu-spor-kulubune-buyuk-destek\\\/#breadcrumb\"},\"inLanguage\":\"tr\",\"potentialAction\":[{\"@type\":\"ReadAction\",\"target\":[\"https:\\\/\\\/tosyagazetesi.com\\\/index.php\\\/2023\\\/03\\\/14\\\/is-adami-yusuf-varliktan-tosya-idmanyurdu-spor-kulubune-buyuk-destek\\\/\"]}]},{\"@type\":\"ImageObject\",\"inLanguage\":\"tr\",\"@id\":\"https:\\\/\\\/tosyagazetesi.com\\\/index.php\\\/2023\\\/03\\\/14\\\/is-adami-yusuf-varliktan-tosya-idmanyurdu-spor-kulubune-buyuk-destek\\\/#primaryimage\",\"url\":\"https:\\\/\\\/tosyagazetesi.com\\\/wp-content\\\/uploads\\\/2023\\\/03\\\/Is-Adami-Yusuf-Varliktan-Tosya-Idmanyurdu-Spor-Kulubune-Buyuk-Destek.jpeg\",\"contentUrl\":\"https:\\\/\\\/tosyagazetesi.com\\\/wp-content\\\/uploads\\\/2023\\\/03\\\/Is-Adami-Yusuf-Varliktan-Tosya-Idmanyurdu-Spor-Kulubune-Buyuk-Destek.jpeg\",\"width\":900,\"height\":500},{\"@type\":\"BreadcrumbList\",\"@id\":\"https:\\\/\\\/tosyagazetesi.com\\\/index.php\\\/2023\\\/03\\\/14\\\/is-adami-yusuf-varliktan-tosya-idmanyurdu-spor-kulubune-buyuk-destek\\\/#breadcrumb\",\"itemListElement\":[{\"@type\":\"ListItem\",\"position\":1,\"name\":\"Anasayfa\",\"item\":\"https:\\\/\\\/tosyagazetesi.com\\\/\"},{\"@type\":\"ListItem\",\"position\":2,\"name\":\"\u0130\u015f Adam\u0131 Yusuf Varl\u0131k\u2019tan Tosya \u0130dmanyurdu Spor Kul\u00fcb\u00fc\u2019ne B\u00fcy\u00fck Destek\"}]},{\"@type\":\"WebSite\",\"@id\":\"https:\\\/\\\/tosyagazetesi.com\\\/#website\",\"url\":\"https:\\\/\\\/tosyagazetesi.com\\\/\",\"name\":\"\",\"description\":\"\",\"potentialAction\":[{\"@type\":\"SearchAction\",\"target\":{\"@type\":\"EntryPoint\",\"urlTemplate\":\"https:\\\/\\\/tosyagazetesi.com\\\/?s={search_term_string}\"},\"query-input\":{\"@type\":\"PropertyValueSpecification\",\"valueRequired\":true,\"valueName\":\"search_term_string\"}}],\"inLanguage\":\"tr\"},{\"@type\":\"Person\",\"@id\":\"https:\\\/\\\/tosyagazetesi.com\\\/#\\\/schema\\\/person\\\/9a1b0f7e1b008c6cede8cdbd5500a206\",\"name\":\"admin\",\"image\":{\"@type\":\"ImageObject\",\"inLanguage\":\"tr\",\"@id\":\"https:\\\/\\\/secure.gravatar.com\\\/avatar\\\/a3b9c4457143f713b454772cdba280ff47106c991ba15f91e94e0aabe3c83824?s=96&d=mm&r=g\",\"url\":\"https:\\\/\\\/secure.gravatar.com\\\/avatar\\\/a3b9c4457143f713b454772cdba280ff47106c991ba15f91e94e0aabe3c83824?s=96&d=mm&r=g\",\"contentUrl\":\"https:\\\/\\\/secure.gravatar.com\\\/avatar\\\/a3b9c4457143f713b454772cdba280ff47106c991ba15f91e94e0aabe3c83824?s=96&d=mm&r=g\",\"caption\":\"admin\"},\"sameAs\":[\"https:\\\/\\\/tosyagazetesi.com\"],\"url\":\"https:\\\/\\\/tosyagazetesi.com\\\/index.php\\\/author\\\/admin_mznznzn4\\\/\"}]}<\/script>\n<!-- \/ Yoast SEO plugin. -->","yoast_head_json":{"title":"\u0130\u015f Adam\u0131 Yusuf Varl\u0131k\u2019tan Tosya \u0130dmanyurdu Spor Kul\u00fcb\u00fc\u2019ne B\u00fcy\u00fck Destek -","robots":{"index":"index","follow":"follow","max-snippet":"max-snippet:-1","max-image-preview":"max-image-preview:large","max-video-preview":"max-video-preview:-1"},"canonical":"https:\/\/tosyagazetesi.com\/index.php\/2023\/03\/14\/is-adami-yusuf-varliktan-tosya-idmanyurdu-spor-kulubune-buyuk-destek\/","og_locale":"tr_TR","og_type":"article","og_title":"\u0130\u015f Adam\u0131 Yusuf Varl\u0131k\u2019tan Tosya \u0130dmanyurdu Spor Kul\u00fcb\u00fc\u2019ne B\u00fcy\u00fck Destek -","og_description":"\u0130L\u00c7EM\u0130Z\u0130 2. AMAT\u00d6R L\u0130GDE TEMS\u0130L EDECEK TOSYA \u0130DMANYURDU A TAKIMINA \u0130LK DESTEK YUVA \u0130LET\u0130\u015e\u0130M \u0130N\u015eAAT LTD. \u015eT\u0130&#8217;DEN Kuruldu\u011fu g\u00fcnden bu yana alt ya\u015f gruplar\u0131nda m\u00fccadele eden Tosya \u0130dmanyurdu alt yap\u0131s\u0131ndan&hellip;","og_url":"https:\/\/tosyagazetesi.com\/index.php\/2023\/03\/14\/is-adami-yusuf-varliktan-tosya-idmanyurdu-spor-kulubune-buyuk-destek\/","article_published_time":"2023-03-14T02:52:05+00:00","article_modified_time":"2023-03-14T02:52:08+00:00","og_image":[{"width":900,"height":500,"url":"https:\/\/tosyagazetesi.com\/wp-content\/uploads\/2023\/03\/Is-Adami-Yusuf-Varliktan-Tosya-Idmanyurdu-Spor-Kulubune-Buyuk-Destek.jpeg","type":"image\/jpeg"}],"author":"admin","twitter_card":"summary_large_image","twitter_misc":{"Yazan:":"admin","Tahmini okuma s\u00fcresi":"2 dakika"},"schema":{"@context":"https:\/\/schema.org","@graph":[{"@type":"Article","@id":"https:\/\/tosyagazetesi.com\/index.php\/2023\/03\/14\/is-adami-yusuf-varliktan-tosya-idmanyurdu-spor-kulubune-buyuk-destek\/#article","isPartOf":{"@id":"https:\/\/tosyagazetesi.com\/index.php\/2023\/03\/14\/is-adami-yusuf-varliktan-tosya-idmanyurdu-spor-kulubune-buyuk-destek\/"},"author":{"name":"admin","@id":"https:\/\/tosyagazetesi.com\/#\/schema\/person\/9a1b0f7e1b008c6cede8cdbd5500a206"},"headline":"\u0130\u015f Adam\u0131 Yusuf Varl\u0131k\u2019tan Tosya \u0130dmanyurdu Spor Kul\u00fcb\u00fc\u2019ne B\u00fcy\u00fck Destek","datePublished":"2023-03-14T02:52:05+00:00","dateModified":"2023-03-14T02:52:08+00:00","mainEntityOfPage":{"@id":"https:\/\/tosyagazetesi.com\/index.php\/2023\/03\/14\/is-adami-yusuf-varliktan-tosya-idmanyurdu-spor-kulubune-buyuk-destek\/"},"wordCount":312,"commentCount":0,"image":{"@id":"https:\/\/tosyagazetesi.com\/index.php\/2023\/03\/14\/is-adami-yusuf-varliktan-tosya-idmanyurdu-spor-kulubune-buyuk-destek\/#primaryimage"},"thumbnailUrl":"https:\/\/tosyagazetesi.com\/wp-content\/uploads\/2023\/03\/Is-Adami-Yusuf-Varliktan-Tosya-Idmanyurdu-Spor-Kulubune-Buyuk-Destek.jpeg","keywords":["\u0130\u015f Adam\u0131 Yusuf Varl\u0131k\u2019tan Tosya \u0130dmanyurdu Spor Kul\u00fcb\u00fc\u2019ne B\u00fcy\u00fck Destek"],"articleSection":["Tosya Gazetesi"],"inLanguage":"tr","potentialAction":[{"@type":"CommentAction","name":"Comment","target":["https:\/\/tosyagazetesi.com\/index.php\/2023\/03\/14\/is-adami-yusuf-varliktan-tosya-idmanyurdu-spor-kulubune-buyuk-destek\/#respond"]}]},{"@type":"WebPage","@id":"https:\/\/tosyagazetesi.com\/index.php\/2023\/03\/14\/is-adami-yusuf-varliktan-tosya-idmanyurdu-spor-kulubune-buyuk-destek\/","url":"https:\/\/tosyagazetesi.com\/index.php\/2023\/03\/14\/is-adami-yusuf-varliktan-tosya-idmanyurdu-spor-kulubune-buyuk-destek\/","name":"\u0130\u015f Adam\u0131 Yusuf Varl\u0131k\u2019tan Tosya \u0130dmanyurdu Spor Kul\u00fcb\u00fc\u2019ne B\u00fcy\u00fck Destek -","isPartOf":{"@id":"https:\/\/tosyagazetesi.com\/#website"},"primaryImageOfPage":{"@id":"https:\/\/tosyagazetesi.com\/index.php\/2023\/03\/14\/is-adami-yusuf-varliktan-tosya-idmanyurdu-spor-kulubune-buyuk-destek\/#primaryimage"},"image":{"@id":"https:\/\/tosyagazetesi.com\/index.php\/2023\/03\/14\/is-adami-yusuf-varliktan-tosya-idmanyurdu-spor-kulubune-buyuk-destek\/#primaryimage"},"thumbnailUrl":"https:\/\/tosyagazetesi.com\/wp-content\/uploads\/2023\/03\/Is-Adami-Yusuf-Varliktan-Tosya-Idmanyurdu-Spor-Kulubune-Buyuk-Destek.jpeg","datePublished":"2023-03-14T02:52:05+00:00","dateModified":"2023-03-14T02:52:08+00:00","author":{"@id":"https:\/\/tosyagazetesi.com\/#\/schema\/person\/9a1b0f7e1b008c6cede8cdbd5500a206"},"breadcrumb":{"@id":"https:\/\/tosyagazetesi.com\/index.php\/2023\/03\/14\/is-adami-yusuf-varliktan-tosya-idmanyurdu-spor-kulubune-buyuk-destek\/#breadcrumb"},"inLanguage":"tr","potentialAction":[{"@type":"ReadAction","target":["https:\/\/tosyagazetesi.com\/index.php\/2023\/03\/14\/is-adami-yusuf-varliktan-tosya-idmanyurdu-spor-kulubune-buyuk-destek\/"]}]},{"@type":"ImageObject","inLanguage":"tr","@id":"https:\/\/tosyagazetesi.com\/index.php\/2023\/03\/14\/is-adami-yusuf-varliktan-tosya-idmanyurdu-spor-kulubune-buyuk-destek\/#primaryimage","url":"https:\/\/tosyagazetesi.com\/wp-content\/uploads\/2023\/03\/Is-Adami-Yusuf-Varliktan-Tosya-Idmanyurdu-Spor-Kulubune-Buyuk-Destek.jpeg","contentUrl":"https:\/\/tosyagazetesi.com\/wp-content\/uploads\/2023\/03\/Is-Adami-Yusuf-Varliktan-Tosya-Idmanyurdu-Spor-Kulubune-Buyuk-Destek.jpeg","width":900,"height":500},{"@type":"BreadcrumbList","@id":"https:\/\/tosyagazetesi.com\/index.php\/2023\/03\/14\/is-adami-yusuf-varliktan-tosya-idmanyurdu-spor-kulubune-buyuk-destek\/#breadcrumb","itemListElement":[{"@type":"ListItem","position":1,"name":"Anasayfa","item":"https:\/\/tosyagazetesi.com\/"},{"@type":"ListItem","position":2,"name":"\u0130\u015f Adam\u0131 Yusuf Varl\u0131k\u2019tan Tosya \u0130dmanyurdu Spor Kul\u00fcb\u00fc\u2019ne B\u00fcy\u00fck Destek"}]},{"@type":"WebSite","@id":"https:\/\/tosyagazetesi.com\/#website","url":"https:\/\/tosyagazetesi.com\/","name":"","description":"","potentialAction":[{"@type":"SearchAction","target":{"@type":"EntryPoint","urlTemplate":"https:\/\/tosyagazetesi.com\/?s={search_term_string}"},"query-input":{"@type":"PropertyValueSpecification","valueRequired":true,"valueName":"search_term_string"}}],"inLanguage":"tr"},{"@type":"Person","@id":"https:\/\/tosyagazetesi.com\/#\/schema\/person\/9a1b0f7e1b008c6cede8cdbd5500a206","name":"admin","image":{"@type":"ImageObject","inLanguage":"tr","@id":"https:\/\/secure.gravatar.com\/avatar\/a3b9c4457143f713b454772cdba280ff47106c991ba15f91e94e0aabe3c83824?s=96&d=mm&r=g","url":"https:\/\/secure.gravatar.com\/avatar\/a3b9c4457143f713b454772cdba280ff47106c991ba15f91e94e0aabe3c83824?s=96&d=mm&r=g","contentUrl":"https:\/\/secure.gravatar.com\/avatar\/a3b9c4457143f713b454772cdba280ff47106c991ba15f91e94e0aabe3c83824?s=96&d=mm&r=g","caption":"admin"},"sameAs":["https:\/\/tosyagazetesi.com"],"url":"https:\/\/tosyagazetesi.com\/index.php\/author\/admin_mznznzn4\/"}]}},"views":1357,"jetpack_publicize_connections":[],"_links":{"self":[{"href":"https:\/\/tosyagazetesi.com\/index.php\/wp-json\/wp\/v2\/posts\/185","targetHints":{"allow":["GET"]}}],"collection":[{"href":"https:\/\/tosyagazetesi.com\/index.php\/wp-json\/wp\/v2\/posts"}],"about":[{"href":"https:\/\/tosyagazetesi.com\/index.php\/wp-json\/wp\/v2\/types\/post"}],"author":[{"embeddable":true,"href":"https:\/\/tosyagazetesi.com\/index.php\/wp-json\/wp\/v2\/users\/1"}],"replies":[{"embeddable":true,"href":"https:\/\/tosyagazetesi.com\/index.php\/wp-json\/wp\/v2\/comments?post=185"}],"version-history":[{"count":1,"href":"https:\/\/tosyagazetesi.com\/index.php\/wp-json\/wp\/v2\/posts\/185\/revisions"}],"predecessor-version":[{"id":187,"href":"https:\/\/tosyagazetesi.com\/index.php\/wp-json\/wp\/v2\/posts\/185\/revisions\/187"}],"wp:featuredmedia":[{"embeddable":true,"href":"https:\/\/tosyagazetesi.com\/index.php\/wp-json\/wp\/v2\/media\/186"}],"wp:attachment":[{"href":"https:\/\/tosyagazetesi.com\/index.php\/wp-json\/wp\/v2\/media?parent=185"}],"wp:term":[{"taxonomy":"category","embeddable":true,"href":"https:\/\/tosyagazetesi.com\/index.php\/wp-json\/wp\/v2\/categories?post=185"},{"taxonomy":"post_tag","embeddable":true,"href":"https:\/\/tosyagazetesi.com\/index.php\/wp-json\/wp\/v2\/tags?post=185"}],"curies":[{"name":"wp","href":"https:\/\/api.w.org\/{rel}","templated":true}]}}