{"id":1818,"date":"2025-05-07T12:49:26","date_gmt":"2025-05-07T12:49:26","guid":{"rendered":"https:\/\/tosyagazetesi.com\/?p=1818"},"modified":"2025-05-07T12:49:30","modified_gmt":"2025-05-07T12:49:30","slug":"tosyada-citcilere-traktor-destegi-verildi","status":"publish","type":"post","link":"https:\/\/tosyagazetesi.com\/index.php\/2025\/05\/07\/tosyada-citcilere-traktor-destegi-verildi\/","title":{"rendered":"Tosya\u2019da \u00c7it\u00e7ilere Trakt\u00f6r Deste\u011fi Verildi."},"content":{"rendered":"\n<p>Kastamonu\u2019nun Tosya il\u00e7esinde ORK\u00d6Y projeleri kapsam\u0131nda 4 trakt\u00f6r, sahiplerine teslim edildi.<\/p>\n\n\n\n<p>Tosya Orman \u0130\u015fletme M\u00fcd\u00fcrl\u00fc\u011f\u00fc\u2019nde d\u00fczenlenen programda konu\u015fan Tosya Orman \u0130\u015fletme M\u00fcd\u00fcr\u00fc Nejat Timur Uyan\u0131k, Ekincik k\u00f6y\u00fcnden 4 aileye 4 trakt\u00f6r teslim edeceklerini s\u00f6yledi.<\/p>\n\n\n\n<p>ORK\u00d6Y kredi deste\u011fi kapsam\u0131nda her trakt\u00f6r i\u00e7in 1 milyon 100 bin lira kredi deste\u011fi verildi\u011fini belirten Uyan\u0131k, \u015funlar\u0131 kaydetti :<\/p>\n\n\n\n<p>\u201cVerilen kredinin y\u00fczde 20\u2019si hibe olmak \u00fczere geri kalan\u0131 2 y\u0131l \u00f6demesiz 6 y\u0131l e\u015fit miktarlarda faizsiz olarak geri \u00f6denecek. Tosya\u2019da 2003-2024 y\u0131llar\u0131 aras\u0131nda 1123 aileye 93 milyon 017 bin 231 lira destek verilmi\u015ftir. &nbsp;2025 y\u0131l\u0131nda ise trakt\u00f6r,&nbsp; kabuk soyma makinesi, tomruk \u00e7ekme vinci ve s\u00fct s\u0131\u011f\u0131rc\u0131l\u0131\u011f\u0131n\u0131 kapsayan desteklemelerle &nbsp;22 aileye 13 milyon 340 bin lira kredi deste\u011fi verilmi\u015ftir. Bunun&nbsp; 2 milyon 668 bin&nbsp; liras\u0131 hibe deste\u011fidir. \u00dcreticilerimize hay\u0131rl\u0131 u\u011furlu olsun.\u201d<\/p>\n\n\n\n<p>Programa, Tosya Kaymakam\u0131 U\u011fur \u00dcnsal, Tosya Belediye Ba\u015fkan\u0131 Volkan Kavakl\u0131gil, Kastamonu Orman B\u00f6lge M\u00fcd\u00fcr\u00fc Hakan Yasl\u0131kaya, AK Parti Tosya \u0130l\u00e7e Ba\u015fkan\u0131 Mustafa Tak\u0131r, MHP Tosya \u0130l\u00e7e Ba\u015fkan\u0131 Suat Bazlama\u00e7c\u0131, Tosya Orman \u0130\u015fletme M\u00fcd\u00fcrl\u00fc\u011f\u00fc \u015fefleri ve personelleri ile vatanda\u015flar kat\u0131ld\u0131.<\/p>\n\n\n\n<figure class=\"wp-block-gallery has-nested-images columns-1 is-cropped wp-block-gallery-1 is-layout-flex wp-block-gallery-is-layout-flex\">\n<figure class=\"wp-block-image size-full\"><img loading=\"lazy\" decoding=\"async\" width=\"800\" height=\"600\" data-id=\"1824\" src=\"https:\/\/tosyagazetesi.com\/wp-content\/uploads\/2025\/05\/1.jpg\" alt=\"\" class=\"wp-image-1824\" srcset=\"https:\/\/tosyagazetesi.com\/wp-content\/uploads\/2025\/05\/1.jpg 800w, https:\/\/tosyagazetesi.com\/wp-content\/uploads\/2025\/05\/1-300x225.jpg 300w, https:\/\/tosyagazetesi.com\/wp-content\/uploads\/2025\/05\/1-768x576.jpg 768w\" sizes=\"auto, (max-width: 800px) 100vw, 800px\" \/><\/figure>\n\n\n\n<figure class=\"wp-block-image size-full\"><img loading=\"lazy\" decoding=\"async\" width=\"800\" height=\"600\" data-id=\"1823\" src=\"https:\/\/tosyagazetesi.com\/wp-content\/uploads\/2025\/05\/2.jpg\" alt=\"\" class=\"wp-image-1823\" srcset=\"https:\/\/tosyagazetesi.com\/wp-content\/uploads\/2025\/05\/2.jpg 800w, https:\/\/tosyagazetesi.com\/wp-content\/uploads\/2025\/05\/2-300x225.jpg 300w, https:\/\/tosyagazetesi.com\/wp-content\/uploads\/2025\/05\/2-768x576.jpg 768w\" sizes=\"auto, (max-width: 800px) 100vw, 800px\" \/><\/figure>\n\n\n\n<figure class=\"wp-block-image size-full\"><img loading=\"lazy\" decoding=\"async\" width=\"800\" height=\"600\" data-id=\"1822\" src=\"https:\/\/tosyagazetesi.com\/wp-content\/uploads\/2025\/05\/3.jpg\" alt=\"\" class=\"wp-image-1822\" srcset=\"https:\/\/tosyagazetesi.com\/wp-content\/uploads\/2025\/05\/3.jpg 800w, https:\/\/tosyagazetesi.com\/wp-content\/uploads\/2025\/05\/3-300x225.jpg 300w, https:\/\/tosyagazetesi.com\/wp-content\/uploads\/2025\/05\/3-768x576.jpg 768w\" sizes=\"auto, (max-width: 800px) 100vw, 800px\" \/><\/figure>\n\n\n\n<figure class=\"wp-block-image size-full\"><img loading=\"lazy\" decoding=\"async\" width=\"800\" height=\"600\" data-id=\"1821\" src=\"https:\/\/tosyagazetesi.com\/wp-content\/uploads\/2025\/05\/4.jpg\" alt=\"\" class=\"wp-image-1821\" srcset=\"https:\/\/tosyagazetesi.com\/wp-content\/uploads\/2025\/05\/4.jpg 800w, https:\/\/tosyagazetesi.com\/wp-content\/uploads\/2025\/05\/4-300x225.jpg 300w, https:\/\/tosyagazetesi.com\/wp-content\/uploads\/2025\/05\/4-768x576.jpg 768w\" sizes=\"auto, (max-width: 800px) 100vw, 800px\" \/><\/figure>\n\n\n\n<figure class=\"wp-block-image size-full\"><img loading=\"lazy\" decoding=\"async\" width=\"800\" height=\"600\" data-id=\"1820\" src=\"https:\/\/tosyagazetesi.com\/wp-content\/uploads\/2025\/05\/5.jpg\" alt=\"\" class=\"wp-image-1820\" srcset=\"https:\/\/tosyagazetesi.com\/wp-content\/uploads\/2025\/05\/5.jpg 800w, https:\/\/tosyagazetesi.com\/wp-content\/uploads\/2025\/05\/5-300x225.jpg 300w, https:\/\/tosyagazetesi.com\/wp-content\/uploads\/2025\/05\/5-768x576.jpg 768w\" sizes=\"auto, (max-width: 800px) 100vw, 800px\" \/><\/figure>\n\n\n\n<figure class=\"wp-block-image size-full\"><img loading=\"lazy\" decoding=\"async\" width=\"800\" height=\"600\" data-id=\"1819\" src=\"https:\/\/tosyagazetesi.com\/wp-content\/uploads\/2025\/05\/6.jpg\" alt=\"\" class=\"wp-image-1819\" srcset=\"https:\/\/tosyagazetesi.com\/wp-content\/uploads\/2025\/05\/6.jpg 800w, https:\/\/tosyagazetesi.com\/wp-content\/uploads\/2025\/05\/6-300x225.jpg 300w, https:\/\/tosyagazetesi.com\/wp-content\/uploads\/2025\/05\/6-768x576.jpg 768w\" sizes=\"auto, (max-width: 800px) 100vw, 800px\" \/><\/figure>\n<\/figure>\n","protected":false},"excerpt":{"rendered":"<p>Kastamonu\u2019nun Tosya il\u00e7esinde ORK\u00d6Y projeleri kapsam\u0131nda 4 trakt\u00f6r, sahiplerine teslim edildi. Tosya Orman \u0130\u015fletme M\u00fcd\u00fcrl\u00fc\u011f\u00fc\u2019nde d\u00fczenlenen programda konu\u015fan Tosya Orman \u0130\u015fletme M\u00fcd\u00fcr\u00fc Nejat Timur Uyan\u0131k, Ekincik k\u00f6y\u00fcnden 4 aileye 4&hellip; <\/p>\n","protected":false},"author":1,"featured_media":1825,"comment_status":"open","ping_status":"open","sticky":false,"template":"","format":"standard","meta":{"_joinchat":[],"footnotes":"","jetpack_publicize_message":"","jetpack_publicize_feature_enabled":true,"jetpack_social_post_already_shared":false,"jetpack_social_options":{"image_generator_settings":{"template":"highway","default_image_id":0,"font":"","enabled":false},"version":2}},"categories":[3],"tags":[276],"class_list":["post-1818","post","type-post","status-publish","format-standard","has-post-thumbnail","hentry","category-tosya-gazetesi","tag-tosyada-citcilere-traktor-destegi-verildi"],"yoast_head":"<!-- This site is optimized with the Yoast SEO plugin v27.5 - https:\/\/yoast.com\/product\/yoast-seo-wordpress\/ -->\n<title>Tosya\u2019da \u00c7it\u00e7ilere Trakt\u00f6r Deste\u011fi Verildi. -<\/title>\n<meta name=\"robots\" content=\"index, follow, max-snippet:-1, max-image-preview:large, max-video-preview:-1\" \/>\n<link rel=\"canonical\" href=\"https:\/\/tosyagazetesi.com\/index.php\/2025\/05\/07\/tosyada-citcilere-traktor-destegi-verildi\/\" \/>\n<meta property=\"og:locale\" content=\"tr_TR\" \/>\n<meta property=\"og:type\" content=\"article\" \/>\n<meta property=\"og:title\" content=\"Tosya\u2019da \u00c7it\u00e7ilere Trakt\u00f6r Deste\u011fi Verildi. -\" \/>\n<meta property=\"og:description\" content=\"Kastamonu\u2019nun Tosya il\u00e7esinde ORK\u00d6Y projeleri kapsam\u0131nda 4 trakt\u00f6r, sahiplerine teslim edildi. Tosya Orman \u0130\u015fletme M\u00fcd\u00fcrl\u00fc\u011f\u00fc\u2019nde d\u00fczenlenen programda konu\u015fan Tosya Orman \u0130\u015fletme M\u00fcd\u00fcr\u00fc Nejat Timur Uyan\u0131k, Ekincik k\u00f6y\u00fcnden 4 aileye 4&hellip;\" \/>\n<meta property=\"og:url\" content=\"https:\/\/tosyagazetesi.com\/index.php\/2025\/05\/07\/tosyada-citcilere-traktor-destegi-verildi\/\" \/>\n<meta property=\"article:published_time\" content=\"2025-05-07T12:49:26+00:00\" \/>\n<meta property=\"article:modified_time\" content=\"2025-05-07T12:49:30+00:00\" \/>\n<meta property=\"og:image\" content=\"https:\/\/tosyagazetesi.com\/wp-content\/uploads\/2025\/05\/Tosyada-Citcilere-Traktor-Destegi-Verildi.jpg\" \/>\n\t<meta property=\"og:image:width\" content=\"900\" \/>\n\t<meta property=\"og:image:height\" content=\"500\" \/>\n\t<meta property=\"og:image:type\" content=\"image\/jpeg\" \/>\n<meta name=\"author\" content=\"admin\" \/>\n<meta name=\"twitter:card\" content=\"summary_large_image\" \/>\n<meta name=\"twitter:label1\" content=\"Yazan:\" \/>\n\t<meta name=\"twitter:data1\" content=\"admin\" \/>\n\t<meta name=\"twitter:label2\" content=\"Tahmini okuma s\u00fcresi\" \/>\n\t<meta name=\"twitter:data2\" content=\"3 dakika\" \/>\n<script type=\"application\/ld+json\" class=\"yoast-schema-graph\">{\"@context\":\"https:\\\/\\\/schema.org\",\"@graph\":[{\"@type\":\"Article\",\"@id\":\"https:\\\/\\\/tosyagazetesi.com\\\/index.php\\\/2025\\\/05\\\/07\\\/tosyada-citcilere-traktor-destegi-verildi\\\/#article\",\"isPartOf\":{\"@id\":\"https:\\\/\\\/tosyagazetesi.com\\\/index.php\\\/2025\\\/05\\\/07\\\/tosyada-citcilere-traktor-destegi-verildi\\\/\"},\"author\":{\"name\":\"admin\",\"@id\":\"https:\\\/\\\/tosyagazetesi.com\\\/#\\\/schema\\\/person\\\/9a1b0f7e1b008c6cede8cdbd5500a206\"},\"headline\":\"Tosya\u2019da \u00c7it\u00e7ilere Trakt\u00f6r Deste\u011fi Verildi.\",\"datePublished\":\"2025-05-07T12:49:26+00:00\",\"dateModified\":\"2025-05-07T12:49:30+00:00\",\"mainEntityOfPage\":{\"@id\":\"https:\\\/\\\/tosyagazetesi.com\\\/index.php\\\/2025\\\/05\\\/07\\\/tosyada-citcilere-traktor-destegi-verildi\\\/\"},\"wordCount\":222,\"commentCount\":0,\"image\":{\"@id\":\"https:\\\/\\\/tosyagazetesi.com\\\/index.php\\\/2025\\\/05\\\/07\\\/tosyada-citcilere-traktor-destegi-verildi\\\/#primaryimage\"},\"thumbnailUrl\":\"https:\\\/\\\/tosyagazetesi.com\\\/wp-content\\\/uploads\\\/2025\\\/05\\\/Tosyada-Citcilere-Traktor-Destegi-Verildi.jpg\",\"keywords\":[\"Tosya\u2019da \u00c7it\u00e7ilere Trakt\u00f6r Deste\u011fi Verildi.\"],\"articleSection\":[\"Tosya Gazetesi\"],\"inLanguage\":\"tr\",\"potentialAction\":[{\"@type\":\"CommentAction\",\"name\":\"Comment\",\"target\":[\"https:\\\/\\\/tosyagazetesi.com\\\/index.php\\\/2025\\\/05\\\/07\\\/tosyada-citcilere-traktor-destegi-verildi\\\/#respond\"]}]},{\"@type\":\"WebPage\",\"@id\":\"https:\\\/\\\/tosyagazetesi.com\\\/index.php\\\/2025\\\/05\\\/07\\\/tosyada-citcilere-traktor-destegi-verildi\\\/\",\"url\":\"https:\\\/\\\/tosyagazetesi.com\\\/index.php\\\/2025\\\/05\\\/07\\\/tosyada-citcilere-traktor-destegi-verildi\\\/\",\"name\":\"Tosya\u2019da \u00c7it\u00e7ilere Trakt\u00f6r Deste\u011fi Verildi. -\",\"isPartOf\":{\"@id\":\"https:\\\/\\\/tosyagazetesi.com\\\/#website\"},\"primaryImageOfPage\":{\"@id\":\"https:\\\/\\\/tosyagazetesi.com\\\/index.php\\\/2025\\\/05\\\/07\\\/tosyada-citcilere-traktor-destegi-verildi\\\/#primaryimage\"},\"image\":{\"@id\":\"https:\\\/\\\/tosyagazetesi.com\\\/index.php\\\/2025\\\/05\\\/07\\\/tosyada-citcilere-traktor-destegi-verildi\\\/#primaryimage\"},\"thumbnailUrl\":\"https:\\\/\\\/tosyagazetesi.com\\\/wp-content\\\/uploads\\\/2025\\\/05\\\/Tosyada-Citcilere-Traktor-Destegi-Verildi.jpg\",\"datePublished\":\"2025-05-07T12:49:26+00:00\",\"dateModified\":\"2025-05-07T12:49:30+00:00\",\"author\":{\"@id\":\"https:\\\/\\\/tosyagazetesi.com\\\/#\\\/schema\\\/person\\\/9a1b0f7e1b008c6cede8cdbd5500a206\"},\"breadcrumb\":{\"@id\":\"https:\\\/\\\/tosyagazetesi.com\\\/index.php\\\/2025\\\/05\\\/07\\\/tosyada-citcilere-traktor-destegi-verildi\\\/#breadcrumb\"},\"inLanguage\":\"tr\",\"potentialAction\":[{\"@type\":\"ReadAction\",\"target\":[\"https:\\\/\\\/tosyagazetesi.com\\\/index.php\\\/2025\\\/05\\\/07\\\/tosyada-citcilere-traktor-destegi-verildi\\\/\"]}]},{\"@type\":\"ImageObject\",\"inLanguage\":\"tr\",\"@id\":\"https:\\\/\\\/tosyagazetesi.com\\\/index.php\\\/2025\\\/05\\\/07\\\/tosyada-citcilere-traktor-destegi-verildi\\\/#primaryimage\",\"url\":\"https:\\\/\\\/tosyagazetesi.com\\\/wp-content\\\/uploads\\\/2025\\\/05\\\/Tosyada-Citcilere-Traktor-Destegi-Verildi.jpg\",\"contentUrl\":\"https:\\\/\\\/tosyagazetesi.com\\\/wp-content\\\/uploads\\\/2025\\\/05\\\/Tosyada-Citcilere-Traktor-Destegi-Verildi.jpg\",\"width\":900,\"height\":500},{\"@type\":\"BreadcrumbList\",\"@id\":\"https:\\\/\\\/tosyagazetesi.com\\\/index.php\\\/2025\\\/05\\\/07\\\/tosyada-citcilere-traktor-destegi-verildi\\\/#breadcrumb\",\"itemListElement\":[{\"@type\":\"ListItem\",\"position\":1,\"name\":\"Anasayfa\",\"item\":\"https:\\\/\\\/tosyagazetesi.com\\\/\"},{\"@type\":\"ListItem\",\"position\":2,\"name\":\"Tosya\u2019da \u00c7it\u00e7ilere Trakt\u00f6r Deste\u011fi Verildi.\"}]},{\"@type\":\"WebSite\",\"@id\":\"https:\\\/\\\/tosyagazetesi.com\\\/#website\",\"url\":\"https:\\\/\\\/tosyagazetesi.com\\\/\",\"name\":\"\",\"description\":\"\",\"potentialAction\":[{\"@type\":\"SearchAction\",\"target\":{\"@type\":\"EntryPoint\",\"urlTemplate\":\"https:\\\/\\\/tosyagazetesi.com\\\/?s={search_term_string}\"},\"query-input\":{\"@type\":\"PropertyValueSpecification\",\"valueRequired\":true,\"valueName\":\"search_term_string\"}}],\"inLanguage\":\"tr\"},{\"@type\":\"Person\",\"@id\":\"https:\\\/\\\/tosyagazetesi.com\\\/#\\\/schema\\\/person\\\/9a1b0f7e1b008c6cede8cdbd5500a206\",\"name\":\"admin\",\"image\":{\"@type\":\"ImageObject\",\"inLanguage\":\"tr\",\"@id\":\"https:\\\/\\\/secure.gravatar.com\\\/avatar\\\/a3b9c4457143f713b454772cdba280ff47106c991ba15f91e94e0aabe3c83824?s=96&d=mm&r=g\",\"url\":\"https:\\\/\\\/secure.gravatar.com\\\/avatar\\\/a3b9c4457143f713b454772cdba280ff47106c991ba15f91e94e0aabe3c83824?s=96&d=mm&r=g\",\"contentUrl\":\"https:\\\/\\\/secure.gravatar.com\\\/avatar\\\/a3b9c4457143f713b454772cdba280ff47106c991ba15f91e94e0aabe3c83824?s=96&d=mm&r=g\",\"caption\":\"admin\"},\"sameAs\":[\"https:\\\/\\\/tosyagazetesi.com\"],\"url\":\"https:\\\/\\\/tosyagazetesi.com\\\/index.php\\\/author\\\/admin_mznznzn4\\\/\"}]}<\/script>\n<!-- \/ Yoast SEO plugin. -->","yoast_head_json":{"title":"Tosya\u2019da \u00c7it\u00e7ilere Trakt\u00f6r Deste\u011fi Verildi. -","robots":{"index":"index","follow":"follow","max-snippet":"max-snippet:-1","max-image-preview":"max-image-preview:large","max-video-preview":"max-video-preview:-1"},"canonical":"https:\/\/tosyagazetesi.com\/index.php\/2025\/05\/07\/tosyada-citcilere-traktor-destegi-verildi\/","og_locale":"tr_TR","og_type":"article","og_title":"Tosya\u2019da \u00c7it\u00e7ilere Trakt\u00f6r Deste\u011fi Verildi. -","og_description":"Kastamonu\u2019nun Tosya il\u00e7esinde ORK\u00d6Y projeleri kapsam\u0131nda 4 trakt\u00f6r, sahiplerine teslim edildi. Tosya Orman \u0130\u015fletme M\u00fcd\u00fcrl\u00fc\u011f\u00fc\u2019nde d\u00fczenlenen programda konu\u015fan Tosya Orman \u0130\u015fletme M\u00fcd\u00fcr\u00fc Nejat Timur Uyan\u0131k, Ekincik k\u00f6y\u00fcnden 4 aileye 4&hellip;","og_url":"https:\/\/tosyagazetesi.com\/index.php\/2025\/05\/07\/tosyada-citcilere-traktor-destegi-verildi\/","article_published_time":"2025-05-07T12:49:26+00:00","article_modified_time":"2025-05-07T12:49:30+00:00","og_image":[{"width":900,"height":500,"url":"https:\/\/tosyagazetesi.com\/wp-content\/uploads\/2025\/05\/Tosyada-Citcilere-Traktor-Destegi-Verildi.jpg","type":"image\/jpeg"}],"author":"admin","twitter_card":"summary_large_image","twitter_misc":{"Yazan:":"admin","Tahmini okuma s\u00fcresi":"3 dakika"},"schema":{"@context":"https:\/\/schema.org","@graph":[{"@type":"Article","@id":"https:\/\/tosyagazetesi.com\/index.php\/2025\/05\/07\/tosyada-citcilere-traktor-destegi-verildi\/#article","isPartOf":{"@id":"https:\/\/tosyagazetesi.com\/index.php\/2025\/05\/07\/tosyada-citcilere-traktor-destegi-verildi\/"},"author":{"name":"admin","@id":"https:\/\/tosyagazetesi.com\/#\/schema\/person\/9a1b0f7e1b008c6cede8cdbd5500a206"},"headline":"Tosya\u2019da \u00c7it\u00e7ilere Trakt\u00f6r Deste\u011fi Verildi.","datePublished":"2025-05-07T12:49:26+00:00","dateModified":"2025-05-07T12:49:30+00:00","mainEntityOfPage":{"@id":"https:\/\/tosyagazetesi.com\/index.php\/2025\/05\/07\/tosyada-citcilere-traktor-destegi-verildi\/"},"wordCount":222,"commentCount":0,"image":{"@id":"https:\/\/tosyagazetesi.com\/index.php\/2025\/05\/07\/tosyada-citcilere-traktor-destegi-verildi\/#primaryimage"},"thumbnailUrl":"https:\/\/tosyagazetesi.com\/wp-content\/uploads\/2025\/05\/Tosyada-Citcilere-Traktor-Destegi-Verildi.jpg","keywords":["Tosya\u2019da \u00c7it\u00e7ilere Trakt\u00f6r Deste\u011fi Verildi."],"articleSection":["Tosya Gazetesi"],"inLanguage":"tr","potentialAction":[{"@type":"CommentAction","name":"Comment","target":["https:\/\/tosyagazetesi.com\/index.php\/2025\/05\/07\/tosyada-citcilere-traktor-destegi-verildi\/#respond"]}]},{"@type":"WebPage","@id":"https:\/\/tosyagazetesi.com\/index.php\/2025\/05\/07\/tosyada-citcilere-traktor-destegi-verildi\/","url":"https:\/\/tosyagazetesi.com\/index.php\/2025\/05\/07\/tosyada-citcilere-traktor-destegi-verildi\/","name":"Tosya\u2019da \u00c7it\u00e7ilere Trakt\u00f6r Deste\u011fi Verildi. -","isPartOf":{"@id":"https:\/\/tosyagazetesi.com\/#website"},"primaryImageOfPage":{"@id":"https:\/\/tosyagazetesi.com\/index.php\/2025\/05\/07\/tosyada-citcilere-traktor-destegi-verildi\/#primaryimage"},"image":{"@id":"https:\/\/tosyagazetesi.com\/index.php\/2025\/05\/07\/tosyada-citcilere-traktor-destegi-verildi\/#primaryimage"},"thumbnailUrl":"https:\/\/tosyagazetesi.com\/wp-content\/uploads\/2025\/05\/Tosyada-Citcilere-Traktor-Destegi-Verildi.jpg","datePublished":"2025-05-07T12:49:26+00:00","dateModified":"2025-05-07T12:49:30+00:00","author":{"@id":"https:\/\/tosyagazetesi.com\/#\/schema\/person\/9a1b0f7e1b008c6cede8cdbd5500a206"},"breadcrumb":{"@id":"https:\/\/tosyagazetesi.com\/index.php\/2025\/05\/07\/tosyada-citcilere-traktor-destegi-verildi\/#breadcrumb"},"inLanguage":"tr","potentialAction":[{"@type":"ReadAction","target":["https:\/\/tosyagazetesi.com\/index.php\/2025\/05\/07\/tosyada-citcilere-traktor-destegi-verildi\/"]}]},{"@type":"ImageObject","inLanguage":"tr","@id":"https:\/\/tosyagazetesi.com\/index.php\/2025\/05\/07\/tosyada-citcilere-traktor-destegi-verildi\/#primaryimage","url":"https:\/\/tosyagazetesi.com\/wp-content\/uploads\/2025\/05\/Tosyada-Citcilere-Traktor-Destegi-Verildi.jpg","contentUrl":"https:\/\/tosyagazetesi.com\/wp-content\/uploads\/2025\/05\/Tosyada-Citcilere-Traktor-Destegi-Verildi.jpg","width":900,"height":500},{"@type":"BreadcrumbList","@id":"https:\/\/tosyagazetesi.com\/index.php\/2025\/05\/07\/tosyada-citcilere-traktor-destegi-verildi\/#breadcrumb","itemListElement":[{"@type":"ListItem","position":1,"name":"Anasayfa","item":"https:\/\/tosyagazetesi.com\/"},{"@type":"ListItem","position":2,"name":"Tosya\u2019da \u00c7it\u00e7ilere Trakt\u00f6r Deste\u011fi Verildi."}]},{"@type":"WebSite","@id":"https:\/\/tosyagazetesi.com\/#website","url":"https:\/\/tosyagazetesi.com\/","name":"","description":"","potentialAction":[{"@type":"SearchAction","target":{"@type":"EntryPoint","urlTemplate":"https:\/\/tosyagazetesi.com\/?s={search_term_string}"},"query-input":{"@type":"PropertyValueSpecification","valueRequired":true,"valueName":"search_term_string"}}],"inLanguage":"tr"},{"@type":"Person","@id":"https:\/\/tosyagazetesi.com\/#\/schema\/person\/9a1b0f7e1b008c6cede8cdbd5500a206","name":"admin","image":{"@type":"ImageObject","inLanguage":"tr","@id":"https:\/\/secure.gravatar.com\/avatar\/a3b9c4457143f713b454772cdba280ff47106c991ba15f91e94e0aabe3c83824?s=96&d=mm&r=g","url":"https:\/\/secure.gravatar.com\/avatar\/a3b9c4457143f713b454772cdba280ff47106c991ba15f91e94e0aabe3c83824?s=96&d=mm&r=g","contentUrl":"https:\/\/secure.gravatar.com\/avatar\/a3b9c4457143f713b454772cdba280ff47106c991ba15f91e94e0aabe3c83824?s=96&d=mm&r=g","caption":"admin"},"sameAs":["https:\/\/tosyagazetesi.com"],"url":"https:\/\/tosyagazetesi.com\/index.php\/author\/admin_mznznzn4\/"}]}},"views":681,"jetpack_publicize_connections":[],"_links":{"self":[{"href":"https:\/\/tosyagazetesi.com\/index.php\/wp-json\/wp\/v2\/posts\/1818","targetHints":{"allow":["GET"]}}],"collection":[{"href":"https:\/\/tosyagazetesi.com\/index.php\/wp-json\/wp\/v2\/posts"}],"about":[{"href":"https:\/\/tosyagazetesi.com\/index.php\/wp-json\/wp\/v2\/types\/post"}],"author":[{"embeddable":true,"href":"https:\/\/tosyagazetesi.com\/index.php\/wp-json\/wp\/v2\/users\/1"}],"replies":[{"embeddable":true,"href":"https:\/\/tosyagazetesi.com\/index.php\/wp-json\/wp\/v2\/comments?post=1818"}],"version-history":[{"count":1,"href":"https:\/\/tosyagazetesi.com\/index.php\/wp-json\/wp\/v2\/posts\/1818\/revisions"}],"predecessor-version":[{"id":1826,"href":"https:\/\/tosyagazetesi.com\/index.php\/wp-json\/wp\/v2\/posts\/1818\/revisions\/1826"}],"wp:featuredmedia":[{"embeddable":true,"href":"https:\/\/tosyagazetesi.com\/index.php\/wp-json\/wp\/v2\/media\/1825"}],"wp:attachment":[{"href":"https:\/\/tosyagazetesi.com\/index.php\/wp-json\/wp\/v2\/media?parent=1818"}],"wp:term":[{"taxonomy":"category","embeddable":true,"href":"https:\/\/tosyagazetesi.com\/index.php\/wp-json\/wp\/v2\/categories?post=1818"},{"taxonomy":"post_tag","embeddable":true,"href":"https:\/\/tosyagazetesi.com\/index.php\/wp-json\/wp\/v2\/tags?post=1818"}],"curies":[{"name":"wp","href":"https:\/\/api.w.org\/{rel}","templated":true}]}}