{"id":1815,"date":"2025-05-07T06:22:53","date_gmt":"2025-05-07T06:22:53","guid":{"rendered":"https:\/\/tosyagazetesi.com\/?p=1815"},"modified":"2025-05-07T06:22:55","modified_gmt":"2025-05-07T06:22:55","slug":"tosyada-duzenlenen-siyer-i-nebi-yarismasina-261-ogrenci-katildi","status":"publish","type":"post","link":"https:\/\/tosyagazetesi.com\/index.php\/2025\/05\/07\/tosyada-duzenlenen-siyer-i-nebi-yarismasina-261-ogrenci-katildi\/","title":{"rendered":"Tosya\u2019da D\u00fczenlenen Siyer-i Nebi Yar\u0131\u015fmas\u0131na 261 \u00d6\u011frenci Kat\u0131ld\u0131."},"content":{"rendered":"\n<p>Anadolu Gen\u00e7lik Derne\u011fi Milli Gen\u00e7lik Vakf\u0131 ile&nbsp; Milli E\u011fitim Bakanl\u0131\u011f\u0131 aras\u0131nda imzalanan Protokol gere\u011fi Ortaokullar d\u00fczeyinde Siyer-i Nebi ( Efendimizin hayat\u0131 ) yar\u0131\u015fma d\u00fczenlenmektedir.<\/p>\n\n\n\n<p>4 May\u0131s Pazar G\u00fcn\u00fc Saat 11:00 de Mehmet Akif Ersoy Ortaokulunda d\u00fczenlenen yar\u0131\u015fmada Tosyam\u0131zda Ortaokul d\u00fczeyindeki t\u00fcm \u00f6\u011frencilerimizden toplamda 500 kay\u0131t yap\u0131lm\u0131\u015f olup 261 \u00f6\u011frencimiz s\u0131nava kat\u0131l\u0131m sa\u011flam\u0131\u015flard\u0131r.<\/p>\n\n\n\n<p>&nbsp;Bu s\u00fcre\u00e7te bizlere destek veren&nbsp; \u0130l\u00e7e Milli E\u011fitim M\u00fcd\u00fcr\u00fcm\u00fcz Sy Mehdi To\u011frul Beyefendiye , \u015eube M\u00fcd\u00fcrlerimize , Okul M\u00fcd\u00fcrlerimize , \u00d6\u011fretmenlerimize , Velilerimize&nbsp; yar\u0131\u015fmaya kay\u0131t yapt\u0131ran ve kat\u0131lan&nbsp; karde\u015flerimize te\u015fekk\u00fcr ediyorum .<\/p>\n\n\n\n<p>\u00d6d\u00fcllerimiz \u015fu \u015fekildedir. 1-5000 2-4000 3-3000&nbsp; 4-2000 5-1000 6-750 7-8-9 s\u00fcpriz hediyeler verilecektir.<\/p>\n\n\n\n<p>Kay\u0131t yapt\u0131ran \u00f6\u011frencilerimize Sinema , Kastamonu gezisi , Piknik \u00e7al\u0131\u015fmas\u0131 yap\u0131lacakt\u0131r . Bu \u00e7al\u0131\u015fmalar ile birlikte En k\u00fc\u00e7\u00fc\u011f\u00fcnden en b\u00fcy\u00fc\u011f\u00fcne yapt\u0131\u011f\u0131 her iyi i\u015fi en g\u00fczel \u015fekilde neticelendirmek \u00fczere ciddiye alan; b\u00fcy\u00fck ideallerin pe\u015finde ko\u015farken ayr\u0131nt\u0131lara tak\u0131l\u0131p kalmayan ve ayn\u0131 zamanda ayr\u0131nt\u0131lar\u0131 \u0131skalay\u0131p da estetikten, zarafetten, sayg\u0131dan yoksun tutumlar sergilemeyen; g\u00f6r\u00fcn\u00fc\u015fte bir iyili\u011fin kalpte de ayn\u0131 duygularla kar\u015f\u0131l\u0131k bulmad\u0131\u011f\u0131nda g\u00f6steri\u015ften \u00f6teye bir anlam ifade etmedi\u011fini idrak eden; ya\u015fam\u0131n t\u00fcm alanlar\u0131nda b\u00fct\u00fcn s\u00f6z ve davran\u0131\u015flar\u0131nda hakkaniyeti ve adaleti ayakta tutmaya \u00e7al\u0131\u015fan bir gen\u00e7lik yeti\u015ftirmeyi \u00f6nceliyoruz.<\/p>\n\n\n\n<p>Gen\u00e7lerimize \u00d6d\u00fcllerimizi 28 May\u0131s ak\u015fam\u0131nda yapaca\u011f\u0131m\u0131z program ile takdim edece\u011fiz . ( Program yeri ve saati duyurulacakt\u0131r ) T\u00fcm&nbsp; hem\u015fehrilerimizi&nbsp; muhabbetle bekliyoruz .<\/p>\n\n\n\n<figure class=\"wp-block-image size-full\"><img loading=\"lazy\" decoding=\"async\" width=\"900\" height=\"500\" src=\"https:\/\/tosyagazetesi.com\/wp-content\/uploads\/2025\/05\/Tosyada-Duzenlenen-Siyer-i-Nebi-Yarismasina-261-Ogrenci-Katildi.jpeg\" alt=\"\" class=\"wp-image-1816\" srcset=\"https:\/\/tosyagazetesi.com\/wp-content\/uploads\/2025\/05\/Tosyada-Duzenlenen-Siyer-i-Nebi-Yarismasina-261-Ogrenci-Katildi.jpeg 900w, https:\/\/tosyagazetesi.com\/wp-content\/uploads\/2025\/05\/Tosyada-Duzenlenen-Siyer-i-Nebi-Yarismasina-261-Ogrenci-Katildi-300x167.jpeg 300w, https:\/\/tosyagazetesi.com\/wp-content\/uploads\/2025\/05\/Tosyada-Duzenlenen-Siyer-i-Nebi-Yarismasina-261-Ogrenci-Katildi-768x427.jpeg 768w\" sizes=\"auto, (max-width: 900px) 100vw, 900px\" \/><\/figure>\n","protected":false},"excerpt":{"rendered":"<p>Anadolu Gen\u00e7lik Derne\u011fi Milli Gen\u00e7lik Vakf\u0131 ile&nbsp; Milli E\u011fitim Bakanl\u0131\u011f\u0131 aras\u0131nda imzalanan Protokol gere\u011fi Ortaokullar d\u00fczeyinde Siyer-i Nebi ( Efendimizin hayat\u0131 ) yar\u0131\u015fma d\u00fczenlenmektedir. 4 May\u0131s Pazar G\u00fcn\u00fc Saat 11:00&hellip; <\/p>\n","protected":false},"author":1,"featured_media":1816,"comment_status":"open","ping_status":"open","sticky":false,"template":"","format":"standard","meta":{"_joinchat":[],"footnotes":"","jetpack_publicize_message":"","jetpack_publicize_feature_enabled":true,"jetpack_social_post_already_shared":false,"jetpack_social_options":{"image_generator_settings":{"template":"highway","default_image_id":0,"font":"","enabled":false},"version":2}},"categories":[3],"tags":[275],"class_list":["post-1815","post","type-post","status-publish","format-standard","has-post-thumbnail","hentry","category-tosya-gazetesi","tag-tosyada-duzenlenen-siyer-i-nebi-yarismasina-261-ogrenci-katildi"],"yoast_head":"<!-- This site is optimized with the Yoast SEO plugin v27.5 - https:\/\/yoast.com\/product\/yoast-seo-wordpress\/ -->\n<title>Tosya\u2019da D\u00fczenlenen Siyer-i Nebi Yar\u0131\u015fmas\u0131na 261 \u00d6\u011frenci Kat\u0131ld\u0131. -<\/title>\n<meta name=\"robots\" content=\"index, follow, max-snippet:-1, max-image-preview:large, max-video-preview:-1\" \/>\n<link rel=\"canonical\" href=\"https:\/\/tosyagazetesi.com\/index.php\/2025\/05\/07\/tosyada-duzenlenen-siyer-i-nebi-yarismasina-261-ogrenci-katildi\/\" \/>\n<meta property=\"og:locale\" content=\"tr_TR\" \/>\n<meta property=\"og:type\" content=\"article\" \/>\n<meta property=\"og:title\" content=\"Tosya\u2019da D\u00fczenlenen Siyer-i Nebi Yar\u0131\u015fmas\u0131na 261 \u00d6\u011frenci Kat\u0131ld\u0131. -\" \/>\n<meta property=\"og:description\" content=\"Anadolu Gen\u00e7lik Derne\u011fi Milli Gen\u00e7lik Vakf\u0131 ile&nbsp; Milli E\u011fitim Bakanl\u0131\u011f\u0131 aras\u0131nda imzalanan Protokol gere\u011fi Ortaokullar d\u00fczeyinde Siyer-i Nebi ( Efendimizin hayat\u0131 ) yar\u0131\u015fma d\u00fczenlenmektedir. 4 May\u0131s Pazar G\u00fcn\u00fc Saat 11:00&hellip;\" \/>\n<meta property=\"og:url\" content=\"https:\/\/tosyagazetesi.com\/index.php\/2025\/05\/07\/tosyada-duzenlenen-siyer-i-nebi-yarismasina-261-ogrenci-katildi\/\" \/>\n<meta property=\"article:published_time\" content=\"2025-05-07T06:22:53+00:00\" \/>\n<meta property=\"article:modified_time\" content=\"2025-05-07T06:22:55+00:00\" \/>\n<meta property=\"og:image\" content=\"https:\/\/tosyagazetesi.com\/wp-content\/uploads\/2025\/05\/Tosyada-Duzenlenen-Siyer-i-Nebi-Yarismasina-261-Ogrenci-Katildi.jpeg\" \/>\n\t<meta property=\"og:image:width\" content=\"900\" \/>\n\t<meta property=\"og:image:height\" content=\"500\" \/>\n\t<meta property=\"og:image:type\" content=\"image\/jpeg\" \/>\n<meta name=\"author\" content=\"admin\" \/>\n<meta name=\"twitter:card\" content=\"summary_large_image\" \/>\n<meta name=\"twitter:label1\" content=\"Yazan:\" \/>\n\t<meta name=\"twitter:data1\" content=\"admin\" \/>\n\t<meta name=\"twitter:label2\" content=\"Tahmini okuma s\u00fcresi\" \/>\n\t<meta name=\"twitter:data2\" content=\"2 dakika\" \/>\n<script type=\"application\/ld+json\" class=\"yoast-schema-graph\">{\"@context\":\"https:\\\/\\\/schema.org\",\"@graph\":[{\"@type\":\"Article\",\"@id\":\"https:\\\/\\\/tosyagazetesi.com\\\/index.php\\\/2025\\\/05\\\/07\\\/tosyada-duzenlenen-siyer-i-nebi-yarismasina-261-ogrenci-katildi\\\/#article\",\"isPartOf\":{\"@id\":\"https:\\\/\\\/tosyagazetesi.com\\\/index.php\\\/2025\\\/05\\\/07\\\/tosyada-duzenlenen-siyer-i-nebi-yarismasina-261-ogrenci-katildi\\\/\"},\"author\":{\"name\":\"admin\",\"@id\":\"https:\\\/\\\/tosyagazetesi.com\\\/#\\\/schema\\\/person\\\/9a1b0f7e1b008c6cede8cdbd5500a206\"},\"headline\":\"Tosya\u2019da D\u00fczenlenen Siyer-i Nebi Yar\u0131\u015fmas\u0131na 261 \u00d6\u011frenci Kat\u0131ld\u0131.\",\"datePublished\":\"2025-05-07T06:22:53+00:00\",\"dateModified\":\"2025-05-07T06:22:55+00:00\",\"mainEntityOfPage\":{\"@id\":\"https:\\\/\\\/tosyagazetesi.com\\\/index.php\\\/2025\\\/05\\\/07\\\/tosyada-duzenlenen-siyer-i-nebi-yarismasina-261-ogrenci-katildi\\\/\"},\"wordCount\":308,\"commentCount\":0,\"image\":{\"@id\":\"https:\\\/\\\/tosyagazetesi.com\\\/index.php\\\/2025\\\/05\\\/07\\\/tosyada-duzenlenen-siyer-i-nebi-yarismasina-261-ogrenci-katildi\\\/#primaryimage\"},\"thumbnailUrl\":\"https:\\\/\\\/tosyagazetesi.com\\\/wp-content\\\/uploads\\\/2025\\\/05\\\/Tosyada-Duzenlenen-Siyer-i-Nebi-Yarismasina-261-Ogrenci-Katildi.jpeg\",\"keywords\":[\"Tosya\u2019da D\u00fczenlenen Siyer-i Nebi Yar\u0131\u015fmas\u0131na 261 \u00d6\u011frenci Kat\u0131ld\u0131.\"],\"articleSection\":[\"Tosya Gazetesi\"],\"inLanguage\":\"tr\",\"potentialAction\":[{\"@type\":\"CommentAction\",\"name\":\"Comment\",\"target\":[\"https:\\\/\\\/tosyagazetesi.com\\\/index.php\\\/2025\\\/05\\\/07\\\/tosyada-duzenlenen-siyer-i-nebi-yarismasina-261-ogrenci-katildi\\\/#respond\"]}]},{\"@type\":\"WebPage\",\"@id\":\"https:\\\/\\\/tosyagazetesi.com\\\/index.php\\\/2025\\\/05\\\/07\\\/tosyada-duzenlenen-siyer-i-nebi-yarismasina-261-ogrenci-katildi\\\/\",\"url\":\"https:\\\/\\\/tosyagazetesi.com\\\/index.php\\\/2025\\\/05\\\/07\\\/tosyada-duzenlenen-siyer-i-nebi-yarismasina-261-ogrenci-katildi\\\/\",\"name\":\"Tosya\u2019da D\u00fczenlenen Siyer-i Nebi Yar\u0131\u015fmas\u0131na 261 \u00d6\u011frenci Kat\u0131ld\u0131. -\",\"isPartOf\":{\"@id\":\"https:\\\/\\\/tosyagazetesi.com\\\/#website\"},\"primaryImageOfPage\":{\"@id\":\"https:\\\/\\\/tosyagazetesi.com\\\/index.php\\\/2025\\\/05\\\/07\\\/tosyada-duzenlenen-siyer-i-nebi-yarismasina-261-ogrenci-katildi\\\/#primaryimage\"},\"image\":{\"@id\":\"https:\\\/\\\/tosyagazetesi.com\\\/index.php\\\/2025\\\/05\\\/07\\\/tosyada-duzenlenen-siyer-i-nebi-yarismasina-261-ogrenci-katildi\\\/#primaryimage\"},\"thumbnailUrl\":\"https:\\\/\\\/tosyagazetesi.com\\\/wp-content\\\/uploads\\\/2025\\\/05\\\/Tosyada-Duzenlenen-Siyer-i-Nebi-Yarismasina-261-Ogrenci-Katildi.jpeg\",\"datePublished\":\"2025-05-07T06:22:53+00:00\",\"dateModified\":\"2025-05-07T06:22:55+00:00\",\"author\":{\"@id\":\"https:\\\/\\\/tosyagazetesi.com\\\/#\\\/schema\\\/person\\\/9a1b0f7e1b008c6cede8cdbd5500a206\"},\"breadcrumb\":{\"@id\":\"https:\\\/\\\/tosyagazetesi.com\\\/index.php\\\/2025\\\/05\\\/07\\\/tosyada-duzenlenen-siyer-i-nebi-yarismasina-261-ogrenci-katildi\\\/#breadcrumb\"},\"inLanguage\":\"tr\",\"potentialAction\":[{\"@type\":\"ReadAction\",\"target\":[\"https:\\\/\\\/tosyagazetesi.com\\\/index.php\\\/2025\\\/05\\\/07\\\/tosyada-duzenlenen-siyer-i-nebi-yarismasina-261-ogrenci-katildi\\\/\"]}]},{\"@type\":\"ImageObject\",\"inLanguage\":\"tr\",\"@id\":\"https:\\\/\\\/tosyagazetesi.com\\\/index.php\\\/2025\\\/05\\\/07\\\/tosyada-duzenlenen-siyer-i-nebi-yarismasina-261-ogrenci-katildi\\\/#primaryimage\",\"url\":\"https:\\\/\\\/tosyagazetesi.com\\\/wp-content\\\/uploads\\\/2025\\\/05\\\/Tosyada-Duzenlenen-Siyer-i-Nebi-Yarismasina-261-Ogrenci-Katildi.jpeg\",\"contentUrl\":\"https:\\\/\\\/tosyagazetesi.com\\\/wp-content\\\/uploads\\\/2025\\\/05\\\/Tosyada-Duzenlenen-Siyer-i-Nebi-Yarismasina-261-Ogrenci-Katildi.jpeg\",\"width\":900,\"height\":500},{\"@type\":\"BreadcrumbList\",\"@id\":\"https:\\\/\\\/tosyagazetesi.com\\\/index.php\\\/2025\\\/05\\\/07\\\/tosyada-duzenlenen-siyer-i-nebi-yarismasina-261-ogrenci-katildi\\\/#breadcrumb\",\"itemListElement\":[{\"@type\":\"ListItem\",\"position\":1,\"name\":\"Anasayfa\",\"item\":\"https:\\\/\\\/tosyagazetesi.com\\\/\"},{\"@type\":\"ListItem\",\"position\":2,\"name\":\"Tosya\u2019da D\u00fczenlenen Siyer-i Nebi Yar\u0131\u015fmas\u0131na 261 \u00d6\u011frenci Kat\u0131ld\u0131.\"}]},{\"@type\":\"WebSite\",\"@id\":\"https:\\\/\\\/tosyagazetesi.com\\\/#website\",\"url\":\"https:\\\/\\\/tosyagazetesi.com\\\/\",\"name\":\"\",\"description\":\"\",\"potentialAction\":[{\"@type\":\"SearchAction\",\"target\":{\"@type\":\"EntryPoint\",\"urlTemplate\":\"https:\\\/\\\/tosyagazetesi.com\\\/?s={search_term_string}\"},\"query-input\":{\"@type\":\"PropertyValueSpecification\",\"valueRequired\":true,\"valueName\":\"search_term_string\"}}],\"inLanguage\":\"tr\"},{\"@type\":\"Person\",\"@id\":\"https:\\\/\\\/tosyagazetesi.com\\\/#\\\/schema\\\/person\\\/9a1b0f7e1b008c6cede8cdbd5500a206\",\"name\":\"admin\",\"image\":{\"@type\":\"ImageObject\",\"inLanguage\":\"tr\",\"@id\":\"https:\\\/\\\/secure.gravatar.com\\\/avatar\\\/a3b9c4457143f713b454772cdba280ff47106c991ba15f91e94e0aabe3c83824?s=96&d=mm&r=g\",\"url\":\"https:\\\/\\\/secure.gravatar.com\\\/avatar\\\/a3b9c4457143f713b454772cdba280ff47106c991ba15f91e94e0aabe3c83824?s=96&d=mm&r=g\",\"contentUrl\":\"https:\\\/\\\/secure.gravatar.com\\\/avatar\\\/a3b9c4457143f713b454772cdba280ff47106c991ba15f91e94e0aabe3c83824?s=96&d=mm&r=g\",\"caption\":\"admin\"},\"sameAs\":[\"https:\\\/\\\/tosyagazetesi.com\"],\"url\":\"https:\\\/\\\/tosyagazetesi.com\\\/index.php\\\/author\\\/admin_mznznzn4\\\/\"}]}<\/script>\n<!-- \/ Yoast SEO plugin. -->","yoast_head_json":{"title":"Tosya\u2019da D\u00fczenlenen Siyer-i Nebi Yar\u0131\u015fmas\u0131na 261 \u00d6\u011frenci Kat\u0131ld\u0131. -","robots":{"index":"index","follow":"follow","max-snippet":"max-snippet:-1","max-image-preview":"max-image-preview:large","max-video-preview":"max-video-preview:-1"},"canonical":"https:\/\/tosyagazetesi.com\/index.php\/2025\/05\/07\/tosyada-duzenlenen-siyer-i-nebi-yarismasina-261-ogrenci-katildi\/","og_locale":"tr_TR","og_type":"article","og_title":"Tosya\u2019da D\u00fczenlenen Siyer-i Nebi Yar\u0131\u015fmas\u0131na 261 \u00d6\u011frenci Kat\u0131ld\u0131. -","og_description":"Anadolu Gen\u00e7lik Derne\u011fi Milli Gen\u00e7lik Vakf\u0131 ile&nbsp; Milli E\u011fitim Bakanl\u0131\u011f\u0131 aras\u0131nda imzalanan Protokol gere\u011fi Ortaokullar d\u00fczeyinde Siyer-i Nebi ( Efendimizin hayat\u0131 ) yar\u0131\u015fma d\u00fczenlenmektedir. 4 May\u0131s Pazar G\u00fcn\u00fc Saat 11:00&hellip;","og_url":"https:\/\/tosyagazetesi.com\/index.php\/2025\/05\/07\/tosyada-duzenlenen-siyer-i-nebi-yarismasina-261-ogrenci-katildi\/","article_published_time":"2025-05-07T06:22:53+00:00","article_modified_time":"2025-05-07T06:22:55+00:00","og_image":[{"width":900,"height":500,"url":"https:\/\/tosyagazetesi.com\/wp-content\/uploads\/2025\/05\/Tosyada-Duzenlenen-Siyer-i-Nebi-Yarismasina-261-Ogrenci-Katildi.jpeg","type":"image\/jpeg"}],"author":"admin","twitter_card":"summary_large_image","twitter_misc":{"Yazan:":"admin","Tahmini okuma s\u00fcresi":"2 dakika"},"schema":{"@context":"https:\/\/schema.org","@graph":[{"@type":"Article","@id":"https:\/\/tosyagazetesi.com\/index.php\/2025\/05\/07\/tosyada-duzenlenen-siyer-i-nebi-yarismasina-261-ogrenci-katildi\/#article","isPartOf":{"@id":"https:\/\/tosyagazetesi.com\/index.php\/2025\/05\/07\/tosyada-duzenlenen-siyer-i-nebi-yarismasina-261-ogrenci-katildi\/"},"author":{"name":"admin","@id":"https:\/\/tosyagazetesi.com\/#\/schema\/person\/9a1b0f7e1b008c6cede8cdbd5500a206"},"headline":"Tosya\u2019da D\u00fczenlenen Siyer-i Nebi Yar\u0131\u015fmas\u0131na 261 \u00d6\u011frenci Kat\u0131ld\u0131.","datePublished":"2025-05-07T06:22:53+00:00","dateModified":"2025-05-07T06:22:55+00:00","mainEntityOfPage":{"@id":"https:\/\/tosyagazetesi.com\/index.php\/2025\/05\/07\/tosyada-duzenlenen-siyer-i-nebi-yarismasina-261-ogrenci-katildi\/"},"wordCount":308,"commentCount":0,"image":{"@id":"https:\/\/tosyagazetesi.com\/index.php\/2025\/05\/07\/tosyada-duzenlenen-siyer-i-nebi-yarismasina-261-ogrenci-katildi\/#primaryimage"},"thumbnailUrl":"https:\/\/tosyagazetesi.com\/wp-content\/uploads\/2025\/05\/Tosyada-Duzenlenen-Siyer-i-Nebi-Yarismasina-261-Ogrenci-Katildi.jpeg","keywords":["Tosya\u2019da D\u00fczenlenen Siyer-i Nebi Yar\u0131\u015fmas\u0131na 261 \u00d6\u011frenci Kat\u0131ld\u0131."],"articleSection":["Tosya Gazetesi"],"inLanguage":"tr","potentialAction":[{"@type":"CommentAction","name":"Comment","target":["https:\/\/tosyagazetesi.com\/index.php\/2025\/05\/07\/tosyada-duzenlenen-siyer-i-nebi-yarismasina-261-ogrenci-katildi\/#respond"]}]},{"@type":"WebPage","@id":"https:\/\/tosyagazetesi.com\/index.php\/2025\/05\/07\/tosyada-duzenlenen-siyer-i-nebi-yarismasina-261-ogrenci-katildi\/","url":"https:\/\/tosyagazetesi.com\/index.php\/2025\/05\/07\/tosyada-duzenlenen-siyer-i-nebi-yarismasina-261-ogrenci-katildi\/","name":"Tosya\u2019da D\u00fczenlenen Siyer-i Nebi Yar\u0131\u015fmas\u0131na 261 \u00d6\u011frenci Kat\u0131ld\u0131. -","isPartOf":{"@id":"https:\/\/tosyagazetesi.com\/#website"},"primaryImageOfPage":{"@id":"https:\/\/tosyagazetesi.com\/index.php\/2025\/05\/07\/tosyada-duzenlenen-siyer-i-nebi-yarismasina-261-ogrenci-katildi\/#primaryimage"},"image":{"@id":"https:\/\/tosyagazetesi.com\/index.php\/2025\/05\/07\/tosyada-duzenlenen-siyer-i-nebi-yarismasina-261-ogrenci-katildi\/#primaryimage"},"thumbnailUrl":"https:\/\/tosyagazetesi.com\/wp-content\/uploads\/2025\/05\/Tosyada-Duzenlenen-Siyer-i-Nebi-Yarismasina-261-Ogrenci-Katildi.jpeg","datePublished":"2025-05-07T06:22:53+00:00","dateModified":"2025-05-07T06:22:55+00:00","author":{"@id":"https:\/\/tosyagazetesi.com\/#\/schema\/person\/9a1b0f7e1b008c6cede8cdbd5500a206"},"breadcrumb":{"@id":"https:\/\/tosyagazetesi.com\/index.php\/2025\/05\/07\/tosyada-duzenlenen-siyer-i-nebi-yarismasina-261-ogrenci-katildi\/#breadcrumb"},"inLanguage":"tr","potentialAction":[{"@type":"ReadAction","target":["https:\/\/tosyagazetesi.com\/index.php\/2025\/05\/07\/tosyada-duzenlenen-siyer-i-nebi-yarismasina-261-ogrenci-katildi\/"]}]},{"@type":"ImageObject","inLanguage":"tr","@id":"https:\/\/tosyagazetesi.com\/index.php\/2025\/05\/07\/tosyada-duzenlenen-siyer-i-nebi-yarismasina-261-ogrenci-katildi\/#primaryimage","url":"https:\/\/tosyagazetesi.com\/wp-content\/uploads\/2025\/05\/Tosyada-Duzenlenen-Siyer-i-Nebi-Yarismasina-261-Ogrenci-Katildi.jpeg","contentUrl":"https:\/\/tosyagazetesi.com\/wp-content\/uploads\/2025\/05\/Tosyada-Duzenlenen-Siyer-i-Nebi-Yarismasina-261-Ogrenci-Katildi.jpeg","width":900,"height":500},{"@type":"BreadcrumbList","@id":"https:\/\/tosyagazetesi.com\/index.php\/2025\/05\/07\/tosyada-duzenlenen-siyer-i-nebi-yarismasina-261-ogrenci-katildi\/#breadcrumb","itemListElement":[{"@type":"ListItem","position":1,"name":"Anasayfa","item":"https:\/\/tosyagazetesi.com\/"},{"@type":"ListItem","position":2,"name":"Tosya\u2019da D\u00fczenlenen Siyer-i Nebi Yar\u0131\u015fmas\u0131na 261 \u00d6\u011frenci Kat\u0131ld\u0131."}]},{"@type":"WebSite","@id":"https:\/\/tosyagazetesi.com\/#website","url":"https:\/\/tosyagazetesi.com\/","name":"","description":"","potentialAction":[{"@type":"SearchAction","target":{"@type":"EntryPoint","urlTemplate":"https:\/\/tosyagazetesi.com\/?s={search_term_string}"},"query-input":{"@type":"PropertyValueSpecification","valueRequired":true,"valueName":"search_term_string"}}],"inLanguage":"tr"},{"@type":"Person","@id":"https:\/\/tosyagazetesi.com\/#\/schema\/person\/9a1b0f7e1b008c6cede8cdbd5500a206","name":"admin","image":{"@type":"ImageObject","inLanguage":"tr","@id":"https:\/\/secure.gravatar.com\/avatar\/a3b9c4457143f713b454772cdba280ff47106c991ba15f91e94e0aabe3c83824?s=96&d=mm&r=g","url":"https:\/\/secure.gravatar.com\/avatar\/a3b9c4457143f713b454772cdba280ff47106c991ba15f91e94e0aabe3c83824?s=96&d=mm&r=g","contentUrl":"https:\/\/secure.gravatar.com\/avatar\/a3b9c4457143f713b454772cdba280ff47106c991ba15f91e94e0aabe3c83824?s=96&d=mm&r=g","caption":"admin"},"sameAs":["https:\/\/tosyagazetesi.com"],"url":"https:\/\/tosyagazetesi.com\/index.php\/author\/admin_mznznzn4\/"}]}},"views":735,"jetpack_publicize_connections":[],"_links":{"self":[{"href":"https:\/\/tosyagazetesi.com\/index.php\/wp-json\/wp\/v2\/posts\/1815","targetHints":{"allow":["GET"]}}],"collection":[{"href":"https:\/\/tosyagazetesi.com\/index.php\/wp-json\/wp\/v2\/posts"}],"about":[{"href":"https:\/\/tosyagazetesi.com\/index.php\/wp-json\/wp\/v2\/types\/post"}],"author":[{"embeddable":true,"href":"https:\/\/tosyagazetesi.com\/index.php\/wp-json\/wp\/v2\/users\/1"}],"replies":[{"embeddable":true,"href":"https:\/\/tosyagazetesi.com\/index.php\/wp-json\/wp\/v2\/comments?post=1815"}],"version-history":[{"count":1,"href":"https:\/\/tosyagazetesi.com\/index.php\/wp-json\/wp\/v2\/posts\/1815\/revisions"}],"predecessor-version":[{"id":1817,"href":"https:\/\/tosyagazetesi.com\/index.php\/wp-json\/wp\/v2\/posts\/1815\/revisions\/1817"}],"wp:featuredmedia":[{"embeddable":true,"href":"https:\/\/tosyagazetesi.com\/index.php\/wp-json\/wp\/v2\/media\/1816"}],"wp:attachment":[{"href":"https:\/\/tosyagazetesi.com\/index.php\/wp-json\/wp\/v2\/media?parent=1815"}],"wp:term":[{"taxonomy":"category","embeddable":true,"href":"https:\/\/tosyagazetesi.com\/index.php\/wp-json\/wp\/v2\/categories?post=1815"},{"taxonomy":"post_tag","embeddable":true,"href":"https:\/\/tosyagazetesi.com\/index.php\/wp-json\/wp\/v2\/tags?post=1815"}],"curies":[{"name":"wp","href":"https:\/\/api.w.org\/{rel}","templated":true}]}}