{"id":180,"date":"2023-03-07T08:21:29","date_gmt":"2023-03-07T08:21:29","guid":{"rendered":"https:\/\/tosyagazetesi.com\/?p=180"},"modified":"2023-03-07T08:21:32","modified_gmt":"2023-03-07T08:21:32","slug":"tosyada-meydana-gelen-trafik-kazasinda-3-kisi-yaralandi","status":"publish","type":"post","link":"https:\/\/tosyagazetesi.com\/index.php\/2023\/03\/07\/tosyada-meydana-gelen-trafik-kazasinda-3-kisi-yaralandi\/","title":{"rendered":"Tosya\u2019da Meydana Gelen Trafik Kazas\u0131nda 3 Ki\u015fi Yaraland\u0131"},"content":{"rendered":"\n<p>Kastamonu\u2019nun Tosya il\u00e7esinde meydana gelen trafik kazas\u0131nda 3 ki\u015fi yaraland\u0131.<\/p>\n\n\n\n<p>F.U. y\u00f6netimindeki 28 AAT 610 plakal\u0131 hafif ticari ara\u00e7, &nbsp;s\u00fcr\u00fcc\u00fcs\u00fcn\u00fcn direksiyon hakimiyetini kaybetmesi sonucu Akb\u00fck k\u00f6y\u00fc mevkisinde bariyerlere \u00e7arparak yan yatt\u0131.<\/p>\n\n\n\n<p>Kazada s\u00fcr\u00fcc\u00fc ile ayn\u0131 ara\u00e7ta yolcu olarak bulunan ve isimleri belirlenemeyen 2 ki\u015fi yaraland\u0131.<\/p>\n\n\n\n<p>Yaral\u0131lar, ihbar \u00fczerine olay yerine gelen 112 Acil Sa\u011fl\u0131k ekipleri taraf\u0131ndan Tosya Devlet Hastanesine kald\u0131r\u0131ld\u0131.<\/p>\n\n\n\n<p>Kaza nedeniyle D-100 kara yolu \u0130stanbul -Samsun istikametinin tek \u015feridi ula\u015f\u0131ma kapand\u0131.<\/p>\n\n\n\n<p>Tosya B\u00f6lge Trafik Denetleme \u0130stasyon Amirli\u011fi ve Karayollar\u0131 ekiplerinin yakla\u015f\u0131k 1 saatlik&nbsp; \u00e7al\u0131\u015fmas\u0131 sonucu yol, tekrar trafi\u011fe a\u00e7\u0131ld\u0131.<\/p>\n\n\n\n<figure class=\"wp-block-image size-full\"><img decoding=\"async\" src=\"https:\/\/kastamonuhaber37.com\/wp-content\/uploads\/2023\/01\/son-dakika-son-dakika.gif\" alt=\"\" class=\"wp-image-4725\"\/><\/figure>\n","protected":false},"excerpt":{"rendered":"<p>Kastamonu\u2019nun Tosya il\u00e7esinde meydana gelen trafik kazas\u0131nda 3 ki\u015fi yaraland\u0131. F.U. y\u00f6netimindeki 28 AAT 610 plakal\u0131 hafif ticari ara\u00e7, &nbsp;s\u00fcr\u00fcc\u00fcs\u00fcn\u00fcn direksiyon hakimiyetini kaybetmesi sonucu Akb\u00fck k\u00f6y\u00fc mevkisinde bariyerlere \u00e7arparak yan&hellip; <\/p>\n","protected":false},"author":1,"featured_media":128,"comment_status":"open","ping_status":"open","sticky":false,"template":"","format":"standard","meta":{"_joinchat":[],"footnotes":"","jetpack_publicize_message":"","jetpack_publicize_feature_enabled":true,"jetpack_social_post_already_shared":false,"jetpack_social_options":{"image_generator_settings":{"template":"highway","default_image_id":0,"font":"","enabled":false},"version":2}},"categories":[3],"tags":[],"class_list":["post-180","post","type-post","status-publish","format-standard","has-post-thumbnail","hentry","category-tosya-gazetesi"],"yoast_head":"<!-- This site is optimized with the Yoast SEO plugin v27.5 - https:\/\/yoast.com\/product\/yoast-seo-wordpress\/ -->\n<title>Tosya\u2019da Meydana Gelen Trafik Kazas\u0131nda 3 Ki\u015fi Yaraland\u0131 -<\/title>\n<meta name=\"robots\" content=\"index, follow, max-snippet:-1, max-image-preview:large, max-video-preview:-1\" \/>\n<link rel=\"canonical\" href=\"https:\/\/tosyagazetesi.com\/index.php\/2023\/03\/07\/tosyada-meydana-gelen-trafik-kazasinda-3-kisi-yaralandi\/\" \/>\n<meta property=\"og:locale\" content=\"tr_TR\" \/>\n<meta property=\"og:type\" content=\"article\" \/>\n<meta property=\"og:title\" content=\"Tosya\u2019da Meydana Gelen Trafik Kazas\u0131nda 3 Ki\u015fi Yaraland\u0131 -\" \/>\n<meta property=\"og:description\" content=\"Kastamonu\u2019nun Tosya il\u00e7esinde meydana gelen trafik kazas\u0131nda 3 ki\u015fi yaraland\u0131. F.U. y\u00f6netimindeki 28 AAT 610 plakal\u0131 hafif ticari ara\u00e7, &nbsp;s\u00fcr\u00fcc\u00fcs\u00fcn\u00fcn direksiyon hakimiyetini kaybetmesi sonucu Akb\u00fck k\u00f6y\u00fc mevkisinde bariyerlere \u00e7arparak yan&hellip;\" \/>\n<meta property=\"og:url\" content=\"https:\/\/tosyagazetesi.com\/index.php\/2023\/03\/07\/tosyada-meydana-gelen-trafik-kazasinda-3-kisi-yaralandi\/\" \/>\n<meta property=\"article:published_time\" content=\"2023-03-07T08:21:29+00:00\" \/>\n<meta property=\"article:modified_time\" content=\"2023-03-07T08:21:32+00:00\" \/>\n<meta property=\"og:image\" content=\"https:\/\/tosyagazetesi.com\/wp-content\/uploads\/2023\/01\/son-dakika-son-dakika.gif\" \/>\n\t<meta property=\"og:image:width\" content=\"800\" \/>\n\t<meta property=\"og:image:height\" content=\"444\" \/>\n\t<meta property=\"og:image:type\" content=\"image\/gif\" \/>\n<meta name=\"author\" content=\"admin\" \/>\n<meta name=\"twitter:card\" content=\"summary_large_image\" \/>\n<meta name=\"twitter:label1\" content=\"Yazan:\" \/>\n\t<meta name=\"twitter:data1\" content=\"admin\" \/>\n\t<meta name=\"twitter:label2\" content=\"Tahmini okuma s\u00fcresi\" \/>\n\t<meta name=\"twitter:data2\" content=\"1 dakika\" \/>\n<script type=\"application\/ld+json\" class=\"yoast-schema-graph\">{\"@context\":\"https:\\\/\\\/schema.org\",\"@graph\":[{\"@type\":\"Article\",\"@id\":\"https:\\\/\\\/tosyagazetesi.com\\\/index.php\\\/2023\\\/03\\\/07\\\/tosyada-meydana-gelen-trafik-kazasinda-3-kisi-yaralandi\\\/#article\",\"isPartOf\":{\"@id\":\"https:\\\/\\\/tosyagazetesi.com\\\/index.php\\\/2023\\\/03\\\/07\\\/tosyada-meydana-gelen-trafik-kazasinda-3-kisi-yaralandi\\\/\"},\"author\":{\"name\":\"admin\",\"@id\":\"https:\\\/\\\/tosyagazetesi.com\\\/#\\\/schema\\\/person\\\/9a1b0f7e1b008c6cede8cdbd5500a206\"},\"headline\":\"Tosya\u2019da Meydana Gelen Trafik Kazas\u0131nda 3 Ki\u015fi Yaraland\u0131\",\"datePublished\":\"2023-03-07T08:21:29+00:00\",\"dateModified\":\"2023-03-07T08:21:32+00:00\",\"mainEntityOfPage\":{\"@id\":\"https:\\\/\\\/tosyagazetesi.com\\\/index.php\\\/2023\\\/03\\\/07\\\/tosyada-meydana-gelen-trafik-kazasinda-3-kisi-yaralandi\\\/\"},\"wordCount\":126,\"commentCount\":0,\"image\":{\"@id\":\"https:\\\/\\\/tosyagazetesi.com\\\/index.php\\\/2023\\\/03\\\/07\\\/tosyada-meydana-gelen-trafik-kazasinda-3-kisi-yaralandi\\\/#primaryimage\"},\"thumbnailUrl\":\"https:\\\/\\\/tosyagazetesi.com\\\/wp-content\\\/uploads\\\/2023\\\/01\\\/son-dakika-son-dakika.gif\",\"articleSection\":[\"Tosya Gazetesi\"],\"inLanguage\":\"tr\",\"potentialAction\":[{\"@type\":\"CommentAction\",\"name\":\"Comment\",\"target\":[\"https:\\\/\\\/tosyagazetesi.com\\\/index.php\\\/2023\\\/03\\\/07\\\/tosyada-meydana-gelen-trafik-kazasinda-3-kisi-yaralandi\\\/#respond\"]}]},{\"@type\":\"WebPage\",\"@id\":\"https:\\\/\\\/tosyagazetesi.com\\\/index.php\\\/2023\\\/03\\\/07\\\/tosyada-meydana-gelen-trafik-kazasinda-3-kisi-yaralandi\\\/\",\"url\":\"https:\\\/\\\/tosyagazetesi.com\\\/index.php\\\/2023\\\/03\\\/07\\\/tosyada-meydana-gelen-trafik-kazasinda-3-kisi-yaralandi\\\/\",\"name\":\"Tosya\u2019da Meydana Gelen Trafik Kazas\u0131nda 3 Ki\u015fi Yaraland\u0131 -\",\"isPartOf\":{\"@id\":\"https:\\\/\\\/tosyagazetesi.com\\\/#website\"},\"primaryImageOfPage\":{\"@id\":\"https:\\\/\\\/tosyagazetesi.com\\\/index.php\\\/2023\\\/03\\\/07\\\/tosyada-meydana-gelen-trafik-kazasinda-3-kisi-yaralandi\\\/#primaryimage\"},\"image\":{\"@id\":\"https:\\\/\\\/tosyagazetesi.com\\\/index.php\\\/2023\\\/03\\\/07\\\/tosyada-meydana-gelen-trafik-kazasinda-3-kisi-yaralandi\\\/#primaryimage\"},\"thumbnailUrl\":\"https:\\\/\\\/tosyagazetesi.com\\\/wp-content\\\/uploads\\\/2023\\\/01\\\/son-dakika-son-dakika.gif\",\"datePublished\":\"2023-03-07T08:21:29+00:00\",\"dateModified\":\"2023-03-07T08:21:32+00:00\",\"author\":{\"@id\":\"https:\\\/\\\/tosyagazetesi.com\\\/#\\\/schema\\\/person\\\/9a1b0f7e1b008c6cede8cdbd5500a206\"},\"breadcrumb\":{\"@id\":\"https:\\\/\\\/tosyagazetesi.com\\\/index.php\\\/2023\\\/03\\\/07\\\/tosyada-meydana-gelen-trafik-kazasinda-3-kisi-yaralandi\\\/#breadcrumb\"},\"inLanguage\":\"tr\",\"potentialAction\":[{\"@type\":\"ReadAction\",\"target\":[\"https:\\\/\\\/tosyagazetesi.com\\\/index.php\\\/2023\\\/03\\\/07\\\/tosyada-meydana-gelen-trafik-kazasinda-3-kisi-yaralandi\\\/\"]}]},{\"@type\":\"ImageObject\",\"inLanguage\":\"tr\",\"@id\":\"https:\\\/\\\/tosyagazetesi.com\\\/index.php\\\/2023\\\/03\\\/07\\\/tosyada-meydana-gelen-trafik-kazasinda-3-kisi-yaralandi\\\/#primaryimage\",\"url\":\"https:\\\/\\\/tosyagazetesi.com\\\/wp-content\\\/uploads\\\/2023\\\/01\\\/son-dakika-son-dakika.gif\",\"contentUrl\":\"https:\\\/\\\/tosyagazetesi.com\\\/wp-content\\\/uploads\\\/2023\\\/01\\\/son-dakika-son-dakika.gif\",\"width\":800,\"height\":444},{\"@type\":\"BreadcrumbList\",\"@id\":\"https:\\\/\\\/tosyagazetesi.com\\\/index.php\\\/2023\\\/03\\\/07\\\/tosyada-meydana-gelen-trafik-kazasinda-3-kisi-yaralandi\\\/#breadcrumb\",\"itemListElement\":[{\"@type\":\"ListItem\",\"position\":1,\"name\":\"Anasayfa\",\"item\":\"https:\\\/\\\/tosyagazetesi.com\\\/\"},{\"@type\":\"ListItem\",\"position\":2,\"name\":\"Tosya\u2019da Meydana Gelen Trafik Kazas\u0131nda 3 Ki\u015fi Yaraland\u0131\"}]},{\"@type\":\"WebSite\",\"@id\":\"https:\\\/\\\/tosyagazetesi.com\\\/#website\",\"url\":\"https:\\\/\\\/tosyagazetesi.com\\\/\",\"name\":\"\",\"description\":\"\",\"potentialAction\":[{\"@type\":\"SearchAction\",\"target\":{\"@type\":\"EntryPoint\",\"urlTemplate\":\"https:\\\/\\\/tosyagazetesi.com\\\/?s={search_term_string}\"},\"query-input\":{\"@type\":\"PropertyValueSpecification\",\"valueRequired\":true,\"valueName\":\"search_term_string\"}}],\"inLanguage\":\"tr\"},{\"@type\":\"Person\",\"@id\":\"https:\\\/\\\/tosyagazetesi.com\\\/#\\\/schema\\\/person\\\/9a1b0f7e1b008c6cede8cdbd5500a206\",\"name\":\"admin\",\"image\":{\"@type\":\"ImageObject\",\"inLanguage\":\"tr\",\"@id\":\"https:\\\/\\\/secure.gravatar.com\\\/avatar\\\/a3b9c4457143f713b454772cdba280ff47106c991ba15f91e94e0aabe3c83824?s=96&d=mm&r=g\",\"url\":\"https:\\\/\\\/secure.gravatar.com\\\/avatar\\\/a3b9c4457143f713b454772cdba280ff47106c991ba15f91e94e0aabe3c83824?s=96&d=mm&r=g\",\"contentUrl\":\"https:\\\/\\\/secure.gravatar.com\\\/avatar\\\/a3b9c4457143f713b454772cdba280ff47106c991ba15f91e94e0aabe3c83824?s=96&d=mm&r=g\",\"caption\":\"admin\"},\"sameAs\":[\"https:\\\/\\\/tosyagazetesi.com\"],\"url\":\"https:\\\/\\\/tosyagazetesi.com\\\/index.php\\\/author\\\/admin_mznznzn4\\\/\"}]}<\/script>\n<!-- \/ Yoast SEO plugin. -->","yoast_head_json":{"title":"Tosya\u2019da Meydana Gelen Trafik Kazas\u0131nda 3 Ki\u015fi Yaraland\u0131 -","robots":{"index":"index","follow":"follow","max-snippet":"max-snippet:-1","max-image-preview":"max-image-preview:large","max-video-preview":"max-video-preview:-1"},"canonical":"https:\/\/tosyagazetesi.com\/index.php\/2023\/03\/07\/tosyada-meydana-gelen-trafik-kazasinda-3-kisi-yaralandi\/","og_locale":"tr_TR","og_type":"article","og_title":"Tosya\u2019da Meydana Gelen Trafik Kazas\u0131nda 3 Ki\u015fi Yaraland\u0131 -","og_description":"Kastamonu\u2019nun Tosya il\u00e7esinde meydana gelen trafik kazas\u0131nda 3 ki\u015fi yaraland\u0131. F.U. y\u00f6netimindeki 28 AAT 610 plakal\u0131 hafif ticari ara\u00e7, &nbsp;s\u00fcr\u00fcc\u00fcs\u00fcn\u00fcn direksiyon hakimiyetini kaybetmesi sonucu Akb\u00fck k\u00f6y\u00fc mevkisinde bariyerlere \u00e7arparak yan&hellip;","og_url":"https:\/\/tosyagazetesi.com\/index.php\/2023\/03\/07\/tosyada-meydana-gelen-trafik-kazasinda-3-kisi-yaralandi\/","article_published_time":"2023-03-07T08:21:29+00:00","article_modified_time":"2023-03-07T08:21:32+00:00","og_image":[{"width":800,"height":444,"url":"https:\/\/tosyagazetesi.com\/wp-content\/uploads\/2023\/01\/son-dakika-son-dakika.gif","type":"image\/gif"}],"author":"admin","twitter_card":"summary_large_image","twitter_misc":{"Yazan:":"admin","Tahmini okuma s\u00fcresi":"1 dakika"},"schema":{"@context":"https:\/\/schema.org","@graph":[{"@type":"Article","@id":"https:\/\/tosyagazetesi.com\/index.php\/2023\/03\/07\/tosyada-meydana-gelen-trafik-kazasinda-3-kisi-yaralandi\/#article","isPartOf":{"@id":"https:\/\/tosyagazetesi.com\/index.php\/2023\/03\/07\/tosyada-meydana-gelen-trafik-kazasinda-3-kisi-yaralandi\/"},"author":{"name":"admin","@id":"https:\/\/tosyagazetesi.com\/#\/schema\/person\/9a1b0f7e1b008c6cede8cdbd5500a206"},"headline":"Tosya\u2019da Meydana Gelen Trafik Kazas\u0131nda 3 Ki\u015fi Yaraland\u0131","datePublished":"2023-03-07T08:21:29+00:00","dateModified":"2023-03-07T08:21:32+00:00","mainEntityOfPage":{"@id":"https:\/\/tosyagazetesi.com\/index.php\/2023\/03\/07\/tosyada-meydana-gelen-trafik-kazasinda-3-kisi-yaralandi\/"},"wordCount":126,"commentCount":0,"image":{"@id":"https:\/\/tosyagazetesi.com\/index.php\/2023\/03\/07\/tosyada-meydana-gelen-trafik-kazasinda-3-kisi-yaralandi\/#primaryimage"},"thumbnailUrl":"https:\/\/tosyagazetesi.com\/wp-content\/uploads\/2023\/01\/son-dakika-son-dakika.gif","articleSection":["Tosya Gazetesi"],"inLanguage":"tr","potentialAction":[{"@type":"CommentAction","name":"Comment","target":["https:\/\/tosyagazetesi.com\/index.php\/2023\/03\/07\/tosyada-meydana-gelen-trafik-kazasinda-3-kisi-yaralandi\/#respond"]}]},{"@type":"WebPage","@id":"https:\/\/tosyagazetesi.com\/index.php\/2023\/03\/07\/tosyada-meydana-gelen-trafik-kazasinda-3-kisi-yaralandi\/","url":"https:\/\/tosyagazetesi.com\/index.php\/2023\/03\/07\/tosyada-meydana-gelen-trafik-kazasinda-3-kisi-yaralandi\/","name":"Tosya\u2019da Meydana Gelen Trafik Kazas\u0131nda 3 Ki\u015fi Yaraland\u0131 -","isPartOf":{"@id":"https:\/\/tosyagazetesi.com\/#website"},"primaryImageOfPage":{"@id":"https:\/\/tosyagazetesi.com\/index.php\/2023\/03\/07\/tosyada-meydana-gelen-trafik-kazasinda-3-kisi-yaralandi\/#primaryimage"},"image":{"@id":"https:\/\/tosyagazetesi.com\/index.php\/2023\/03\/07\/tosyada-meydana-gelen-trafik-kazasinda-3-kisi-yaralandi\/#primaryimage"},"thumbnailUrl":"https:\/\/tosyagazetesi.com\/wp-content\/uploads\/2023\/01\/son-dakika-son-dakika.gif","datePublished":"2023-03-07T08:21:29+00:00","dateModified":"2023-03-07T08:21:32+00:00","author":{"@id":"https:\/\/tosyagazetesi.com\/#\/schema\/person\/9a1b0f7e1b008c6cede8cdbd5500a206"},"breadcrumb":{"@id":"https:\/\/tosyagazetesi.com\/index.php\/2023\/03\/07\/tosyada-meydana-gelen-trafik-kazasinda-3-kisi-yaralandi\/#breadcrumb"},"inLanguage":"tr","potentialAction":[{"@type":"ReadAction","target":["https:\/\/tosyagazetesi.com\/index.php\/2023\/03\/07\/tosyada-meydana-gelen-trafik-kazasinda-3-kisi-yaralandi\/"]}]},{"@type":"ImageObject","inLanguage":"tr","@id":"https:\/\/tosyagazetesi.com\/index.php\/2023\/03\/07\/tosyada-meydana-gelen-trafik-kazasinda-3-kisi-yaralandi\/#primaryimage","url":"https:\/\/tosyagazetesi.com\/wp-content\/uploads\/2023\/01\/son-dakika-son-dakika.gif","contentUrl":"https:\/\/tosyagazetesi.com\/wp-content\/uploads\/2023\/01\/son-dakika-son-dakika.gif","width":800,"height":444},{"@type":"BreadcrumbList","@id":"https:\/\/tosyagazetesi.com\/index.php\/2023\/03\/07\/tosyada-meydana-gelen-trafik-kazasinda-3-kisi-yaralandi\/#breadcrumb","itemListElement":[{"@type":"ListItem","position":1,"name":"Anasayfa","item":"https:\/\/tosyagazetesi.com\/"},{"@type":"ListItem","position":2,"name":"Tosya\u2019da Meydana Gelen Trafik Kazas\u0131nda 3 Ki\u015fi Yaraland\u0131"}]},{"@type":"WebSite","@id":"https:\/\/tosyagazetesi.com\/#website","url":"https:\/\/tosyagazetesi.com\/","name":"","description":"","potentialAction":[{"@type":"SearchAction","target":{"@type":"EntryPoint","urlTemplate":"https:\/\/tosyagazetesi.com\/?s={search_term_string}"},"query-input":{"@type":"PropertyValueSpecification","valueRequired":true,"valueName":"search_term_string"}}],"inLanguage":"tr"},{"@type":"Person","@id":"https:\/\/tosyagazetesi.com\/#\/schema\/person\/9a1b0f7e1b008c6cede8cdbd5500a206","name":"admin","image":{"@type":"ImageObject","inLanguage":"tr","@id":"https:\/\/secure.gravatar.com\/avatar\/a3b9c4457143f713b454772cdba280ff47106c991ba15f91e94e0aabe3c83824?s=96&d=mm&r=g","url":"https:\/\/secure.gravatar.com\/avatar\/a3b9c4457143f713b454772cdba280ff47106c991ba15f91e94e0aabe3c83824?s=96&d=mm&r=g","contentUrl":"https:\/\/secure.gravatar.com\/avatar\/a3b9c4457143f713b454772cdba280ff47106c991ba15f91e94e0aabe3c83824?s=96&d=mm&r=g","caption":"admin"},"sameAs":["https:\/\/tosyagazetesi.com"],"url":"https:\/\/tosyagazetesi.com\/index.php\/author\/admin_mznznzn4\/"}]}},"views":788,"jetpack_publicize_connections":[],"_links":{"self":[{"href":"https:\/\/tosyagazetesi.com\/index.php\/wp-json\/wp\/v2\/posts\/180","targetHints":{"allow":["GET"]}}],"collection":[{"href":"https:\/\/tosyagazetesi.com\/index.php\/wp-json\/wp\/v2\/posts"}],"about":[{"href":"https:\/\/tosyagazetesi.com\/index.php\/wp-json\/wp\/v2\/types\/post"}],"author":[{"embeddable":true,"href":"https:\/\/tosyagazetesi.com\/index.php\/wp-json\/wp\/v2\/users\/1"}],"replies":[{"embeddable":true,"href":"https:\/\/tosyagazetesi.com\/index.php\/wp-json\/wp\/v2\/comments?post=180"}],"version-history":[{"count":1,"href":"https:\/\/tosyagazetesi.com\/index.php\/wp-json\/wp\/v2\/posts\/180\/revisions"}],"predecessor-version":[{"id":181,"href":"https:\/\/tosyagazetesi.com\/index.php\/wp-json\/wp\/v2\/posts\/180\/revisions\/181"}],"wp:featuredmedia":[{"embeddable":true,"href":"https:\/\/tosyagazetesi.com\/index.php\/wp-json\/wp\/v2\/media\/128"}],"wp:attachment":[{"href":"https:\/\/tosyagazetesi.com\/index.php\/wp-json\/wp\/v2\/media?parent=180"}],"wp:term":[{"taxonomy":"category","embeddable":true,"href":"https:\/\/tosyagazetesi.com\/index.php\/wp-json\/wp\/v2\/categories?post=180"},{"taxonomy":"post_tag","embeddable":true,"href":"https:\/\/tosyagazetesi.com\/index.php\/wp-json\/wp\/v2\/tags?post=180"}],"curies":[{"name":"wp","href":"https:\/\/api.w.org\/{rel}","templated":true}]}}