{"id":1761,"date":"2025-04-29T06:00:45","date_gmt":"2025-04-29T06:00:45","guid":{"rendered":"https:\/\/tosyagazetesi.com\/?p=1761"},"modified":"2025-04-29T06:02:10","modified_gmt":"2025-04-29T06:02:10","slug":"turkce-egitimin-balkanlardaki-asirlik-cinari-tefeyyuz-ilkogretim-okulu-tosyada","status":"publish","type":"post","link":"https:\/\/tosyagazetesi.com\/index.php\/2025\/04\/29\/turkce-egitimin-balkanlardaki-asirlik-cinari-tefeyyuz-ilkogretim-okulu-tosyada\/","title":{"rendered":"T\u00fcrk\u00e7e E\u011fitimin Balkanlar\u2019daki As\u0131rl\u0131k \u00c7\u0131nar\u0131 Tefeyy\u00fcz \u0130lk\u00f6\u011fretim Okulu Tosya\u2019da."},"content":{"rendered":"\n<p>Makedonya\u2019n\u0131n ba\u015fkenti \u00dcsk\u00fcp\u2019te T\u00fcrk\u00e7e e\u011fitim veren Tefeyy\u00fcz \u0130lk\u00f6\u011fretim Okulu\u201d heyeti, Kastamonu ve Tosya\u2019da 23 Nisan Ulusal Egemenlik ve \u00c7ocuk Bayram\u0131 m\u00fcnasebetiyle bir dizi ziyaret d\u00fczenledi.<\/p>\n\n\n\n<p><br>14 \u00f6\u011frenci ve 10 \u00f6\u011fretmenin bulundu\u011fu heyet \u00f6ncelikle Tosya Belediyesi ziyaretinde bulunarak Tosya \u015fehir merkezinde, il\u00e7enin co\u011frafi g\u00fczellikleri ile mutfa\u011f\u0131n\u0131 tan\u0131ma imkan\u0131 buldu.<\/p>\n\n\n\n<p>23 Nisan Ulusal Egemenlik ve \u00c7ocuk Bayram\u0131 kutlamalar\u0131 kapsam\u0131nda d\u00fczenlenen gezi \u00e7er\u00e7evesinde ziyaretten dolay\u0131 duydu\u011fu memnuniyeti ifade eden Belediye Ba\u015fkan\u0131 Volkan Kavakl\u0131gil ge\u00e7ti\u011fimiz aylarda \u00dcsk\u00fcp\u2019e giderek burada ger\u00e7ekle\u015ftirdikleri ziyaretler esnas\u0131nda \u00e7ok g\u00fczel a\u011f\u0131rland\u0131klar\u0131n\u0131 dile getirerek; \u201c Tefeyy\u00fcz \u0130lk\u00f6\u011fretim Okulu M\u00fcd\u00fcr\u00fc Say\u0131n Salaydin Zekir, Psikolog Say\u0131n \u015eenay Dalip, Pedagog Say\u0131n Filiz Kerim, T\u00fcrk\u00e7e \u00d6\u011frtemni Say\u0131n G\u00fclten Halim, Tarih \u00d6\u011fretmeni Say\u0131n Ceylan Ru\u015fid, Biyoloji \u00d6\u011fretmeni Say\u0131n \u00dcm\u00fcrzat Abdula ve S\u0131n\u0131f \u00d6\u011fretmenleri Say\u0131n T\u00fclay Ademi ile Say\u0131n Sema \u015eaban\u2019a misafirperverliklerinden \u00f6t\u00fcr\u00fc te\u015fekk\u00fcr ediyor, kendilerini Tosya\u2019da a\u011f\u0131rlamaktan da duydu\u011fumuz memnuniyeti ifade etmek istiyorum\u201d dedi.<\/p>\n\n\n\n<p>Tefeyy\u00fcz \u0130lk\u00f6\u011fretim Okulu M\u00fcd\u00fcr\u00fc Salaydin Zekir ise a\u00e7\u0131klamas\u0131nda; \u201cBu ziyaretler sayesinde \u00e7ocuklar\u0131m\u0131z Kastamonu\u2019ya ve Tosya\u2019ya \u00e7ok ba\u011fland\u0131lar ve buray\u0131 \u00e7ok sevdiler. \u00dcsk\u00fcp ve Tosya aras\u0131nda kurulan bu g\u00fczel ba\u011f\u0131n art\u0131k hi\u00e7bir zaman kopmayaca\u011f\u0131n\u0131 d\u00fc\u015f\u00fcn\u00fcyoruz. De\u011ferli zamanlar\u0131n\u0131 bize ay\u0131ran Belediye Ba\u015fkan\u0131m\u0131za \u00e7ok m\u00fcte\u015fekkiriz. Tosya\u2019n\u0131n k\u00fclt\u00fcr\u00fcn\u00fc, lezzetlerini ve do\u011fal g\u00fczelliklerini yerinde g\u00f6rmek bizler i\u00e7in ayr\u0131 bir mutluluk. \u00c7ocuklar\u0131m\u0131z\u0131n sosyalle\u015fmesinin yan\u0131 s\u0131ra gezdi\u011fimiz kodlama, sanat, yabanc\u0131 dil ve \u00e7e\u015fitli deney at\u00f6lyeleri y\u00fcksek seviyeli \u00f6zel yetenek \u00f6\u011frencilerimiz i\u00e7in ise bir ilk ve model olacak. Bu sene T\u00fcrkiye B\u00fcy\u00fck Millet Meclisinin (TBMM) a\u00e7\u0131l\u0131\u015f\u0131n\u0131n 105. y\u0131l d\u00f6n\u00fcm\u00fcn\u00fc kutlarken Cumhuriyet i\u00e7in ayr\u0131 bir \u00f6neme sahip Kastamonu\u2019da olmak ayr\u0131 bir gurur.\u201d diye konu\u015ftu.<\/p>\n\n\n\n<figure class=\"wp-block-image size-full\"><img loading=\"lazy\" decoding=\"async\" width=\"900\" height=\"500\" src=\"https:\/\/tosyagazetesi.com\/wp-content\/uploads\/2025\/04\/Turkce-egitimin-Balkanlardaki-asirlik-cinari-Tefeyyuz-Ilkogretim-Okulu-Tosyada.jpeg\" alt=\"\" class=\"wp-image-1762\" srcset=\"https:\/\/tosyagazetesi.com\/wp-content\/uploads\/2025\/04\/Turkce-egitimin-Balkanlardaki-asirlik-cinari-Tefeyyuz-Ilkogretim-Okulu-Tosyada.jpeg 900w, https:\/\/tosyagazetesi.com\/wp-content\/uploads\/2025\/04\/Turkce-egitimin-Balkanlardaki-asirlik-cinari-Tefeyyuz-Ilkogretim-Okulu-Tosyada-300x167.jpeg 300w, https:\/\/tosyagazetesi.com\/wp-content\/uploads\/2025\/04\/Turkce-egitimin-Balkanlardaki-asirlik-cinari-Tefeyyuz-Ilkogretim-Okulu-Tosyada-768x427.jpeg 768w\" sizes=\"auto, (max-width: 900px) 100vw, 900px\" \/><\/figure>\n","protected":false},"excerpt":{"rendered":"<p>Makedonya\u2019n\u0131n ba\u015fkenti \u00dcsk\u00fcp\u2019te T\u00fcrk\u00e7e e\u011fitim veren Tefeyy\u00fcz \u0130lk\u00f6\u011fretim Okulu\u201d heyeti, Kastamonu ve Tosya\u2019da 23 Nisan Ulusal Egemenlik ve \u00c7ocuk Bayram\u0131 m\u00fcnasebetiyle bir dizi ziyaret d\u00fczenledi. 14 \u00f6\u011frenci ve 10 \u00f6\u011fretmenin&hellip; <\/p>\n","protected":false},"author":1,"featured_media":1762,"comment_status":"open","ping_status":"open","sticky":false,"template":"","format":"standard","meta":{"_joinchat":[],"footnotes":"","jetpack_publicize_message":"","jetpack_publicize_feature_enabled":true,"jetpack_social_post_already_shared":false,"jetpack_social_options":{"image_generator_settings":{"template":"highway","default_image_id":0,"font":"","enabled":false},"version":2}},"categories":[3],"tags":[],"class_list":["post-1761","post","type-post","status-publish","format-standard","has-post-thumbnail","hentry","category-tosya-gazetesi"],"yoast_head":"<!-- This site is optimized with the Yoast SEO plugin v27.5 - https:\/\/yoast.com\/product\/yoast-seo-wordpress\/ -->\n<title>T\u00fcrk\u00e7e E\u011fitimin Balkanlar\u2019daki As\u0131rl\u0131k \u00c7\u0131nar\u0131 Tefeyy\u00fcz \u0130lk\u00f6\u011fretim Okulu Tosya\u2019da. -<\/title>\n<meta name=\"robots\" content=\"index, follow, max-snippet:-1, max-image-preview:large, max-video-preview:-1\" \/>\n<link rel=\"canonical\" href=\"https:\/\/tosyagazetesi.com\/index.php\/2025\/04\/29\/turkce-egitimin-balkanlardaki-asirlik-cinari-tefeyyuz-ilkogretim-okulu-tosyada\/\" \/>\n<meta property=\"og:locale\" content=\"tr_TR\" \/>\n<meta property=\"og:type\" content=\"article\" \/>\n<meta property=\"og:title\" content=\"T\u00fcrk\u00e7e E\u011fitimin Balkanlar\u2019daki As\u0131rl\u0131k \u00c7\u0131nar\u0131 Tefeyy\u00fcz \u0130lk\u00f6\u011fretim Okulu Tosya\u2019da. -\" \/>\n<meta property=\"og:description\" content=\"Makedonya\u2019n\u0131n ba\u015fkenti \u00dcsk\u00fcp\u2019te T\u00fcrk\u00e7e e\u011fitim veren Tefeyy\u00fcz \u0130lk\u00f6\u011fretim Okulu\u201d heyeti, Kastamonu ve Tosya\u2019da 23 Nisan Ulusal Egemenlik ve \u00c7ocuk Bayram\u0131 m\u00fcnasebetiyle bir dizi ziyaret d\u00fczenledi. 14 \u00f6\u011frenci ve 10 \u00f6\u011fretmenin&hellip;\" \/>\n<meta property=\"og:url\" content=\"https:\/\/tosyagazetesi.com\/index.php\/2025\/04\/29\/turkce-egitimin-balkanlardaki-asirlik-cinari-tefeyyuz-ilkogretim-okulu-tosyada\/\" \/>\n<meta property=\"article:published_time\" content=\"2025-04-29T06:00:45+00:00\" \/>\n<meta property=\"article:modified_time\" content=\"2025-04-29T06:02:10+00:00\" \/>\n<meta property=\"og:image\" content=\"https:\/\/tosyagazetesi.com\/wp-content\/uploads\/2025\/04\/Turkce-egitimin-Balkanlardaki-asirlik-cinari-Tefeyyuz-Ilkogretim-Okulu-Tosyada.jpeg\" \/>\n\t<meta property=\"og:image:width\" content=\"900\" \/>\n\t<meta property=\"og:image:height\" content=\"500\" \/>\n\t<meta property=\"og:image:type\" content=\"image\/jpeg\" \/>\n<meta name=\"author\" content=\"admin\" \/>\n<meta name=\"twitter:card\" content=\"summary_large_image\" \/>\n<meta name=\"twitter:label1\" content=\"Yazan:\" \/>\n\t<meta name=\"twitter:data1\" content=\"admin\" \/>\n\t<meta name=\"twitter:label2\" content=\"Tahmini okuma s\u00fcresi\" \/>\n\t<meta name=\"twitter:data2\" content=\"2 dakika\" \/>\n<script type=\"application\/ld+json\" class=\"yoast-schema-graph\">{\"@context\":\"https:\\\/\\\/schema.org\",\"@graph\":[{\"@type\":\"Article\",\"@id\":\"https:\\\/\\\/tosyagazetesi.com\\\/index.php\\\/2025\\\/04\\\/29\\\/turkce-egitimin-balkanlardaki-asirlik-cinari-tefeyyuz-ilkogretim-okulu-tosyada\\\/#article\",\"isPartOf\":{\"@id\":\"https:\\\/\\\/tosyagazetesi.com\\\/index.php\\\/2025\\\/04\\\/29\\\/turkce-egitimin-balkanlardaki-asirlik-cinari-tefeyyuz-ilkogretim-okulu-tosyada\\\/\"},\"author\":{\"name\":\"admin\",\"@id\":\"https:\\\/\\\/tosyagazetesi.com\\\/#\\\/schema\\\/person\\\/9a1b0f7e1b008c6cede8cdbd5500a206\"},\"headline\":\"T\u00fcrk\u00e7e E\u011fitimin Balkanlar\u2019daki As\u0131rl\u0131k \u00c7\u0131nar\u0131 Tefeyy\u00fcz \u0130lk\u00f6\u011fretim Okulu Tosya\u2019da.\",\"datePublished\":\"2025-04-29T06:00:45+00:00\",\"dateModified\":\"2025-04-29T06:02:10+00:00\",\"mainEntityOfPage\":{\"@id\":\"https:\\\/\\\/tosyagazetesi.com\\\/index.php\\\/2025\\\/04\\\/29\\\/turkce-egitimin-balkanlardaki-asirlik-cinari-tefeyyuz-ilkogretim-okulu-tosyada\\\/\"},\"wordCount\":379,\"commentCount\":0,\"image\":{\"@id\":\"https:\\\/\\\/tosyagazetesi.com\\\/index.php\\\/2025\\\/04\\\/29\\\/turkce-egitimin-balkanlardaki-asirlik-cinari-tefeyyuz-ilkogretim-okulu-tosyada\\\/#primaryimage\"},\"thumbnailUrl\":\"https:\\\/\\\/tosyagazetesi.com\\\/wp-content\\\/uploads\\\/2025\\\/04\\\/Turkce-egitimin-Balkanlardaki-asirlik-cinari-Tefeyyuz-Ilkogretim-Okulu-Tosyada.jpeg\",\"articleSection\":[\"Tosya Gazetesi\"],\"inLanguage\":\"tr\",\"potentialAction\":[{\"@type\":\"CommentAction\",\"name\":\"Comment\",\"target\":[\"https:\\\/\\\/tosyagazetesi.com\\\/index.php\\\/2025\\\/04\\\/29\\\/turkce-egitimin-balkanlardaki-asirlik-cinari-tefeyyuz-ilkogretim-okulu-tosyada\\\/#respond\"]}]},{\"@type\":\"WebPage\",\"@id\":\"https:\\\/\\\/tosyagazetesi.com\\\/index.php\\\/2025\\\/04\\\/29\\\/turkce-egitimin-balkanlardaki-asirlik-cinari-tefeyyuz-ilkogretim-okulu-tosyada\\\/\",\"url\":\"https:\\\/\\\/tosyagazetesi.com\\\/index.php\\\/2025\\\/04\\\/29\\\/turkce-egitimin-balkanlardaki-asirlik-cinari-tefeyyuz-ilkogretim-okulu-tosyada\\\/\",\"name\":\"T\u00fcrk\u00e7e E\u011fitimin Balkanlar\u2019daki As\u0131rl\u0131k \u00c7\u0131nar\u0131 Tefeyy\u00fcz \u0130lk\u00f6\u011fretim Okulu Tosya\u2019da. -\",\"isPartOf\":{\"@id\":\"https:\\\/\\\/tosyagazetesi.com\\\/#website\"},\"primaryImageOfPage\":{\"@id\":\"https:\\\/\\\/tosyagazetesi.com\\\/index.php\\\/2025\\\/04\\\/29\\\/turkce-egitimin-balkanlardaki-asirlik-cinari-tefeyyuz-ilkogretim-okulu-tosyada\\\/#primaryimage\"},\"image\":{\"@id\":\"https:\\\/\\\/tosyagazetesi.com\\\/index.php\\\/2025\\\/04\\\/29\\\/turkce-egitimin-balkanlardaki-asirlik-cinari-tefeyyuz-ilkogretim-okulu-tosyada\\\/#primaryimage\"},\"thumbnailUrl\":\"https:\\\/\\\/tosyagazetesi.com\\\/wp-content\\\/uploads\\\/2025\\\/04\\\/Turkce-egitimin-Balkanlardaki-asirlik-cinari-Tefeyyuz-Ilkogretim-Okulu-Tosyada.jpeg\",\"datePublished\":\"2025-04-29T06:00:45+00:00\",\"dateModified\":\"2025-04-29T06:02:10+00:00\",\"author\":{\"@id\":\"https:\\\/\\\/tosyagazetesi.com\\\/#\\\/schema\\\/person\\\/9a1b0f7e1b008c6cede8cdbd5500a206\"},\"breadcrumb\":{\"@id\":\"https:\\\/\\\/tosyagazetesi.com\\\/index.php\\\/2025\\\/04\\\/29\\\/turkce-egitimin-balkanlardaki-asirlik-cinari-tefeyyuz-ilkogretim-okulu-tosyada\\\/#breadcrumb\"},\"inLanguage\":\"tr\",\"potentialAction\":[{\"@type\":\"ReadAction\",\"target\":[\"https:\\\/\\\/tosyagazetesi.com\\\/index.php\\\/2025\\\/04\\\/29\\\/turkce-egitimin-balkanlardaki-asirlik-cinari-tefeyyuz-ilkogretim-okulu-tosyada\\\/\"]}]},{\"@type\":\"ImageObject\",\"inLanguage\":\"tr\",\"@id\":\"https:\\\/\\\/tosyagazetesi.com\\\/index.php\\\/2025\\\/04\\\/29\\\/turkce-egitimin-balkanlardaki-asirlik-cinari-tefeyyuz-ilkogretim-okulu-tosyada\\\/#primaryimage\",\"url\":\"https:\\\/\\\/tosyagazetesi.com\\\/wp-content\\\/uploads\\\/2025\\\/04\\\/Turkce-egitimin-Balkanlardaki-asirlik-cinari-Tefeyyuz-Ilkogretim-Okulu-Tosyada.jpeg\",\"contentUrl\":\"https:\\\/\\\/tosyagazetesi.com\\\/wp-content\\\/uploads\\\/2025\\\/04\\\/Turkce-egitimin-Balkanlardaki-asirlik-cinari-Tefeyyuz-Ilkogretim-Okulu-Tosyada.jpeg\",\"width\":900,\"height\":500},{\"@type\":\"BreadcrumbList\",\"@id\":\"https:\\\/\\\/tosyagazetesi.com\\\/index.php\\\/2025\\\/04\\\/29\\\/turkce-egitimin-balkanlardaki-asirlik-cinari-tefeyyuz-ilkogretim-okulu-tosyada\\\/#breadcrumb\",\"itemListElement\":[{\"@type\":\"ListItem\",\"position\":1,\"name\":\"Anasayfa\",\"item\":\"https:\\\/\\\/tosyagazetesi.com\\\/\"},{\"@type\":\"ListItem\",\"position\":2,\"name\":\"T\u00fcrk\u00e7e E\u011fitimin Balkanlar\u2019daki As\u0131rl\u0131k \u00c7\u0131nar\u0131 Tefeyy\u00fcz \u0130lk\u00f6\u011fretim Okulu Tosya\u2019da.\"}]},{\"@type\":\"WebSite\",\"@id\":\"https:\\\/\\\/tosyagazetesi.com\\\/#website\",\"url\":\"https:\\\/\\\/tosyagazetesi.com\\\/\",\"name\":\"\",\"description\":\"\",\"potentialAction\":[{\"@type\":\"SearchAction\",\"target\":{\"@type\":\"EntryPoint\",\"urlTemplate\":\"https:\\\/\\\/tosyagazetesi.com\\\/?s={search_term_string}\"},\"query-input\":{\"@type\":\"PropertyValueSpecification\",\"valueRequired\":true,\"valueName\":\"search_term_string\"}}],\"inLanguage\":\"tr\"},{\"@type\":\"Person\",\"@id\":\"https:\\\/\\\/tosyagazetesi.com\\\/#\\\/schema\\\/person\\\/9a1b0f7e1b008c6cede8cdbd5500a206\",\"name\":\"admin\",\"image\":{\"@type\":\"ImageObject\",\"inLanguage\":\"tr\",\"@id\":\"https:\\\/\\\/secure.gravatar.com\\\/avatar\\\/a3b9c4457143f713b454772cdba280ff47106c991ba15f91e94e0aabe3c83824?s=96&d=mm&r=g\",\"url\":\"https:\\\/\\\/secure.gravatar.com\\\/avatar\\\/a3b9c4457143f713b454772cdba280ff47106c991ba15f91e94e0aabe3c83824?s=96&d=mm&r=g\",\"contentUrl\":\"https:\\\/\\\/secure.gravatar.com\\\/avatar\\\/a3b9c4457143f713b454772cdba280ff47106c991ba15f91e94e0aabe3c83824?s=96&d=mm&r=g\",\"caption\":\"admin\"},\"sameAs\":[\"https:\\\/\\\/tosyagazetesi.com\"],\"url\":\"https:\\\/\\\/tosyagazetesi.com\\\/index.php\\\/author\\\/admin_mznznzn4\\\/\"}]}<\/script>\n<!-- \/ Yoast SEO plugin. -->","yoast_head_json":{"title":"T\u00fcrk\u00e7e E\u011fitimin Balkanlar\u2019daki As\u0131rl\u0131k \u00c7\u0131nar\u0131 Tefeyy\u00fcz \u0130lk\u00f6\u011fretim Okulu Tosya\u2019da. -","robots":{"index":"index","follow":"follow","max-snippet":"max-snippet:-1","max-image-preview":"max-image-preview:large","max-video-preview":"max-video-preview:-1"},"canonical":"https:\/\/tosyagazetesi.com\/index.php\/2025\/04\/29\/turkce-egitimin-balkanlardaki-asirlik-cinari-tefeyyuz-ilkogretim-okulu-tosyada\/","og_locale":"tr_TR","og_type":"article","og_title":"T\u00fcrk\u00e7e E\u011fitimin Balkanlar\u2019daki As\u0131rl\u0131k \u00c7\u0131nar\u0131 Tefeyy\u00fcz \u0130lk\u00f6\u011fretim Okulu Tosya\u2019da. -","og_description":"Makedonya\u2019n\u0131n ba\u015fkenti \u00dcsk\u00fcp\u2019te T\u00fcrk\u00e7e e\u011fitim veren Tefeyy\u00fcz \u0130lk\u00f6\u011fretim Okulu\u201d heyeti, Kastamonu ve Tosya\u2019da 23 Nisan Ulusal Egemenlik ve \u00c7ocuk Bayram\u0131 m\u00fcnasebetiyle bir dizi ziyaret d\u00fczenledi. 14 \u00f6\u011frenci ve 10 \u00f6\u011fretmenin&hellip;","og_url":"https:\/\/tosyagazetesi.com\/index.php\/2025\/04\/29\/turkce-egitimin-balkanlardaki-asirlik-cinari-tefeyyuz-ilkogretim-okulu-tosyada\/","article_published_time":"2025-04-29T06:00:45+00:00","article_modified_time":"2025-04-29T06:02:10+00:00","og_image":[{"width":900,"height":500,"url":"https:\/\/tosyagazetesi.com\/wp-content\/uploads\/2025\/04\/Turkce-egitimin-Balkanlardaki-asirlik-cinari-Tefeyyuz-Ilkogretim-Okulu-Tosyada.jpeg","type":"image\/jpeg"}],"author":"admin","twitter_card":"summary_large_image","twitter_misc":{"Yazan:":"admin","Tahmini okuma s\u00fcresi":"2 dakika"},"schema":{"@context":"https:\/\/schema.org","@graph":[{"@type":"Article","@id":"https:\/\/tosyagazetesi.com\/index.php\/2025\/04\/29\/turkce-egitimin-balkanlardaki-asirlik-cinari-tefeyyuz-ilkogretim-okulu-tosyada\/#article","isPartOf":{"@id":"https:\/\/tosyagazetesi.com\/index.php\/2025\/04\/29\/turkce-egitimin-balkanlardaki-asirlik-cinari-tefeyyuz-ilkogretim-okulu-tosyada\/"},"author":{"name":"admin","@id":"https:\/\/tosyagazetesi.com\/#\/schema\/person\/9a1b0f7e1b008c6cede8cdbd5500a206"},"headline":"T\u00fcrk\u00e7e E\u011fitimin Balkanlar\u2019daki As\u0131rl\u0131k \u00c7\u0131nar\u0131 Tefeyy\u00fcz \u0130lk\u00f6\u011fretim Okulu Tosya\u2019da.","datePublished":"2025-04-29T06:00:45+00:00","dateModified":"2025-04-29T06:02:10+00:00","mainEntityOfPage":{"@id":"https:\/\/tosyagazetesi.com\/index.php\/2025\/04\/29\/turkce-egitimin-balkanlardaki-asirlik-cinari-tefeyyuz-ilkogretim-okulu-tosyada\/"},"wordCount":379,"commentCount":0,"image":{"@id":"https:\/\/tosyagazetesi.com\/index.php\/2025\/04\/29\/turkce-egitimin-balkanlardaki-asirlik-cinari-tefeyyuz-ilkogretim-okulu-tosyada\/#primaryimage"},"thumbnailUrl":"https:\/\/tosyagazetesi.com\/wp-content\/uploads\/2025\/04\/Turkce-egitimin-Balkanlardaki-asirlik-cinari-Tefeyyuz-Ilkogretim-Okulu-Tosyada.jpeg","articleSection":["Tosya Gazetesi"],"inLanguage":"tr","potentialAction":[{"@type":"CommentAction","name":"Comment","target":["https:\/\/tosyagazetesi.com\/index.php\/2025\/04\/29\/turkce-egitimin-balkanlardaki-asirlik-cinari-tefeyyuz-ilkogretim-okulu-tosyada\/#respond"]}]},{"@type":"WebPage","@id":"https:\/\/tosyagazetesi.com\/index.php\/2025\/04\/29\/turkce-egitimin-balkanlardaki-asirlik-cinari-tefeyyuz-ilkogretim-okulu-tosyada\/","url":"https:\/\/tosyagazetesi.com\/index.php\/2025\/04\/29\/turkce-egitimin-balkanlardaki-asirlik-cinari-tefeyyuz-ilkogretim-okulu-tosyada\/","name":"T\u00fcrk\u00e7e E\u011fitimin Balkanlar\u2019daki As\u0131rl\u0131k \u00c7\u0131nar\u0131 Tefeyy\u00fcz \u0130lk\u00f6\u011fretim Okulu Tosya\u2019da. -","isPartOf":{"@id":"https:\/\/tosyagazetesi.com\/#website"},"primaryImageOfPage":{"@id":"https:\/\/tosyagazetesi.com\/index.php\/2025\/04\/29\/turkce-egitimin-balkanlardaki-asirlik-cinari-tefeyyuz-ilkogretim-okulu-tosyada\/#primaryimage"},"image":{"@id":"https:\/\/tosyagazetesi.com\/index.php\/2025\/04\/29\/turkce-egitimin-balkanlardaki-asirlik-cinari-tefeyyuz-ilkogretim-okulu-tosyada\/#primaryimage"},"thumbnailUrl":"https:\/\/tosyagazetesi.com\/wp-content\/uploads\/2025\/04\/Turkce-egitimin-Balkanlardaki-asirlik-cinari-Tefeyyuz-Ilkogretim-Okulu-Tosyada.jpeg","datePublished":"2025-04-29T06:00:45+00:00","dateModified":"2025-04-29T06:02:10+00:00","author":{"@id":"https:\/\/tosyagazetesi.com\/#\/schema\/person\/9a1b0f7e1b008c6cede8cdbd5500a206"},"breadcrumb":{"@id":"https:\/\/tosyagazetesi.com\/index.php\/2025\/04\/29\/turkce-egitimin-balkanlardaki-asirlik-cinari-tefeyyuz-ilkogretim-okulu-tosyada\/#breadcrumb"},"inLanguage":"tr","potentialAction":[{"@type":"ReadAction","target":["https:\/\/tosyagazetesi.com\/index.php\/2025\/04\/29\/turkce-egitimin-balkanlardaki-asirlik-cinari-tefeyyuz-ilkogretim-okulu-tosyada\/"]}]},{"@type":"ImageObject","inLanguage":"tr","@id":"https:\/\/tosyagazetesi.com\/index.php\/2025\/04\/29\/turkce-egitimin-balkanlardaki-asirlik-cinari-tefeyyuz-ilkogretim-okulu-tosyada\/#primaryimage","url":"https:\/\/tosyagazetesi.com\/wp-content\/uploads\/2025\/04\/Turkce-egitimin-Balkanlardaki-asirlik-cinari-Tefeyyuz-Ilkogretim-Okulu-Tosyada.jpeg","contentUrl":"https:\/\/tosyagazetesi.com\/wp-content\/uploads\/2025\/04\/Turkce-egitimin-Balkanlardaki-asirlik-cinari-Tefeyyuz-Ilkogretim-Okulu-Tosyada.jpeg","width":900,"height":500},{"@type":"BreadcrumbList","@id":"https:\/\/tosyagazetesi.com\/index.php\/2025\/04\/29\/turkce-egitimin-balkanlardaki-asirlik-cinari-tefeyyuz-ilkogretim-okulu-tosyada\/#breadcrumb","itemListElement":[{"@type":"ListItem","position":1,"name":"Anasayfa","item":"https:\/\/tosyagazetesi.com\/"},{"@type":"ListItem","position":2,"name":"T\u00fcrk\u00e7e E\u011fitimin Balkanlar\u2019daki As\u0131rl\u0131k \u00c7\u0131nar\u0131 Tefeyy\u00fcz \u0130lk\u00f6\u011fretim Okulu Tosya\u2019da."}]},{"@type":"WebSite","@id":"https:\/\/tosyagazetesi.com\/#website","url":"https:\/\/tosyagazetesi.com\/","name":"","description":"","potentialAction":[{"@type":"SearchAction","target":{"@type":"EntryPoint","urlTemplate":"https:\/\/tosyagazetesi.com\/?s={search_term_string}"},"query-input":{"@type":"PropertyValueSpecification","valueRequired":true,"valueName":"search_term_string"}}],"inLanguage":"tr"},{"@type":"Person","@id":"https:\/\/tosyagazetesi.com\/#\/schema\/person\/9a1b0f7e1b008c6cede8cdbd5500a206","name":"admin","image":{"@type":"ImageObject","inLanguage":"tr","@id":"https:\/\/secure.gravatar.com\/avatar\/a3b9c4457143f713b454772cdba280ff47106c991ba15f91e94e0aabe3c83824?s=96&d=mm&r=g","url":"https:\/\/secure.gravatar.com\/avatar\/a3b9c4457143f713b454772cdba280ff47106c991ba15f91e94e0aabe3c83824?s=96&d=mm&r=g","contentUrl":"https:\/\/secure.gravatar.com\/avatar\/a3b9c4457143f713b454772cdba280ff47106c991ba15f91e94e0aabe3c83824?s=96&d=mm&r=g","caption":"admin"},"sameAs":["https:\/\/tosyagazetesi.com"],"url":"https:\/\/tosyagazetesi.com\/index.php\/author\/admin_mznznzn4\/"}]}},"views":747,"jetpack_publicize_connections":[],"_links":{"self":[{"href":"https:\/\/tosyagazetesi.com\/index.php\/wp-json\/wp\/v2\/posts\/1761","targetHints":{"allow":["GET"]}}],"collection":[{"href":"https:\/\/tosyagazetesi.com\/index.php\/wp-json\/wp\/v2\/posts"}],"about":[{"href":"https:\/\/tosyagazetesi.com\/index.php\/wp-json\/wp\/v2\/types\/post"}],"author":[{"embeddable":true,"href":"https:\/\/tosyagazetesi.com\/index.php\/wp-json\/wp\/v2\/users\/1"}],"replies":[{"embeddable":true,"href":"https:\/\/tosyagazetesi.com\/index.php\/wp-json\/wp\/v2\/comments?post=1761"}],"version-history":[{"count":3,"href":"https:\/\/tosyagazetesi.com\/index.php\/wp-json\/wp\/v2\/posts\/1761\/revisions"}],"predecessor-version":[{"id":1765,"href":"https:\/\/tosyagazetesi.com\/index.php\/wp-json\/wp\/v2\/posts\/1761\/revisions\/1765"}],"wp:featuredmedia":[{"embeddable":true,"href":"https:\/\/tosyagazetesi.com\/index.php\/wp-json\/wp\/v2\/media\/1762"}],"wp:attachment":[{"href":"https:\/\/tosyagazetesi.com\/index.php\/wp-json\/wp\/v2\/media?parent=1761"}],"wp:term":[{"taxonomy":"category","embeddable":true,"href":"https:\/\/tosyagazetesi.com\/index.php\/wp-json\/wp\/v2\/categories?post=1761"},{"taxonomy":"post_tag","embeddable":true,"href":"https:\/\/tosyagazetesi.com\/index.php\/wp-json\/wp\/v2\/tags?post=1761"}],"curies":[{"name":"wp","href":"https:\/\/api.w.org\/{rel}","templated":true}]}}