{"id":1694,"date":"2025-04-08T13:33:43","date_gmt":"2025-04-08T13:33:43","guid":{"rendered":"https:\/\/tosyagazetesi.com\/?p=1694"},"modified":"2025-04-08T13:33:47","modified_gmt":"2025-04-08T13:33:47","slug":"tosyada-ortaokul-ogrencileri-icin-ilk-kez-zanaat-atolyeleri-acilacak","status":"publish","type":"post","link":"https:\/\/tosyagazetesi.com\/index.php\/2025\/04\/08\/tosyada-ortaokul-ogrencileri-icin-ilk-kez-zanaat-atolyeleri-acilacak\/","title":{"rendered":"Tosya\u2019da Ortaokul \u00d6\u011frencileri \u0130\u00e7in \u0130lk Kez &#8220;Zanaat At\u00f6lyeleri&#8221; A\u00e7\u0131lacak."},"content":{"rendered":"\n<p>Kastamonu\u2019nun Tosya il\u00e7esinde ortaokul \u00f6\u011frencilerinin temel becerilerinin erken ya\u015fta geli\u015ftirilmesini sa\u011flamak amac\u0131yla ilk defa &#8220;zanaat at\u00f6lyeleri&#8221; a\u00e7\u0131lacak.<\/p>\n\n\n\n<p>Tosya \u0130l\u00e7e Milli E\u011fitim M\u00fcd\u00fcr\u00fc Mehdi To\u011frul,  yapt\u0131\u011f\u0131 a\u00e7\u0131klamada, il\u00e7ede ilk defa a\u00e7\u0131lacak &#8220;zanaat at\u00f6lyeleri&#8221; olarak an\u0131lan Beceri Geli\u015ftirme Program\u0131n\u0131n Tosya Mesleki ve Teknik Anadolu Lisesi b\u00fcnyesinde y\u00fcr\u00fct\u00fclece\u011fini s\u00f6yledi.<\/p>\n\n\n\n<p>At\u00f6lyelerin \u00fccretsiz a\u00e7\u0131laca\u011f\u0131n\u0131 belirten To\u011frul, \u015funlar\u0131 kaydetti :<\/p>\n\n\n\n<p>\u201c Program ile ayr\u0131ca \u00f6\u011frencilere erken d\u00f6nemde temel mesleki becerileri ke\u015ffetmeleri ve kazanmalar\u0131, akademik ve mesleki ba\u015far\u0131lar\u0131n\u0131 art\u0131rmalar\u0131, geni\u015f kariyer se\u00e7eneklerine sahip olmalar\u0131, i\u015f hayat\u0131na uyumlar\u0131n\u0131n kolayla\u015ft\u0131r\u0131lmas\u0131 ile ya\u015fam boyu \u00f6\u011frenme felsefesinin aktar\u0131lmas\u0131 ama\u00e7lan\u0131yor. Beceri Geli\u015ftirme Program\u0131na, resmi ve \u00f6zel \u00f6rg\u00fcn e\u011fitim kurumlar\u0131nda en az 7. s\u0131n\u0131f d\u00fczeyinde \u00f6\u011frenim g\u00f6ren g\u00f6n\u00fcll\u00fc \u00f6\u011frenciler kat\u0131labilecek. Program\u0131 ba\u015far\u0131yla tamamlayan \u00f6\u011frencilere kat\u0131l\u0131m belgeleri verilecek. T\u00fcrkiye Y\u00fczy\u0131l\u0131 Maarif Modeli kapsam\u0131nda \u00e7al\u0131\u015fmalar\u0131m\u0131z aral\u0131ks\u0131z devam ediyor.\u201d<\/p>\n\n\n\n<p>Tosya Mesleki ve Teknik Anadolu Lisesi M\u00fcd\u00fcr\u00fc Tahsin Uskan ise, \u201cMobilya ve \u0130\u00e7 Mekan Tasar\u0131m, Elektrik-Elektronik Teknolojisi ve Metal Teknolojisi alanlar\u0131nda 14 Nisan tarihinde a\u00e7\u0131lacak olan program , &nbsp;hafta sonlar\u0131 ve hafta i\u00e7i 17: 00 -18:30 saatleri aras\u0131nda okulun ilgili at\u00f6lyelerinde ger\u00e7ekle\u015ftirilecek. Ortaokul \u00f6\u011frencilerimizi bu \u00f6\u011fretici ve yeteneklerini ke\u015ffedecekleri yolculu\u011fa davet ediyor, el becerilerini geli\u015ftirmeleri, mesleki alanlarla tan\u0131\u015fmalar\u0131 ve hayallerini ger\u00e7e\u011fe d\u00f6n\u00fc\u015ft\u00fcrmeleri i\u00e7in onlara bu f\u0131rsat\u0131 sunmaktan gurur duyuyoruz.&#8221; \u0130fadelerini kulland\u0131.<\/p>\n\n\n\n<figure class=\"wp-block-gallery has-nested-images columns-1 is-cropped wp-block-gallery-1 is-layout-flex wp-block-gallery-is-layout-flex\">\n<figure class=\"wp-block-image size-large\"><img loading=\"lazy\" decoding=\"async\" width=\"800\" height=\"451\" data-id=\"1696\" src=\"https:\/\/tosyagazetesi.com\/wp-content\/uploads\/2025\/04\/1.jpeg\" alt=\"\" class=\"wp-image-1696\" srcset=\"https:\/\/tosyagazetesi.com\/wp-content\/uploads\/2025\/04\/1.jpeg 800w, https:\/\/tosyagazetesi.com\/wp-content\/uploads\/2025\/04\/1-300x169.jpeg 300w, https:\/\/tosyagazetesi.com\/wp-content\/uploads\/2025\/04\/1-768x433.jpeg 768w\" sizes=\"auto, (max-width: 800px) 100vw, 800px\" \/><\/figure>\n\n\n\n<figure class=\"wp-block-image size-large\"><img loading=\"lazy\" decoding=\"async\" width=\"800\" height=\"600\" data-id=\"1695\" src=\"https:\/\/tosyagazetesi.com\/wp-content\/uploads\/2025\/04\/2.jpeg\" alt=\"\" class=\"wp-image-1695\" srcset=\"https:\/\/tosyagazetesi.com\/wp-content\/uploads\/2025\/04\/2.jpeg 800w, https:\/\/tosyagazetesi.com\/wp-content\/uploads\/2025\/04\/2-300x225.jpeg 300w, https:\/\/tosyagazetesi.com\/wp-content\/uploads\/2025\/04\/2-768x576.jpeg 768w\" sizes=\"auto, (max-width: 800px) 100vw, 800px\" \/><\/figure>\n\n\n\n<figure class=\"wp-block-image size-large\"><img loading=\"lazy\" decoding=\"async\" width=\"800\" height=\"568\" data-id=\"1697\" src=\"https:\/\/tosyagazetesi.com\/wp-content\/uploads\/2025\/04\/asdasd.jpg\" alt=\"\" class=\"wp-image-1697\" srcset=\"https:\/\/tosyagazetesi.com\/wp-content\/uploads\/2025\/04\/asdasd.jpg 800w, https:\/\/tosyagazetesi.com\/wp-content\/uploads\/2025\/04\/asdasd-300x213.jpg 300w, https:\/\/tosyagazetesi.com\/wp-content\/uploads\/2025\/04\/asdasd-768x545.jpg 768w\" sizes=\"auto, (max-width: 800px) 100vw, 800px\" \/><\/figure>\n\n\n\n<figure class=\"wp-block-image size-large\"><img loading=\"lazy\" decoding=\"async\" width=\"722\" height=\"1024\" data-id=\"1698\" src=\"https:\/\/tosyagazetesi.com\/wp-content\/uploads\/2025\/04\/asdasdsa-722x1024.jpg\" alt=\"\" class=\"wp-image-1698\" srcset=\"https:\/\/tosyagazetesi.com\/wp-content\/uploads\/2025\/04\/asdasdsa-722x1024.jpg 722w, https:\/\/tosyagazetesi.com\/wp-content\/uploads\/2025\/04\/asdasdsa-211x300.jpg 211w, https:\/\/tosyagazetesi.com\/wp-content\/uploads\/2025\/04\/asdasdsa-768x1090.jpg 768w, https:\/\/tosyagazetesi.com\/wp-content\/uploads\/2025\/04\/asdasdsa.jpg 800w\" sizes=\"auto, (max-width: 722px) 100vw, 722px\" \/><\/figure>\n<\/figure>\n","protected":false},"excerpt":{"rendered":"<p>Kastamonu\u2019nun Tosya il\u00e7esinde ortaokul \u00f6\u011frencilerinin temel becerilerinin erken ya\u015fta geli\u015ftirilmesini sa\u011flamak amac\u0131yla ilk defa &#8220;zanaat at\u00f6lyeleri&#8221; a\u00e7\u0131lacak. Tosya \u0130l\u00e7e Milli E\u011fitim M\u00fcd\u00fcr\u00fc Mehdi To\u011frul, yapt\u0131\u011f\u0131 a\u00e7\u0131klamada, il\u00e7ede ilk defa a\u00e7\u0131lacak&hellip; <\/p>\n","protected":false},"author":1,"featured_media":1699,"comment_status":"open","ping_status":"open","sticky":false,"template":"","format":"standard","meta":{"_joinchat":[],"footnotes":"","jetpack_publicize_message":"","jetpack_publicize_feature_enabled":true,"jetpack_social_post_already_shared":false,"jetpack_social_options":{"image_generator_settings":{"template":"highway","default_image_id":0,"font":"","enabled":false},"version":2}},"categories":[3],"tags":[265],"class_list":["post-1694","post","type-post","status-publish","format-standard","has-post-thumbnail","hentry","category-tosya-gazetesi","tag-tosyada-ortaokul-ogrencileri-icin-ilk-kez-zanaat-atolyeleri-acilacak"],"yoast_head":"<!-- This site is optimized with the Yoast SEO plugin v27.5 - https:\/\/yoast.com\/product\/yoast-seo-wordpress\/ -->\n<title>Tosya\u2019da Ortaokul \u00d6\u011frencileri \u0130\u00e7in \u0130lk Kez &quot;Zanaat At\u00f6lyeleri&quot; A\u00e7\u0131lacak. -<\/title>\n<meta name=\"robots\" content=\"index, follow, max-snippet:-1, max-image-preview:large, max-video-preview:-1\" \/>\n<link rel=\"canonical\" href=\"https:\/\/tosyagazetesi.com\/index.php\/2025\/04\/08\/tosyada-ortaokul-ogrencileri-icin-ilk-kez-zanaat-atolyeleri-acilacak\/\" \/>\n<meta property=\"og:locale\" content=\"tr_TR\" \/>\n<meta property=\"og:type\" content=\"article\" \/>\n<meta property=\"og:title\" content=\"Tosya\u2019da Ortaokul \u00d6\u011frencileri \u0130\u00e7in \u0130lk Kez &quot;Zanaat At\u00f6lyeleri&quot; A\u00e7\u0131lacak. -\" \/>\n<meta property=\"og:description\" content=\"Kastamonu\u2019nun Tosya il\u00e7esinde ortaokul \u00f6\u011frencilerinin temel becerilerinin erken ya\u015fta geli\u015ftirilmesini sa\u011flamak amac\u0131yla ilk defa &#8220;zanaat at\u00f6lyeleri&#8221; a\u00e7\u0131lacak. Tosya \u0130l\u00e7e Milli E\u011fitim M\u00fcd\u00fcr\u00fc Mehdi To\u011frul, yapt\u0131\u011f\u0131 a\u00e7\u0131klamada, il\u00e7ede ilk defa a\u00e7\u0131lacak&hellip;\" \/>\n<meta property=\"og:url\" content=\"https:\/\/tosyagazetesi.com\/index.php\/2025\/04\/08\/tosyada-ortaokul-ogrencileri-icin-ilk-kez-zanaat-atolyeleri-acilacak\/\" \/>\n<meta property=\"article:published_time\" content=\"2025-04-08T13:33:43+00:00\" \/>\n<meta property=\"article:modified_time\" content=\"2025-04-08T13:33:47+00:00\" \/>\n<meta property=\"og:image\" content=\"https:\/\/tosyagazetesi.com\/wp-content\/uploads\/2025\/04\/Tosyada-Ortaokul-Ogrencileri-Icin-Ilk-Kez-Zanaat-Atolyeleri-Acilacak.jpg\" \/>\n\t<meta property=\"og:image:width\" content=\"900\" \/>\n\t<meta property=\"og:image:height\" content=\"500\" \/>\n\t<meta property=\"og:image:type\" content=\"image\/jpeg\" \/>\n<meta name=\"author\" content=\"admin\" \/>\n<meta name=\"twitter:card\" content=\"summary_large_image\" \/>\n<meta name=\"twitter:label1\" content=\"Yazan:\" \/>\n\t<meta name=\"twitter:data1\" content=\"admin\" \/>\n\t<meta name=\"twitter:label2\" content=\"Tahmini okuma s\u00fcresi\" \/>\n\t<meta name=\"twitter:data2\" content=\"3 dakika\" \/>\n<script type=\"application\/ld+json\" class=\"yoast-schema-graph\">{\"@context\":\"https:\\\/\\\/schema.org\",\"@graph\":[{\"@type\":\"Article\",\"@id\":\"https:\\\/\\\/tosyagazetesi.com\\\/index.php\\\/2025\\\/04\\\/08\\\/tosyada-ortaokul-ogrencileri-icin-ilk-kez-zanaat-atolyeleri-acilacak\\\/#article\",\"isPartOf\":{\"@id\":\"https:\\\/\\\/tosyagazetesi.com\\\/index.php\\\/2025\\\/04\\\/08\\\/tosyada-ortaokul-ogrencileri-icin-ilk-kez-zanaat-atolyeleri-acilacak\\\/\"},\"author\":{\"name\":\"admin\",\"@id\":\"https:\\\/\\\/tosyagazetesi.com\\\/#\\\/schema\\\/person\\\/9a1b0f7e1b008c6cede8cdbd5500a206\"},\"headline\":\"Tosya\u2019da Ortaokul \u00d6\u011frencileri \u0130\u00e7in \u0130lk Kez &#8220;Zanaat At\u00f6lyeleri&#8221; A\u00e7\u0131lacak.\",\"datePublished\":\"2025-04-08T13:33:43+00:00\",\"dateModified\":\"2025-04-08T13:33:47+00:00\",\"mainEntityOfPage\":{\"@id\":\"https:\\\/\\\/tosyagazetesi.com\\\/index.php\\\/2025\\\/04\\\/08\\\/tosyada-ortaokul-ogrencileri-icin-ilk-kez-zanaat-atolyeleri-acilacak\\\/\"},\"wordCount\":294,\"commentCount\":0,\"image\":{\"@id\":\"https:\\\/\\\/tosyagazetesi.com\\\/index.php\\\/2025\\\/04\\\/08\\\/tosyada-ortaokul-ogrencileri-icin-ilk-kez-zanaat-atolyeleri-acilacak\\\/#primaryimage\"},\"thumbnailUrl\":\"https:\\\/\\\/tosyagazetesi.com\\\/wp-content\\\/uploads\\\/2025\\\/04\\\/Tosyada-Ortaokul-Ogrencileri-Icin-Ilk-Kez-Zanaat-Atolyeleri-Acilacak.jpg\",\"keywords\":[\"Tosya\u2019da Ortaokul \u00d6\u011frencileri \u0130\u00e7in \u0130lk Kez \\\"Zanaat At\u00f6lyeleri\\\" A\u00e7\u0131lacak.\"],\"articleSection\":[\"Tosya Gazetesi\"],\"inLanguage\":\"tr\",\"potentialAction\":[{\"@type\":\"CommentAction\",\"name\":\"Comment\",\"target\":[\"https:\\\/\\\/tosyagazetesi.com\\\/index.php\\\/2025\\\/04\\\/08\\\/tosyada-ortaokul-ogrencileri-icin-ilk-kez-zanaat-atolyeleri-acilacak\\\/#respond\"]}]},{\"@type\":\"WebPage\",\"@id\":\"https:\\\/\\\/tosyagazetesi.com\\\/index.php\\\/2025\\\/04\\\/08\\\/tosyada-ortaokul-ogrencileri-icin-ilk-kez-zanaat-atolyeleri-acilacak\\\/\",\"url\":\"https:\\\/\\\/tosyagazetesi.com\\\/index.php\\\/2025\\\/04\\\/08\\\/tosyada-ortaokul-ogrencileri-icin-ilk-kez-zanaat-atolyeleri-acilacak\\\/\",\"name\":\"Tosya\u2019da Ortaokul \u00d6\u011frencileri \u0130\u00e7in \u0130lk Kez \\\"Zanaat At\u00f6lyeleri\\\" A\u00e7\u0131lacak. -\",\"isPartOf\":{\"@id\":\"https:\\\/\\\/tosyagazetesi.com\\\/#website\"},\"primaryImageOfPage\":{\"@id\":\"https:\\\/\\\/tosyagazetesi.com\\\/index.php\\\/2025\\\/04\\\/08\\\/tosyada-ortaokul-ogrencileri-icin-ilk-kez-zanaat-atolyeleri-acilacak\\\/#primaryimage\"},\"image\":{\"@id\":\"https:\\\/\\\/tosyagazetesi.com\\\/index.php\\\/2025\\\/04\\\/08\\\/tosyada-ortaokul-ogrencileri-icin-ilk-kez-zanaat-atolyeleri-acilacak\\\/#primaryimage\"},\"thumbnailUrl\":\"https:\\\/\\\/tosyagazetesi.com\\\/wp-content\\\/uploads\\\/2025\\\/04\\\/Tosyada-Ortaokul-Ogrencileri-Icin-Ilk-Kez-Zanaat-Atolyeleri-Acilacak.jpg\",\"datePublished\":\"2025-04-08T13:33:43+00:00\",\"dateModified\":\"2025-04-08T13:33:47+00:00\",\"author\":{\"@id\":\"https:\\\/\\\/tosyagazetesi.com\\\/#\\\/schema\\\/person\\\/9a1b0f7e1b008c6cede8cdbd5500a206\"},\"breadcrumb\":{\"@id\":\"https:\\\/\\\/tosyagazetesi.com\\\/index.php\\\/2025\\\/04\\\/08\\\/tosyada-ortaokul-ogrencileri-icin-ilk-kez-zanaat-atolyeleri-acilacak\\\/#breadcrumb\"},\"inLanguage\":\"tr\",\"potentialAction\":[{\"@type\":\"ReadAction\",\"target\":[\"https:\\\/\\\/tosyagazetesi.com\\\/index.php\\\/2025\\\/04\\\/08\\\/tosyada-ortaokul-ogrencileri-icin-ilk-kez-zanaat-atolyeleri-acilacak\\\/\"]}]},{\"@type\":\"ImageObject\",\"inLanguage\":\"tr\",\"@id\":\"https:\\\/\\\/tosyagazetesi.com\\\/index.php\\\/2025\\\/04\\\/08\\\/tosyada-ortaokul-ogrencileri-icin-ilk-kez-zanaat-atolyeleri-acilacak\\\/#primaryimage\",\"url\":\"https:\\\/\\\/tosyagazetesi.com\\\/wp-content\\\/uploads\\\/2025\\\/04\\\/Tosyada-Ortaokul-Ogrencileri-Icin-Ilk-Kez-Zanaat-Atolyeleri-Acilacak.jpg\",\"contentUrl\":\"https:\\\/\\\/tosyagazetesi.com\\\/wp-content\\\/uploads\\\/2025\\\/04\\\/Tosyada-Ortaokul-Ogrencileri-Icin-Ilk-Kez-Zanaat-Atolyeleri-Acilacak.jpg\",\"width\":900,\"height\":500},{\"@type\":\"BreadcrumbList\",\"@id\":\"https:\\\/\\\/tosyagazetesi.com\\\/index.php\\\/2025\\\/04\\\/08\\\/tosyada-ortaokul-ogrencileri-icin-ilk-kez-zanaat-atolyeleri-acilacak\\\/#breadcrumb\",\"itemListElement\":[{\"@type\":\"ListItem\",\"position\":1,\"name\":\"Anasayfa\",\"item\":\"https:\\\/\\\/tosyagazetesi.com\\\/\"},{\"@type\":\"ListItem\",\"position\":2,\"name\":\"Tosya\u2019da Ortaokul \u00d6\u011frencileri \u0130\u00e7in \u0130lk Kez &#8220;Zanaat At\u00f6lyeleri&#8221; A\u00e7\u0131lacak.\"}]},{\"@type\":\"WebSite\",\"@id\":\"https:\\\/\\\/tosyagazetesi.com\\\/#website\",\"url\":\"https:\\\/\\\/tosyagazetesi.com\\\/\",\"name\":\"\",\"description\":\"\",\"potentialAction\":[{\"@type\":\"SearchAction\",\"target\":{\"@type\":\"EntryPoint\",\"urlTemplate\":\"https:\\\/\\\/tosyagazetesi.com\\\/?s={search_term_string}\"},\"query-input\":{\"@type\":\"PropertyValueSpecification\",\"valueRequired\":true,\"valueName\":\"search_term_string\"}}],\"inLanguage\":\"tr\"},{\"@type\":\"Person\",\"@id\":\"https:\\\/\\\/tosyagazetesi.com\\\/#\\\/schema\\\/person\\\/9a1b0f7e1b008c6cede8cdbd5500a206\",\"name\":\"admin\",\"image\":{\"@type\":\"ImageObject\",\"inLanguage\":\"tr\",\"@id\":\"https:\\\/\\\/secure.gravatar.com\\\/avatar\\\/a3b9c4457143f713b454772cdba280ff47106c991ba15f91e94e0aabe3c83824?s=96&d=mm&r=g\",\"url\":\"https:\\\/\\\/secure.gravatar.com\\\/avatar\\\/a3b9c4457143f713b454772cdba280ff47106c991ba15f91e94e0aabe3c83824?s=96&d=mm&r=g\",\"contentUrl\":\"https:\\\/\\\/secure.gravatar.com\\\/avatar\\\/a3b9c4457143f713b454772cdba280ff47106c991ba15f91e94e0aabe3c83824?s=96&d=mm&r=g\",\"caption\":\"admin\"},\"sameAs\":[\"https:\\\/\\\/tosyagazetesi.com\"],\"url\":\"https:\\\/\\\/tosyagazetesi.com\\\/index.php\\\/author\\\/admin_mznznzn4\\\/\"}]}<\/script>\n<!-- \/ Yoast SEO plugin. -->","yoast_head_json":{"title":"Tosya\u2019da Ortaokul \u00d6\u011frencileri \u0130\u00e7in \u0130lk Kez \"Zanaat At\u00f6lyeleri\" A\u00e7\u0131lacak. -","robots":{"index":"index","follow":"follow","max-snippet":"max-snippet:-1","max-image-preview":"max-image-preview:large","max-video-preview":"max-video-preview:-1"},"canonical":"https:\/\/tosyagazetesi.com\/index.php\/2025\/04\/08\/tosyada-ortaokul-ogrencileri-icin-ilk-kez-zanaat-atolyeleri-acilacak\/","og_locale":"tr_TR","og_type":"article","og_title":"Tosya\u2019da Ortaokul \u00d6\u011frencileri \u0130\u00e7in \u0130lk Kez \"Zanaat At\u00f6lyeleri\" A\u00e7\u0131lacak. -","og_description":"Kastamonu\u2019nun Tosya il\u00e7esinde ortaokul \u00f6\u011frencilerinin temel becerilerinin erken ya\u015fta geli\u015ftirilmesini sa\u011flamak amac\u0131yla ilk defa &#8220;zanaat at\u00f6lyeleri&#8221; a\u00e7\u0131lacak. Tosya \u0130l\u00e7e Milli E\u011fitim M\u00fcd\u00fcr\u00fc Mehdi To\u011frul, yapt\u0131\u011f\u0131 a\u00e7\u0131klamada, il\u00e7ede ilk defa a\u00e7\u0131lacak&hellip;","og_url":"https:\/\/tosyagazetesi.com\/index.php\/2025\/04\/08\/tosyada-ortaokul-ogrencileri-icin-ilk-kez-zanaat-atolyeleri-acilacak\/","article_published_time":"2025-04-08T13:33:43+00:00","article_modified_time":"2025-04-08T13:33:47+00:00","og_image":[{"width":900,"height":500,"url":"https:\/\/tosyagazetesi.com\/wp-content\/uploads\/2025\/04\/Tosyada-Ortaokul-Ogrencileri-Icin-Ilk-Kez-Zanaat-Atolyeleri-Acilacak.jpg","type":"image\/jpeg"}],"author":"admin","twitter_card":"summary_large_image","twitter_misc":{"Yazan:":"admin","Tahmini okuma s\u00fcresi":"3 dakika"},"schema":{"@context":"https:\/\/schema.org","@graph":[{"@type":"Article","@id":"https:\/\/tosyagazetesi.com\/index.php\/2025\/04\/08\/tosyada-ortaokul-ogrencileri-icin-ilk-kez-zanaat-atolyeleri-acilacak\/#article","isPartOf":{"@id":"https:\/\/tosyagazetesi.com\/index.php\/2025\/04\/08\/tosyada-ortaokul-ogrencileri-icin-ilk-kez-zanaat-atolyeleri-acilacak\/"},"author":{"name":"admin","@id":"https:\/\/tosyagazetesi.com\/#\/schema\/person\/9a1b0f7e1b008c6cede8cdbd5500a206"},"headline":"Tosya\u2019da Ortaokul \u00d6\u011frencileri \u0130\u00e7in \u0130lk Kez &#8220;Zanaat At\u00f6lyeleri&#8221; A\u00e7\u0131lacak.","datePublished":"2025-04-08T13:33:43+00:00","dateModified":"2025-04-08T13:33:47+00:00","mainEntityOfPage":{"@id":"https:\/\/tosyagazetesi.com\/index.php\/2025\/04\/08\/tosyada-ortaokul-ogrencileri-icin-ilk-kez-zanaat-atolyeleri-acilacak\/"},"wordCount":294,"commentCount":0,"image":{"@id":"https:\/\/tosyagazetesi.com\/index.php\/2025\/04\/08\/tosyada-ortaokul-ogrencileri-icin-ilk-kez-zanaat-atolyeleri-acilacak\/#primaryimage"},"thumbnailUrl":"https:\/\/tosyagazetesi.com\/wp-content\/uploads\/2025\/04\/Tosyada-Ortaokul-Ogrencileri-Icin-Ilk-Kez-Zanaat-Atolyeleri-Acilacak.jpg","keywords":["Tosya\u2019da Ortaokul \u00d6\u011frencileri \u0130\u00e7in \u0130lk Kez \"Zanaat At\u00f6lyeleri\" A\u00e7\u0131lacak."],"articleSection":["Tosya Gazetesi"],"inLanguage":"tr","potentialAction":[{"@type":"CommentAction","name":"Comment","target":["https:\/\/tosyagazetesi.com\/index.php\/2025\/04\/08\/tosyada-ortaokul-ogrencileri-icin-ilk-kez-zanaat-atolyeleri-acilacak\/#respond"]}]},{"@type":"WebPage","@id":"https:\/\/tosyagazetesi.com\/index.php\/2025\/04\/08\/tosyada-ortaokul-ogrencileri-icin-ilk-kez-zanaat-atolyeleri-acilacak\/","url":"https:\/\/tosyagazetesi.com\/index.php\/2025\/04\/08\/tosyada-ortaokul-ogrencileri-icin-ilk-kez-zanaat-atolyeleri-acilacak\/","name":"Tosya\u2019da Ortaokul \u00d6\u011frencileri \u0130\u00e7in \u0130lk Kez \"Zanaat At\u00f6lyeleri\" A\u00e7\u0131lacak. -","isPartOf":{"@id":"https:\/\/tosyagazetesi.com\/#website"},"primaryImageOfPage":{"@id":"https:\/\/tosyagazetesi.com\/index.php\/2025\/04\/08\/tosyada-ortaokul-ogrencileri-icin-ilk-kez-zanaat-atolyeleri-acilacak\/#primaryimage"},"image":{"@id":"https:\/\/tosyagazetesi.com\/index.php\/2025\/04\/08\/tosyada-ortaokul-ogrencileri-icin-ilk-kez-zanaat-atolyeleri-acilacak\/#primaryimage"},"thumbnailUrl":"https:\/\/tosyagazetesi.com\/wp-content\/uploads\/2025\/04\/Tosyada-Ortaokul-Ogrencileri-Icin-Ilk-Kez-Zanaat-Atolyeleri-Acilacak.jpg","datePublished":"2025-04-08T13:33:43+00:00","dateModified":"2025-04-08T13:33:47+00:00","author":{"@id":"https:\/\/tosyagazetesi.com\/#\/schema\/person\/9a1b0f7e1b008c6cede8cdbd5500a206"},"breadcrumb":{"@id":"https:\/\/tosyagazetesi.com\/index.php\/2025\/04\/08\/tosyada-ortaokul-ogrencileri-icin-ilk-kez-zanaat-atolyeleri-acilacak\/#breadcrumb"},"inLanguage":"tr","potentialAction":[{"@type":"ReadAction","target":["https:\/\/tosyagazetesi.com\/index.php\/2025\/04\/08\/tosyada-ortaokul-ogrencileri-icin-ilk-kez-zanaat-atolyeleri-acilacak\/"]}]},{"@type":"ImageObject","inLanguage":"tr","@id":"https:\/\/tosyagazetesi.com\/index.php\/2025\/04\/08\/tosyada-ortaokul-ogrencileri-icin-ilk-kez-zanaat-atolyeleri-acilacak\/#primaryimage","url":"https:\/\/tosyagazetesi.com\/wp-content\/uploads\/2025\/04\/Tosyada-Ortaokul-Ogrencileri-Icin-Ilk-Kez-Zanaat-Atolyeleri-Acilacak.jpg","contentUrl":"https:\/\/tosyagazetesi.com\/wp-content\/uploads\/2025\/04\/Tosyada-Ortaokul-Ogrencileri-Icin-Ilk-Kez-Zanaat-Atolyeleri-Acilacak.jpg","width":900,"height":500},{"@type":"BreadcrumbList","@id":"https:\/\/tosyagazetesi.com\/index.php\/2025\/04\/08\/tosyada-ortaokul-ogrencileri-icin-ilk-kez-zanaat-atolyeleri-acilacak\/#breadcrumb","itemListElement":[{"@type":"ListItem","position":1,"name":"Anasayfa","item":"https:\/\/tosyagazetesi.com\/"},{"@type":"ListItem","position":2,"name":"Tosya\u2019da Ortaokul \u00d6\u011frencileri \u0130\u00e7in \u0130lk Kez &#8220;Zanaat At\u00f6lyeleri&#8221; A\u00e7\u0131lacak."}]},{"@type":"WebSite","@id":"https:\/\/tosyagazetesi.com\/#website","url":"https:\/\/tosyagazetesi.com\/","name":"","description":"","potentialAction":[{"@type":"SearchAction","target":{"@type":"EntryPoint","urlTemplate":"https:\/\/tosyagazetesi.com\/?s={search_term_string}"},"query-input":{"@type":"PropertyValueSpecification","valueRequired":true,"valueName":"search_term_string"}}],"inLanguage":"tr"},{"@type":"Person","@id":"https:\/\/tosyagazetesi.com\/#\/schema\/person\/9a1b0f7e1b008c6cede8cdbd5500a206","name":"admin","image":{"@type":"ImageObject","inLanguage":"tr","@id":"https:\/\/secure.gravatar.com\/avatar\/a3b9c4457143f713b454772cdba280ff47106c991ba15f91e94e0aabe3c83824?s=96&d=mm&r=g","url":"https:\/\/secure.gravatar.com\/avatar\/a3b9c4457143f713b454772cdba280ff47106c991ba15f91e94e0aabe3c83824?s=96&d=mm&r=g","contentUrl":"https:\/\/secure.gravatar.com\/avatar\/a3b9c4457143f713b454772cdba280ff47106c991ba15f91e94e0aabe3c83824?s=96&d=mm&r=g","caption":"admin"},"sameAs":["https:\/\/tosyagazetesi.com"],"url":"https:\/\/tosyagazetesi.com\/index.php\/author\/admin_mznznzn4\/"}]}},"views":629,"jetpack_publicize_connections":[],"_links":{"self":[{"href":"https:\/\/tosyagazetesi.com\/index.php\/wp-json\/wp\/v2\/posts\/1694","targetHints":{"allow":["GET"]}}],"collection":[{"href":"https:\/\/tosyagazetesi.com\/index.php\/wp-json\/wp\/v2\/posts"}],"about":[{"href":"https:\/\/tosyagazetesi.com\/index.php\/wp-json\/wp\/v2\/types\/post"}],"author":[{"embeddable":true,"href":"https:\/\/tosyagazetesi.com\/index.php\/wp-json\/wp\/v2\/users\/1"}],"replies":[{"embeddable":true,"href":"https:\/\/tosyagazetesi.com\/index.php\/wp-json\/wp\/v2\/comments?post=1694"}],"version-history":[{"count":1,"href":"https:\/\/tosyagazetesi.com\/index.php\/wp-json\/wp\/v2\/posts\/1694\/revisions"}],"predecessor-version":[{"id":1700,"href":"https:\/\/tosyagazetesi.com\/index.php\/wp-json\/wp\/v2\/posts\/1694\/revisions\/1700"}],"wp:featuredmedia":[{"embeddable":true,"href":"https:\/\/tosyagazetesi.com\/index.php\/wp-json\/wp\/v2\/media\/1699"}],"wp:attachment":[{"href":"https:\/\/tosyagazetesi.com\/index.php\/wp-json\/wp\/v2\/media?parent=1694"}],"wp:term":[{"taxonomy":"category","embeddable":true,"href":"https:\/\/tosyagazetesi.com\/index.php\/wp-json\/wp\/v2\/categories?post=1694"},{"taxonomy":"post_tag","embeddable":true,"href":"https:\/\/tosyagazetesi.com\/index.php\/wp-json\/wp\/v2\/tags?post=1694"}],"curies":[{"name":"wp","href":"https:\/\/api.w.org\/{rel}","templated":true}]}}