{"id":1641,"date":"2025-03-25T11:15:06","date_gmt":"2025-03-25T11:15:06","guid":{"rendered":"https:\/\/tosyagazetesi.com\/?p=1641"},"modified":"2025-03-25T11:15:08","modified_gmt":"2025-03-25T11:15:08","slug":"sehit-tegmen-yavuz-eracar-tosyada-dualarla-anildi","status":"publish","type":"post","link":"https:\/\/tosyagazetesi.com\/index.php\/2025\/03\/25\/sehit-tegmen-yavuz-eracar-tosyada-dualarla-anildi\/","title":{"rendered":"\u015eehit Te\u011fmen Yavuz Eracar Tosya\u2019da Dualarla An\u0131ld\u0131"},"content":{"rendered":"\n<p>\u015eehit Hava Pilot Te\u011fmen Yavuz Eracar, Kastamonu&#8217;nun Tosya il\u00e7esinde kabri ba\u015f\u0131nda dualarla an\u0131ld\u0131.<\/p>\n\n\n\n<p>1998 y\u0131l\u0131nda Manisa&#8217;da \u015fehit olan Hava Pilot Te\u011fmen Yavuz Eracar i\u00e7in Tosya Asri Mezarl\u0131\u011f\u0131&#8217;ndaki \u015fehitlikte bulunan kabri ba\u015f\u0131nda anma program\u0131 d\u00fczenlendi.<\/p>\n\n\n\n<p>Programda, Kur&#8217;an-\u0131 Kerim tilavetinin ard\u0131ndan Tosya M\u00fcft\u00fcs\u00fc Mahmut Ulu\u015fahan taraf\u0131ndan dua yap\u0131ld\u0131.<\/p>\n\n\n\n<p>Tosya Kaymakam\u0131 U\u011fur \u00dcnsal, Kastamonu \u0130l Jandarma Komutan\u0131 Jandarma Albay Zafer \u00d6zden, Tosya Belediye Ba\u015fkan\u0131 Volkan Kavakl\u0131gil&nbsp; ve kat\u0131l\u0131mc\u0131lar taraf\u0131ndan \u015fehitlikte bulunan b\u00fct\u00fcn \u015fehitlerin mezarlar\u0131na tek tek k\u0131rm\u0131z\u0131 karanfil b\u0131rak\u0131ld\u0131.<\/p>\n\n\n\n<p>Anma program\u0131na, \u015fehidin ailesi ve yak\u0131nlar\u0131n\u0131n yan\u0131 s\u0131ra, Tosya \u0130l\u00e7e Emniyet M\u00fcd\u00fcr\u00fc&nbsp; Erdem \u00d6zt\u00fcrk,&nbsp; Tosya \u0130l\u00e7e Jandarma Komutan\u0131 Jandarma \u00dcste\u011fmen O\u011fuzhan Di\u015f\u00e7eken, AK Parti Tosya \u0130l\u00e7e Ba\u015fkan Vekili Mahmut Eser, MHP Tosya \u0130l\u00e7e Ba\u015fkan\u0131 Suat Bazlama\u00e7c\u0131, Tosya Sosyal Hizmet Merkezi M\u00fcd\u00fcr\u00fc O\u011fuz Y\u0131ld\u0131z, Tosya Tar\u0131m ve Orman M\u00fcd\u00fcr\u00fc \u00c7a\u011fr\u0131 \u0130ncirku\u015f, \u00dclk\u00fc Ocaklar\u0131 Tosya \u0130l\u00e7e Ba\u015fkan\u0131 Mehmet Emin Kutlu, MHP Kastamonu \u0130l Genel Meclis \u00dcyesi Cihan \u00c7etin, AK Parti Tosya \u0130l\u00e7e Y\u00f6netim Kurulu \u00dcyesi Metin Bodur, AK Parti Tosya \u0130l\u00e7e Y\u00f6netim Kurulu \u00dcyesi Burak Se\u00e7kin, Tosya \u015eof\u00f6rler Odas\u0131 Ba\u015fkan\u0131 Ahmet Ba\u015f, protokol \u00fcyeleri, gaziler&nbsp; ve vatanda\u015flar kat\u0131ld\u0131.<\/p>\n\n\n\n<figure class=\"wp-block-gallery has-nested-images columns-1 is-cropped wp-block-gallery-1 is-layout-flex wp-block-gallery-is-layout-flex\">\n<figure class=\"wp-block-image size-large\"><img loading=\"lazy\" decoding=\"async\" width=\"800\" height=\"533\" data-id=\"1642\" src=\"https:\/\/tosyagazetesi.com\/wp-content\/uploads\/2025\/03\/1-8.jpg\" alt=\"\" class=\"wp-image-1642\" srcset=\"https:\/\/tosyagazetesi.com\/wp-content\/uploads\/2025\/03\/1-8.jpg 800w, https:\/\/tosyagazetesi.com\/wp-content\/uploads\/2025\/03\/1-8-300x200.jpg 300w, https:\/\/tosyagazetesi.com\/wp-content\/uploads\/2025\/03\/1-8-768x512.jpg 768w\" sizes=\"auto, (max-width: 800px) 100vw, 800px\" \/><\/figure>\n\n\n\n<figure class=\"wp-block-image size-large\"><img loading=\"lazy\" decoding=\"async\" width=\"800\" height=\"533\" data-id=\"1643\" src=\"https:\/\/tosyagazetesi.com\/wp-content\/uploads\/2025\/03\/2-7.jpg\" alt=\"\" class=\"wp-image-1643\" srcset=\"https:\/\/tosyagazetesi.com\/wp-content\/uploads\/2025\/03\/2-7.jpg 800w, https:\/\/tosyagazetesi.com\/wp-content\/uploads\/2025\/03\/2-7-300x200.jpg 300w, https:\/\/tosyagazetesi.com\/wp-content\/uploads\/2025\/03\/2-7-768x512.jpg 768w\" sizes=\"auto, (max-width: 800px) 100vw, 800px\" \/><\/figure>\n\n\n\n<figure class=\"wp-block-image size-large\"><img loading=\"lazy\" decoding=\"async\" width=\"800\" height=\"533\" data-id=\"1644\" src=\"https:\/\/tosyagazetesi.com\/wp-content\/uploads\/2025\/03\/3-7.jpg\" alt=\"\" class=\"wp-image-1644\" srcset=\"https:\/\/tosyagazetesi.com\/wp-content\/uploads\/2025\/03\/3-7.jpg 800w, https:\/\/tosyagazetesi.com\/wp-content\/uploads\/2025\/03\/3-7-300x200.jpg 300w, https:\/\/tosyagazetesi.com\/wp-content\/uploads\/2025\/03\/3-7-768x512.jpg 768w\" sizes=\"auto, (max-width: 800px) 100vw, 800px\" \/><\/figure>\n\n\n\n<figure class=\"wp-block-image size-large\"><img loading=\"lazy\" decoding=\"async\" width=\"800\" height=\"533\" data-id=\"1645\" src=\"https:\/\/tosyagazetesi.com\/wp-content\/uploads\/2025\/03\/4-4.jpg\" alt=\"\" class=\"wp-image-1645\" srcset=\"https:\/\/tosyagazetesi.com\/wp-content\/uploads\/2025\/03\/4-4.jpg 800w, https:\/\/tosyagazetesi.com\/wp-content\/uploads\/2025\/03\/4-4-300x200.jpg 300w, https:\/\/tosyagazetesi.com\/wp-content\/uploads\/2025\/03\/4-4-768x512.jpg 768w\" sizes=\"auto, (max-width: 800px) 100vw, 800px\" \/><\/figure>\n\n\n\n<figure class=\"wp-block-image size-large\"><img loading=\"lazy\" decoding=\"async\" width=\"800\" height=\"533\" data-id=\"1648\" src=\"https:\/\/tosyagazetesi.com\/wp-content\/uploads\/2025\/03\/5-3.jpg\" alt=\"\" class=\"wp-image-1648\" srcset=\"https:\/\/tosyagazetesi.com\/wp-content\/uploads\/2025\/03\/5-3.jpg 800w, https:\/\/tosyagazetesi.com\/wp-content\/uploads\/2025\/03\/5-3-300x200.jpg 300w, https:\/\/tosyagazetesi.com\/wp-content\/uploads\/2025\/03\/5-3-768x512.jpg 768w\" sizes=\"auto, (max-width: 800px) 100vw, 800px\" \/><\/figure>\n\n\n\n<figure class=\"wp-block-image size-large\"><img loading=\"lazy\" decoding=\"async\" width=\"800\" height=\"533\" data-id=\"1646\" src=\"https:\/\/tosyagazetesi.com\/wp-content\/uploads\/2025\/03\/6-3.jpg\" alt=\"\" class=\"wp-image-1646\" srcset=\"https:\/\/tosyagazetesi.com\/wp-content\/uploads\/2025\/03\/6-3.jpg 800w, https:\/\/tosyagazetesi.com\/wp-content\/uploads\/2025\/03\/6-3-300x200.jpg 300w, https:\/\/tosyagazetesi.com\/wp-content\/uploads\/2025\/03\/6-3-768x512.jpg 768w\" sizes=\"auto, (max-width: 800px) 100vw, 800px\" \/><\/figure>\n\n\n\n<figure class=\"wp-block-image size-large\"><img loading=\"lazy\" decoding=\"async\" width=\"800\" height=\"597\" data-id=\"1647\" src=\"https:\/\/tosyagazetesi.com\/wp-content\/uploads\/2025\/03\/7-3.jpg\" alt=\"\" class=\"wp-image-1647\" srcset=\"https:\/\/tosyagazetesi.com\/wp-content\/uploads\/2025\/03\/7-3.jpg 800w, https:\/\/tosyagazetesi.com\/wp-content\/uploads\/2025\/03\/7-3-300x224.jpg 300w, https:\/\/tosyagazetesi.com\/wp-content\/uploads\/2025\/03\/7-3-768x573.jpg 768w\" sizes=\"auto, (max-width: 800px) 100vw, 800px\" \/><\/figure>\n\n\n\n<figure class=\"wp-block-image size-large\"><img loading=\"lazy\" decoding=\"async\" width=\"800\" height=\"533\" data-id=\"1649\" src=\"https:\/\/tosyagazetesi.com\/wp-content\/uploads\/2025\/03\/8-2.jpg\" alt=\"\" class=\"wp-image-1649\" srcset=\"https:\/\/tosyagazetesi.com\/wp-content\/uploads\/2025\/03\/8-2.jpg 800w, https:\/\/tosyagazetesi.com\/wp-content\/uploads\/2025\/03\/8-2-300x200.jpg 300w, https:\/\/tosyagazetesi.com\/wp-content\/uploads\/2025\/03\/8-2-768x512.jpg 768w\" sizes=\"auto, (max-width: 800px) 100vw, 800px\" \/><\/figure>\n\n\n\n<figure class=\"wp-block-image size-large\"><img loading=\"lazy\" decoding=\"async\" width=\"800\" height=\"600\" data-id=\"1650\" src=\"https:\/\/tosyagazetesi.com\/wp-content\/uploads\/2025\/03\/IMG_20250325_111630.jpg\" alt=\"\" class=\"wp-image-1650\" srcset=\"https:\/\/tosyagazetesi.com\/wp-content\/uploads\/2025\/03\/IMG_20250325_111630.jpg 800w, https:\/\/tosyagazetesi.com\/wp-content\/uploads\/2025\/03\/IMG_20250325_111630-300x225.jpg 300w, https:\/\/tosyagazetesi.com\/wp-content\/uploads\/2025\/03\/IMG_20250325_111630-768x576.jpg 768w\" sizes=\"auto, (max-width: 800px) 100vw, 800px\" \/><\/figure>\n\n\n\n<figure class=\"wp-block-image size-large\"><img loading=\"lazy\" decoding=\"async\" width=\"800\" height=\"600\" data-id=\"1651\" src=\"https:\/\/tosyagazetesi.com\/wp-content\/uploads\/2025\/03\/IMG_20250325_111635_1.jpg\" alt=\"\" class=\"wp-image-1651\" srcset=\"https:\/\/tosyagazetesi.com\/wp-content\/uploads\/2025\/03\/IMG_20250325_111635_1.jpg 800w, https:\/\/tosyagazetesi.com\/wp-content\/uploads\/2025\/03\/IMG_20250325_111635_1-300x225.jpg 300w, https:\/\/tosyagazetesi.com\/wp-content\/uploads\/2025\/03\/IMG_20250325_111635_1-768x576.jpg 768w\" sizes=\"auto, (max-width: 800px) 100vw, 800px\" \/><\/figure>\n\n\n\n<figure class=\"wp-block-image size-large\"><img loading=\"lazy\" decoding=\"async\" width=\"800\" height=\"600\" data-id=\"1652\" src=\"https:\/\/tosyagazetesi.com\/wp-content\/uploads\/2025\/03\/IMG_20250325_111641.jpg\" alt=\"\" class=\"wp-image-1652\" srcset=\"https:\/\/tosyagazetesi.com\/wp-content\/uploads\/2025\/03\/IMG_20250325_111641.jpg 800w, https:\/\/tosyagazetesi.com\/wp-content\/uploads\/2025\/03\/IMG_20250325_111641-300x225.jpg 300w, https:\/\/tosyagazetesi.com\/wp-content\/uploads\/2025\/03\/IMG_20250325_111641-768x576.jpg 768w\" sizes=\"auto, (max-width: 800px) 100vw, 800px\" \/><\/figure>\n\n\n\n<figure class=\"wp-block-image size-large\"><img loading=\"lazy\" decoding=\"async\" width=\"800\" height=\"600\" data-id=\"1653\" src=\"https:\/\/tosyagazetesi.com\/wp-content\/uploads\/2025\/03\/IMG_20250325_111655.jpg\" alt=\"\" class=\"wp-image-1653\" srcset=\"https:\/\/tosyagazetesi.com\/wp-content\/uploads\/2025\/03\/IMG_20250325_111655.jpg 800w, https:\/\/tosyagazetesi.com\/wp-content\/uploads\/2025\/03\/IMG_20250325_111655-300x225.jpg 300w, https:\/\/tosyagazetesi.com\/wp-content\/uploads\/2025\/03\/IMG_20250325_111655-768x576.jpg 768w\" sizes=\"auto, (max-width: 800px) 100vw, 800px\" \/><\/figure>\n\n\n\n<figure class=\"wp-block-image size-large\"><img loading=\"lazy\" decoding=\"async\" width=\"800\" height=\"600\" data-id=\"1655\" src=\"https:\/\/tosyagazetesi.com\/wp-content\/uploads\/2025\/03\/IMG_20250325_111701.jpg\" alt=\"\" class=\"wp-image-1655\" srcset=\"https:\/\/tosyagazetesi.com\/wp-content\/uploads\/2025\/03\/IMG_20250325_111701.jpg 800w, https:\/\/tosyagazetesi.com\/wp-content\/uploads\/2025\/03\/IMG_20250325_111701-300x225.jpg 300w, https:\/\/tosyagazetesi.com\/wp-content\/uploads\/2025\/03\/IMG_20250325_111701-768x576.jpg 768w\" sizes=\"auto, (max-width: 800px) 100vw, 800px\" \/><\/figure>\n\n\n\n<figure class=\"wp-block-image size-large\"><img loading=\"lazy\" decoding=\"async\" width=\"800\" height=\"600\" data-id=\"1654\" src=\"https:\/\/tosyagazetesi.com\/wp-content\/uploads\/2025\/03\/IMG_20250325_111708.jpg\" alt=\"\" class=\"wp-image-1654\" srcset=\"https:\/\/tosyagazetesi.com\/wp-content\/uploads\/2025\/03\/IMG_20250325_111708.jpg 800w, https:\/\/tosyagazetesi.com\/wp-content\/uploads\/2025\/03\/IMG_20250325_111708-300x225.jpg 300w, https:\/\/tosyagazetesi.com\/wp-content\/uploads\/2025\/03\/IMG_20250325_111708-768x576.jpg 768w\" sizes=\"auto, (max-width: 800px) 100vw, 800px\" \/><\/figure>\n<\/figure>\n","protected":false},"excerpt":{"rendered":"<p>\u015eehit Hava Pilot Te\u011fmen Yavuz Eracar, Kastamonu&#8217;nun Tosya il\u00e7esinde kabri ba\u015f\u0131nda dualarla an\u0131ld\u0131. 1998 y\u0131l\u0131nda Manisa&#8217;da \u015fehit olan Hava Pilot Te\u011fmen Yavuz Eracar i\u00e7in Tosya Asri Mezarl\u0131\u011f\u0131&#8217;ndaki \u015fehitlikte bulunan kabri&hellip; <\/p>\n","protected":false},"author":1,"featured_media":1656,"comment_status":"open","ping_status":"open","sticky":false,"template":"","format":"standard","meta":{"_joinchat":[],"footnotes":"","jetpack_publicize_message":"","jetpack_publicize_feature_enabled":true,"jetpack_social_post_already_shared":false,"jetpack_social_options":{"image_generator_settings":{"template":"highway","default_image_id":0,"font":"","enabled":false},"version":2}},"categories":[3],"tags":[262],"class_list":["post-1641","post","type-post","status-publish","format-standard","has-post-thumbnail","hentry","category-tosya-gazetesi","tag-sehit-tegmen-yavuz-eracar-tosyada-dualarla-anildi"],"yoast_head":"<!-- This site is optimized with the Yoast SEO plugin v27.5 - https:\/\/yoast.com\/product\/yoast-seo-wordpress\/ -->\n<title>\u015eehit Te\u011fmen Yavuz Eracar Tosya\u2019da Dualarla An\u0131ld\u0131 -<\/title>\n<meta name=\"robots\" content=\"index, follow, max-snippet:-1, max-image-preview:large, max-video-preview:-1\" \/>\n<link rel=\"canonical\" href=\"https:\/\/tosyagazetesi.com\/index.php\/2025\/03\/25\/sehit-tegmen-yavuz-eracar-tosyada-dualarla-anildi\/\" \/>\n<meta property=\"og:locale\" content=\"tr_TR\" \/>\n<meta property=\"og:type\" content=\"article\" \/>\n<meta property=\"og:title\" content=\"\u015eehit Te\u011fmen Yavuz Eracar Tosya\u2019da Dualarla An\u0131ld\u0131 -\" \/>\n<meta property=\"og:description\" content=\"\u015eehit Hava Pilot Te\u011fmen Yavuz Eracar, Kastamonu&#8217;nun Tosya il\u00e7esinde kabri ba\u015f\u0131nda dualarla an\u0131ld\u0131. 1998 y\u0131l\u0131nda Manisa&#8217;da \u015fehit olan Hava Pilot Te\u011fmen Yavuz Eracar i\u00e7in Tosya Asri Mezarl\u0131\u011f\u0131&#8217;ndaki \u015fehitlikte bulunan kabri&hellip;\" \/>\n<meta property=\"og:url\" content=\"https:\/\/tosyagazetesi.com\/index.php\/2025\/03\/25\/sehit-tegmen-yavuz-eracar-tosyada-dualarla-anildi\/\" \/>\n<meta property=\"article:published_time\" content=\"2025-03-25T11:15:06+00:00\" \/>\n<meta property=\"article:modified_time\" content=\"2025-03-25T11:15:08+00:00\" \/>\n<meta property=\"og:image\" content=\"https:\/\/tosyagazetesi.com\/wp-content\/uploads\/2025\/03\/Sehit-Tegmen-Yavuz-Eracar-Tosyada-Dualarla-Anildi.jpg\" \/>\n\t<meta property=\"og:image:width\" content=\"900\" \/>\n\t<meta property=\"og:image:height\" content=\"505\" \/>\n\t<meta property=\"og:image:type\" content=\"image\/jpeg\" \/>\n<meta name=\"author\" content=\"admin\" \/>\n<meta name=\"twitter:card\" content=\"summary_large_image\" \/>\n<meta name=\"twitter:label1\" content=\"Yazan:\" \/>\n\t<meta name=\"twitter:data1\" content=\"admin\" \/>\n\t<meta name=\"twitter:label2\" content=\"Tahmini okuma s\u00fcresi\" \/>\n\t<meta name=\"twitter:data2\" content=\"5 dakika\" \/>\n<script type=\"application\/ld+json\" class=\"yoast-schema-graph\">{\"@context\":\"https:\\\/\\\/schema.org\",\"@graph\":[{\"@type\":\"Article\",\"@id\":\"https:\\\/\\\/tosyagazetesi.com\\\/index.php\\\/2025\\\/03\\\/25\\\/sehit-tegmen-yavuz-eracar-tosyada-dualarla-anildi\\\/#article\",\"isPartOf\":{\"@id\":\"https:\\\/\\\/tosyagazetesi.com\\\/index.php\\\/2025\\\/03\\\/25\\\/sehit-tegmen-yavuz-eracar-tosyada-dualarla-anildi\\\/\"},\"author\":{\"name\":\"admin\",\"@id\":\"https:\\\/\\\/tosyagazetesi.com\\\/#\\\/schema\\\/person\\\/9a1b0f7e1b008c6cede8cdbd5500a206\"},\"headline\":\"\u015eehit Te\u011fmen Yavuz Eracar Tosya\u2019da Dualarla An\u0131ld\u0131\",\"datePublished\":\"2025-03-25T11:15:06+00:00\",\"dateModified\":\"2025-03-25T11:15:08+00:00\",\"mainEntityOfPage\":{\"@id\":\"https:\\\/\\\/tosyagazetesi.com\\\/index.php\\\/2025\\\/03\\\/25\\\/sehit-tegmen-yavuz-eracar-tosyada-dualarla-anildi\\\/\"},\"wordCount\":257,\"commentCount\":0,\"image\":{\"@id\":\"https:\\\/\\\/tosyagazetesi.com\\\/index.php\\\/2025\\\/03\\\/25\\\/sehit-tegmen-yavuz-eracar-tosyada-dualarla-anildi\\\/#primaryimage\"},\"thumbnailUrl\":\"https:\\\/\\\/tosyagazetesi.com\\\/wp-content\\\/uploads\\\/2025\\\/03\\\/Sehit-Tegmen-Yavuz-Eracar-Tosyada-Dualarla-Anildi.jpg\",\"keywords\":[\"\u015eehit Te\u011fmen Yavuz Eracar Tosya\u2019da Dualarla An\u0131ld\u0131\"],\"articleSection\":[\"Tosya Gazetesi\"],\"inLanguage\":\"tr\",\"potentialAction\":[{\"@type\":\"CommentAction\",\"name\":\"Comment\",\"target\":[\"https:\\\/\\\/tosyagazetesi.com\\\/index.php\\\/2025\\\/03\\\/25\\\/sehit-tegmen-yavuz-eracar-tosyada-dualarla-anildi\\\/#respond\"]}]},{\"@type\":\"WebPage\",\"@id\":\"https:\\\/\\\/tosyagazetesi.com\\\/index.php\\\/2025\\\/03\\\/25\\\/sehit-tegmen-yavuz-eracar-tosyada-dualarla-anildi\\\/\",\"url\":\"https:\\\/\\\/tosyagazetesi.com\\\/index.php\\\/2025\\\/03\\\/25\\\/sehit-tegmen-yavuz-eracar-tosyada-dualarla-anildi\\\/\",\"name\":\"\u015eehit Te\u011fmen Yavuz Eracar Tosya\u2019da Dualarla An\u0131ld\u0131 -\",\"isPartOf\":{\"@id\":\"https:\\\/\\\/tosyagazetesi.com\\\/#website\"},\"primaryImageOfPage\":{\"@id\":\"https:\\\/\\\/tosyagazetesi.com\\\/index.php\\\/2025\\\/03\\\/25\\\/sehit-tegmen-yavuz-eracar-tosyada-dualarla-anildi\\\/#primaryimage\"},\"image\":{\"@id\":\"https:\\\/\\\/tosyagazetesi.com\\\/index.php\\\/2025\\\/03\\\/25\\\/sehit-tegmen-yavuz-eracar-tosyada-dualarla-anildi\\\/#primaryimage\"},\"thumbnailUrl\":\"https:\\\/\\\/tosyagazetesi.com\\\/wp-content\\\/uploads\\\/2025\\\/03\\\/Sehit-Tegmen-Yavuz-Eracar-Tosyada-Dualarla-Anildi.jpg\",\"datePublished\":\"2025-03-25T11:15:06+00:00\",\"dateModified\":\"2025-03-25T11:15:08+00:00\",\"author\":{\"@id\":\"https:\\\/\\\/tosyagazetesi.com\\\/#\\\/schema\\\/person\\\/9a1b0f7e1b008c6cede8cdbd5500a206\"},\"breadcrumb\":{\"@id\":\"https:\\\/\\\/tosyagazetesi.com\\\/index.php\\\/2025\\\/03\\\/25\\\/sehit-tegmen-yavuz-eracar-tosyada-dualarla-anildi\\\/#breadcrumb\"},\"inLanguage\":\"tr\",\"potentialAction\":[{\"@type\":\"ReadAction\",\"target\":[\"https:\\\/\\\/tosyagazetesi.com\\\/index.php\\\/2025\\\/03\\\/25\\\/sehit-tegmen-yavuz-eracar-tosyada-dualarla-anildi\\\/\"]}]},{\"@type\":\"ImageObject\",\"inLanguage\":\"tr\",\"@id\":\"https:\\\/\\\/tosyagazetesi.com\\\/index.php\\\/2025\\\/03\\\/25\\\/sehit-tegmen-yavuz-eracar-tosyada-dualarla-anildi\\\/#primaryimage\",\"url\":\"https:\\\/\\\/tosyagazetesi.com\\\/wp-content\\\/uploads\\\/2025\\\/03\\\/Sehit-Tegmen-Yavuz-Eracar-Tosyada-Dualarla-Anildi.jpg\",\"contentUrl\":\"https:\\\/\\\/tosyagazetesi.com\\\/wp-content\\\/uploads\\\/2025\\\/03\\\/Sehit-Tegmen-Yavuz-Eracar-Tosyada-Dualarla-Anildi.jpg\",\"width\":900,\"height\":505},{\"@type\":\"BreadcrumbList\",\"@id\":\"https:\\\/\\\/tosyagazetesi.com\\\/index.php\\\/2025\\\/03\\\/25\\\/sehit-tegmen-yavuz-eracar-tosyada-dualarla-anildi\\\/#breadcrumb\",\"itemListElement\":[{\"@type\":\"ListItem\",\"position\":1,\"name\":\"Anasayfa\",\"item\":\"https:\\\/\\\/tosyagazetesi.com\\\/\"},{\"@type\":\"ListItem\",\"position\":2,\"name\":\"\u015eehit Te\u011fmen Yavuz Eracar Tosya\u2019da Dualarla An\u0131ld\u0131\"}]},{\"@type\":\"WebSite\",\"@id\":\"https:\\\/\\\/tosyagazetesi.com\\\/#website\",\"url\":\"https:\\\/\\\/tosyagazetesi.com\\\/\",\"name\":\"\",\"description\":\"\",\"potentialAction\":[{\"@type\":\"SearchAction\",\"target\":{\"@type\":\"EntryPoint\",\"urlTemplate\":\"https:\\\/\\\/tosyagazetesi.com\\\/?s={search_term_string}\"},\"query-input\":{\"@type\":\"PropertyValueSpecification\",\"valueRequired\":true,\"valueName\":\"search_term_string\"}}],\"inLanguage\":\"tr\"},{\"@type\":\"Person\",\"@id\":\"https:\\\/\\\/tosyagazetesi.com\\\/#\\\/schema\\\/person\\\/9a1b0f7e1b008c6cede8cdbd5500a206\",\"name\":\"admin\",\"image\":{\"@type\":\"ImageObject\",\"inLanguage\":\"tr\",\"@id\":\"https:\\\/\\\/secure.gravatar.com\\\/avatar\\\/a3b9c4457143f713b454772cdba280ff47106c991ba15f91e94e0aabe3c83824?s=96&d=mm&r=g\",\"url\":\"https:\\\/\\\/secure.gravatar.com\\\/avatar\\\/a3b9c4457143f713b454772cdba280ff47106c991ba15f91e94e0aabe3c83824?s=96&d=mm&r=g\",\"contentUrl\":\"https:\\\/\\\/secure.gravatar.com\\\/avatar\\\/a3b9c4457143f713b454772cdba280ff47106c991ba15f91e94e0aabe3c83824?s=96&d=mm&r=g\",\"caption\":\"admin\"},\"sameAs\":[\"https:\\\/\\\/tosyagazetesi.com\"],\"url\":\"https:\\\/\\\/tosyagazetesi.com\\\/index.php\\\/author\\\/admin_mznznzn4\\\/\"}]}<\/script>\n<!-- \/ Yoast SEO plugin. -->","yoast_head_json":{"title":"\u015eehit Te\u011fmen Yavuz Eracar Tosya\u2019da Dualarla An\u0131ld\u0131 -","robots":{"index":"index","follow":"follow","max-snippet":"max-snippet:-1","max-image-preview":"max-image-preview:large","max-video-preview":"max-video-preview:-1"},"canonical":"https:\/\/tosyagazetesi.com\/index.php\/2025\/03\/25\/sehit-tegmen-yavuz-eracar-tosyada-dualarla-anildi\/","og_locale":"tr_TR","og_type":"article","og_title":"\u015eehit Te\u011fmen Yavuz Eracar Tosya\u2019da Dualarla An\u0131ld\u0131 -","og_description":"\u015eehit Hava Pilot Te\u011fmen Yavuz Eracar, Kastamonu&#8217;nun Tosya il\u00e7esinde kabri ba\u015f\u0131nda dualarla an\u0131ld\u0131. 1998 y\u0131l\u0131nda Manisa&#8217;da \u015fehit olan Hava Pilot Te\u011fmen Yavuz Eracar i\u00e7in Tosya Asri Mezarl\u0131\u011f\u0131&#8217;ndaki \u015fehitlikte bulunan kabri&hellip;","og_url":"https:\/\/tosyagazetesi.com\/index.php\/2025\/03\/25\/sehit-tegmen-yavuz-eracar-tosyada-dualarla-anildi\/","article_published_time":"2025-03-25T11:15:06+00:00","article_modified_time":"2025-03-25T11:15:08+00:00","og_image":[{"width":900,"height":505,"url":"https:\/\/tosyagazetesi.com\/wp-content\/uploads\/2025\/03\/Sehit-Tegmen-Yavuz-Eracar-Tosyada-Dualarla-Anildi.jpg","type":"image\/jpeg"}],"author":"admin","twitter_card":"summary_large_image","twitter_misc":{"Yazan:":"admin","Tahmini okuma s\u00fcresi":"5 dakika"},"schema":{"@context":"https:\/\/schema.org","@graph":[{"@type":"Article","@id":"https:\/\/tosyagazetesi.com\/index.php\/2025\/03\/25\/sehit-tegmen-yavuz-eracar-tosyada-dualarla-anildi\/#article","isPartOf":{"@id":"https:\/\/tosyagazetesi.com\/index.php\/2025\/03\/25\/sehit-tegmen-yavuz-eracar-tosyada-dualarla-anildi\/"},"author":{"name":"admin","@id":"https:\/\/tosyagazetesi.com\/#\/schema\/person\/9a1b0f7e1b008c6cede8cdbd5500a206"},"headline":"\u015eehit Te\u011fmen Yavuz Eracar Tosya\u2019da Dualarla An\u0131ld\u0131","datePublished":"2025-03-25T11:15:06+00:00","dateModified":"2025-03-25T11:15:08+00:00","mainEntityOfPage":{"@id":"https:\/\/tosyagazetesi.com\/index.php\/2025\/03\/25\/sehit-tegmen-yavuz-eracar-tosyada-dualarla-anildi\/"},"wordCount":257,"commentCount":0,"image":{"@id":"https:\/\/tosyagazetesi.com\/index.php\/2025\/03\/25\/sehit-tegmen-yavuz-eracar-tosyada-dualarla-anildi\/#primaryimage"},"thumbnailUrl":"https:\/\/tosyagazetesi.com\/wp-content\/uploads\/2025\/03\/Sehit-Tegmen-Yavuz-Eracar-Tosyada-Dualarla-Anildi.jpg","keywords":["\u015eehit Te\u011fmen Yavuz Eracar Tosya\u2019da Dualarla An\u0131ld\u0131"],"articleSection":["Tosya Gazetesi"],"inLanguage":"tr","potentialAction":[{"@type":"CommentAction","name":"Comment","target":["https:\/\/tosyagazetesi.com\/index.php\/2025\/03\/25\/sehit-tegmen-yavuz-eracar-tosyada-dualarla-anildi\/#respond"]}]},{"@type":"WebPage","@id":"https:\/\/tosyagazetesi.com\/index.php\/2025\/03\/25\/sehit-tegmen-yavuz-eracar-tosyada-dualarla-anildi\/","url":"https:\/\/tosyagazetesi.com\/index.php\/2025\/03\/25\/sehit-tegmen-yavuz-eracar-tosyada-dualarla-anildi\/","name":"\u015eehit Te\u011fmen Yavuz Eracar Tosya\u2019da Dualarla An\u0131ld\u0131 -","isPartOf":{"@id":"https:\/\/tosyagazetesi.com\/#website"},"primaryImageOfPage":{"@id":"https:\/\/tosyagazetesi.com\/index.php\/2025\/03\/25\/sehit-tegmen-yavuz-eracar-tosyada-dualarla-anildi\/#primaryimage"},"image":{"@id":"https:\/\/tosyagazetesi.com\/index.php\/2025\/03\/25\/sehit-tegmen-yavuz-eracar-tosyada-dualarla-anildi\/#primaryimage"},"thumbnailUrl":"https:\/\/tosyagazetesi.com\/wp-content\/uploads\/2025\/03\/Sehit-Tegmen-Yavuz-Eracar-Tosyada-Dualarla-Anildi.jpg","datePublished":"2025-03-25T11:15:06+00:00","dateModified":"2025-03-25T11:15:08+00:00","author":{"@id":"https:\/\/tosyagazetesi.com\/#\/schema\/person\/9a1b0f7e1b008c6cede8cdbd5500a206"},"breadcrumb":{"@id":"https:\/\/tosyagazetesi.com\/index.php\/2025\/03\/25\/sehit-tegmen-yavuz-eracar-tosyada-dualarla-anildi\/#breadcrumb"},"inLanguage":"tr","potentialAction":[{"@type":"ReadAction","target":["https:\/\/tosyagazetesi.com\/index.php\/2025\/03\/25\/sehit-tegmen-yavuz-eracar-tosyada-dualarla-anildi\/"]}]},{"@type":"ImageObject","inLanguage":"tr","@id":"https:\/\/tosyagazetesi.com\/index.php\/2025\/03\/25\/sehit-tegmen-yavuz-eracar-tosyada-dualarla-anildi\/#primaryimage","url":"https:\/\/tosyagazetesi.com\/wp-content\/uploads\/2025\/03\/Sehit-Tegmen-Yavuz-Eracar-Tosyada-Dualarla-Anildi.jpg","contentUrl":"https:\/\/tosyagazetesi.com\/wp-content\/uploads\/2025\/03\/Sehit-Tegmen-Yavuz-Eracar-Tosyada-Dualarla-Anildi.jpg","width":900,"height":505},{"@type":"BreadcrumbList","@id":"https:\/\/tosyagazetesi.com\/index.php\/2025\/03\/25\/sehit-tegmen-yavuz-eracar-tosyada-dualarla-anildi\/#breadcrumb","itemListElement":[{"@type":"ListItem","position":1,"name":"Anasayfa","item":"https:\/\/tosyagazetesi.com\/"},{"@type":"ListItem","position":2,"name":"\u015eehit Te\u011fmen Yavuz Eracar Tosya\u2019da Dualarla An\u0131ld\u0131"}]},{"@type":"WebSite","@id":"https:\/\/tosyagazetesi.com\/#website","url":"https:\/\/tosyagazetesi.com\/","name":"","description":"","potentialAction":[{"@type":"SearchAction","target":{"@type":"EntryPoint","urlTemplate":"https:\/\/tosyagazetesi.com\/?s={search_term_string}"},"query-input":{"@type":"PropertyValueSpecification","valueRequired":true,"valueName":"search_term_string"}}],"inLanguage":"tr"},{"@type":"Person","@id":"https:\/\/tosyagazetesi.com\/#\/schema\/person\/9a1b0f7e1b008c6cede8cdbd5500a206","name":"admin","image":{"@type":"ImageObject","inLanguage":"tr","@id":"https:\/\/secure.gravatar.com\/avatar\/a3b9c4457143f713b454772cdba280ff47106c991ba15f91e94e0aabe3c83824?s=96&d=mm&r=g","url":"https:\/\/secure.gravatar.com\/avatar\/a3b9c4457143f713b454772cdba280ff47106c991ba15f91e94e0aabe3c83824?s=96&d=mm&r=g","contentUrl":"https:\/\/secure.gravatar.com\/avatar\/a3b9c4457143f713b454772cdba280ff47106c991ba15f91e94e0aabe3c83824?s=96&d=mm&r=g","caption":"admin"},"sameAs":["https:\/\/tosyagazetesi.com"],"url":"https:\/\/tosyagazetesi.com\/index.php\/author\/admin_mznznzn4\/"}]}},"views":821,"jetpack_publicize_connections":[],"_links":{"self":[{"href":"https:\/\/tosyagazetesi.com\/index.php\/wp-json\/wp\/v2\/posts\/1641","targetHints":{"allow":["GET"]}}],"collection":[{"href":"https:\/\/tosyagazetesi.com\/index.php\/wp-json\/wp\/v2\/posts"}],"about":[{"href":"https:\/\/tosyagazetesi.com\/index.php\/wp-json\/wp\/v2\/types\/post"}],"author":[{"embeddable":true,"href":"https:\/\/tosyagazetesi.com\/index.php\/wp-json\/wp\/v2\/users\/1"}],"replies":[{"embeddable":true,"href":"https:\/\/tosyagazetesi.com\/index.php\/wp-json\/wp\/v2\/comments?post=1641"}],"version-history":[{"count":1,"href":"https:\/\/tosyagazetesi.com\/index.php\/wp-json\/wp\/v2\/posts\/1641\/revisions"}],"predecessor-version":[{"id":1657,"href":"https:\/\/tosyagazetesi.com\/index.php\/wp-json\/wp\/v2\/posts\/1641\/revisions\/1657"}],"wp:featuredmedia":[{"embeddable":true,"href":"https:\/\/tosyagazetesi.com\/index.php\/wp-json\/wp\/v2\/media\/1656"}],"wp:attachment":[{"href":"https:\/\/tosyagazetesi.com\/index.php\/wp-json\/wp\/v2\/media?parent=1641"}],"wp:term":[{"taxonomy":"category","embeddable":true,"href":"https:\/\/tosyagazetesi.com\/index.php\/wp-json\/wp\/v2\/categories?post=1641"},{"taxonomy":"post_tag","embeddable":true,"href":"https:\/\/tosyagazetesi.com\/index.php\/wp-json\/wp\/v2\/tags?post=1641"}],"curies":[{"name":"wp","href":"https:\/\/api.w.org\/{rel}","templated":true}]}}