{"id":152,"date":"2023-02-09T08:02:14","date_gmt":"2023-02-09T08:02:14","guid":{"rendered":"https:\/\/tosyagazetesi.com\/?p=152"},"modified":"2023-02-09T08:02:18","modified_gmt":"2023-02-09T08:02:18","slug":"tosyadan-12-tir-yardim-malzemesi-deprem-bolgesine-gonderildi","status":"publish","type":"post","link":"https:\/\/tosyagazetesi.com\/index.php\/2023\/02\/09\/tosyadan-12-tir-yardim-malzemesi-deprem-bolgesine-gonderildi\/","title":{"rendered":"Tosya\u2019dan 12 T\u0131r Yard\u0131m Malzemesi Deprem B\u00f6lgesine G\u00f6nderildi."},"content":{"rendered":"\n<p>Kastamonu\u2019nun Tosya il\u00e7esinde toplanan 12 t\u0131r dolusu yard\u0131m malzemeleri deprem b\u00f6lgesine g\u00f6nderildi.<\/p>\n\n\n\n<p>Kastamonu Valili\u011fi \u00f6nc\u00fcl\u00fc\u011f\u00fcnde, Tosya Kaymakaml\u0131\u011f\u0131 koordinasyonunda d\u00fczenlenen yard\u0131m kampanyas\u0131 kapsam\u0131nda il\u00e7ede, yiyecek ve giyecek gibi temel ya\u015fam malzemelerinin yan\u0131nda, \u0131s\u0131nmak i\u00e7in soba ve yakacak odunlarla birlikte, arama kurtarma \u00e7al\u0131\u015fmalar\u0131 i\u00e7in, el arabas\u0131, kazma ve k\u00fcrek gibi malzemeler topland\u0131.<\/p>\n\n\n\n<p>Tosya Proje Fen Lisesi Kapal\u0131 Spor Salonu&#8217;nda toplanan yard\u0131mlar, g\u00f6revli ve g\u00f6n\u00fcll\u00fcler taraf\u0131ndan tasnif edilerek paketlendi.<\/p>\n\n\n\n<p>Toplanan 12 t\u0131r dolusu yard\u0131m malzemeleri, Ad\u0131yaman ve Kahramanmara\u015f b\u00f6lgesine dualar e\u015fli\u011finde g\u00f6nderildi.<\/p>\n\n\n\n<figure class=\"wp-block-gallery has-nested-images columns-1 is-cropped wp-block-gallery-1 is-layout-flex wp-block-gallery-is-layout-flex\">\n<figure class=\"wp-block-image size-large\"><img decoding=\"async\" data-id=\"4792\" src=\"https:\/\/kastamonuhaber37.com\/wp-content\/uploads\/2023\/02\/Tosyadan-12-Tir-Yardim-Malzemesi-Deprem-Bolgesine-Gonderildi-1.jpg\" alt=\"\" class=\"wp-image-4792\"\/><\/figure>\n\n\n\n<figure class=\"wp-block-image size-large\"><img decoding=\"async\" data-id=\"4793\" src=\"https:\/\/kastamonuhaber37.com\/wp-content\/uploads\/2023\/02\/Tosyadan-12-Tir-Yardim-Malzemesi-Deprem-Bolgesine-Gonderildi-2.jpg\" alt=\"\" class=\"wp-image-4793\"\/><\/figure>\n\n\n\n<figure class=\"wp-block-image size-large\"><img decoding=\"async\" data-id=\"4794\" src=\"https:\/\/kastamonuhaber37.com\/wp-content\/uploads\/2023\/02\/Tosyadan-12-Tir-Yardim-Malzemesi-Deprem-Bolgesine-Gonderildi-3.jpg\" alt=\"\" class=\"wp-image-4794\"\/><\/figure>\n<\/figure>\n","protected":false},"excerpt":{"rendered":"<p>Kastamonu\u2019nun Tosya il\u00e7esinde toplanan 12 t\u0131r dolusu yard\u0131m malzemeleri deprem b\u00f6lgesine g\u00f6nderildi. Kastamonu Valili\u011fi \u00f6nc\u00fcl\u00fc\u011f\u00fcnde, Tosya Kaymakaml\u0131\u011f\u0131 koordinasyonunda d\u00fczenlenen yard\u0131m kampanyas\u0131 kapsam\u0131nda il\u00e7ede, yiyecek ve giyecek gibi temel ya\u015fam malzemelerinin&hellip; <\/p>\n","protected":false},"author":1,"featured_media":153,"comment_status":"open","ping_status":"open","sticky":false,"template":"","format":"standard","meta":{"_joinchat":[],"footnotes":"","jetpack_publicize_message":"","jetpack_publicize_feature_enabled":true,"jetpack_social_post_already_shared":false,"jetpack_social_options":{"image_generator_settings":{"template":"highway","default_image_id":0,"font":"","enabled":false},"version":2}},"categories":[3],"tags":[10],"class_list":["post-152","post","type-post","status-publish","format-standard","has-post-thumbnail","hentry","category-tosya-gazetesi","tag-tosyadan-12-tir-yardim-malzemesi-deprem-bolgesine-gonderildi"],"yoast_head":"<!-- This site is optimized with the Yoast SEO plugin v27.5 - https:\/\/yoast.com\/product\/yoast-seo-wordpress\/ -->\n<title>Tosya\u2019dan 12 T\u0131r Yard\u0131m Malzemesi Deprem B\u00f6lgesine G\u00f6nderildi. -<\/title>\n<meta name=\"robots\" content=\"index, follow, max-snippet:-1, max-image-preview:large, max-video-preview:-1\" \/>\n<link rel=\"canonical\" href=\"https:\/\/tosyagazetesi.com\/index.php\/2023\/02\/09\/tosyadan-12-tir-yardim-malzemesi-deprem-bolgesine-gonderildi\/\" \/>\n<meta property=\"og:locale\" content=\"tr_TR\" \/>\n<meta property=\"og:type\" content=\"article\" \/>\n<meta property=\"og:title\" content=\"Tosya\u2019dan 12 T\u0131r Yard\u0131m Malzemesi Deprem B\u00f6lgesine G\u00f6nderildi. -\" \/>\n<meta property=\"og:description\" content=\"Kastamonu\u2019nun Tosya il\u00e7esinde toplanan 12 t\u0131r dolusu yard\u0131m malzemeleri deprem b\u00f6lgesine g\u00f6nderildi. Kastamonu Valili\u011fi \u00f6nc\u00fcl\u00fc\u011f\u00fcnde, Tosya Kaymakaml\u0131\u011f\u0131 koordinasyonunda d\u00fczenlenen yard\u0131m kampanyas\u0131 kapsam\u0131nda il\u00e7ede, yiyecek ve giyecek gibi temel ya\u015fam malzemelerinin&hellip;\" \/>\n<meta property=\"og:url\" content=\"https:\/\/tosyagazetesi.com\/index.php\/2023\/02\/09\/tosyadan-12-tir-yardim-malzemesi-deprem-bolgesine-gonderildi\/\" \/>\n<meta property=\"article:published_time\" content=\"2023-02-09T08:02:14+00:00\" \/>\n<meta property=\"article:modified_time\" content=\"2023-02-09T08:02:18+00:00\" \/>\n<meta property=\"og:image\" content=\"https:\/\/tosyagazetesi.com\/wp-content\/uploads\/2023\/02\/adasdsa.jpg\" \/>\n\t<meta property=\"og:image:width\" content=\"900\" \/>\n\t<meta property=\"og:image:height\" content=\"500\" \/>\n\t<meta property=\"og:image:type\" content=\"image\/jpeg\" \/>\n<meta name=\"author\" content=\"admin\" \/>\n<meta name=\"twitter:card\" content=\"summary_large_image\" \/>\n<meta name=\"twitter:label1\" content=\"Yazan:\" \/>\n\t<meta name=\"twitter:data1\" content=\"admin\" \/>\n\t<meta name=\"twitter:label2\" content=\"Tahmini okuma s\u00fcresi\" \/>\n\t<meta name=\"twitter:data2\" content=\"2 dakika\" \/>\n<script type=\"application\/ld+json\" class=\"yoast-schema-graph\">{\"@context\":\"https:\\\/\\\/schema.org\",\"@graph\":[{\"@type\":\"Article\",\"@id\":\"https:\\\/\\\/tosyagazetesi.com\\\/index.php\\\/2023\\\/02\\\/09\\\/tosyadan-12-tir-yardim-malzemesi-deprem-bolgesine-gonderildi\\\/#article\",\"isPartOf\":{\"@id\":\"https:\\\/\\\/tosyagazetesi.com\\\/index.php\\\/2023\\\/02\\\/09\\\/tosyadan-12-tir-yardim-malzemesi-deprem-bolgesine-gonderildi\\\/\"},\"author\":{\"name\":\"admin\",\"@id\":\"https:\\\/\\\/tosyagazetesi.com\\\/#\\\/schema\\\/person\\\/9a1b0f7e1b008c6cede8cdbd5500a206\"},\"headline\":\"Tosya\u2019dan 12 T\u0131r Yard\u0131m Malzemesi Deprem B\u00f6lgesine G\u00f6nderildi.\",\"datePublished\":\"2023-02-09T08:02:14+00:00\",\"dateModified\":\"2023-02-09T08:02:18+00:00\",\"mainEntityOfPage\":{\"@id\":\"https:\\\/\\\/tosyagazetesi.com\\\/index.php\\\/2023\\\/02\\\/09\\\/tosyadan-12-tir-yardim-malzemesi-deprem-bolgesine-gonderildi\\\/\"},\"wordCount\":123,\"commentCount\":0,\"image\":{\"@id\":\"https:\\\/\\\/tosyagazetesi.com\\\/index.php\\\/2023\\\/02\\\/09\\\/tosyadan-12-tir-yardim-malzemesi-deprem-bolgesine-gonderildi\\\/#primaryimage\"},\"thumbnailUrl\":\"https:\\\/\\\/tosyagazetesi.com\\\/wp-content\\\/uploads\\\/2023\\\/02\\\/adasdsa.jpg\",\"keywords\":[\"Tosya\u2019dan 12 T\u0131r Yard\u0131m Malzemesi Deprem B\u00f6lgesine G\u00f6nderildi\"],\"articleSection\":[\"Tosya Gazetesi\"],\"inLanguage\":\"tr\",\"potentialAction\":[{\"@type\":\"CommentAction\",\"name\":\"Comment\",\"target\":[\"https:\\\/\\\/tosyagazetesi.com\\\/index.php\\\/2023\\\/02\\\/09\\\/tosyadan-12-tir-yardim-malzemesi-deprem-bolgesine-gonderildi\\\/#respond\"]}]},{\"@type\":\"WebPage\",\"@id\":\"https:\\\/\\\/tosyagazetesi.com\\\/index.php\\\/2023\\\/02\\\/09\\\/tosyadan-12-tir-yardim-malzemesi-deprem-bolgesine-gonderildi\\\/\",\"url\":\"https:\\\/\\\/tosyagazetesi.com\\\/index.php\\\/2023\\\/02\\\/09\\\/tosyadan-12-tir-yardim-malzemesi-deprem-bolgesine-gonderildi\\\/\",\"name\":\"Tosya\u2019dan 12 T\u0131r Yard\u0131m Malzemesi Deprem B\u00f6lgesine G\u00f6nderildi. -\",\"isPartOf\":{\"@id\":\"https:\\\/\\\/tosyagazetesi.com\\\/#website\"},\"primaryImageOfPage\":{\"@id\":\"https:\\\/\\\/tosyagazetesi.com\\\/index.php\\\/2023\\\/02\\\/09\\\/tosyadan-12-tir-yardim-malzemesi-deprem-bolgesine-gonderildi\\\/#primaryimage\"},\"image\":{\"@id\":\"https:\\\/\\\/tosyagazetesi.com\\\/index.php\\\/2023\\\/02\\\/09\\\/tosyadan-12-tir-yardim-malzemesi-deprem-bolgesine-gonderildi\\\/#primaryimage\"},\"thumbnailUrl\":\"https:\\\/\\\/tosyagazetesi.com\\\/wp-content\\\/uploads\\\/2023\\\/02\\\/adasdsa.jpg\",\"datePublished\":\"2023-02-09T08:02:14+00:00\",\"dateModified\":\"2023-02-09T08:02:18+00:00\",\"author\":{\"@id\":\"https:\\\/\\\/tosyagazetesi.com\\\/#\\\/schema\\\/person\\\/9a1b0f7e1b008c6cede8cdbd5500a206\"},\"breadcrumb\":{\"@id\":\"https:\\\/\\\/tosyagazetesi.com\\\/index.php\\\/2023\\\/02\\\/09\\\/tosyadan-12-tir-yardim-malzemesi-deprem-bolgesine-gonderildi\\\/#breadcrumb\"},\"inLanguage\":\"tr\",\"potentialAction\":[{\"@type\":\"ReadAction\",\"target\":[\"https:\\\/\\\/tosyagazetesi.com\\\/index.php\\\/2023\\\/02\\\/09\\\/tosyadan-12-tir-yardim-malzemesi-deprem-bolgesine-gonderildi\\\/\"]}]},{\"@type\":\"ImageObject\",\"inLanguage\":\"tr\",\"@id\":\"https:\\\/\\\/tosyagazetesi.com\\\/index.php\\\/2023\\\/02\\\/09\\\/tosyadan-12-tir-yardim-malzemesi-deprem-bolgesine-gonderildi\\\/#primaryimage\",\"url\":\"https:\\\/\\\/tosyagazetesi.com\\\/wp-content\\\/uploads\\\/2023\\\/02\\\/adasdsa.jpg\",\"contentUrl\":\"https:\\\/\\\/tosyagazetesi.com\\\/wp-content\\\/uploads\\\/2023\\\/02\\\/adasdsa.jpg\",\"width\":900,\"height\":500},{\"@type\":\"BreadcrumbList\",\"@id\":\"https:\\\/\\\/tosyagazetesi.com\\\/index.php\\\/2023\\\/02\\\/09\\\/tosyadan-12-tir-yardim-malzemesi-deprem-bolgesine-gonderildi\\\/#breadcrumb\",\"itemListElement\":[{\"@type\":\"ListItem\",\"position\":1,\"name\":\"Anasayfa\",\"item\":\"https:\\\/\\\/tosyagazetesi.com\\\/\"},{\"@type\":\"ListItem\",\"position\":2,\"name\":\"Tosya\u2019dan 12 T\u0131r Yard\u0131m Malzemesi Deprem B\u00f6lgesine G\u00f6nderildi.\"}]},{\"@type\":\"WebSite\",\"@id\":\"https:\\\/\\\/tosyagazetesi.com\\\/#website\",\"url\":\"https:\\\/\\\/tosyagazetesi.com\\\/\",\"name\":\"\",\"description\":\"\",\"potentialAction\":[{\"@type\":\"SearchAction\",\"target\":{\"@type\":\"EntryPoint\",\"urlTemplate\":\"https:\\\/\\\/tosyagazetesi.com\\\/?s={search_term_string}\"},\"query-input\":{\"@type\":\"PropertyValueSpecification\",\"valueRequired\":true,\"valueName\":\"search_term_string\"}}],\"inLanguage\":\"tr\"},{\"@type\":\"Person\",\"@id\":\"https:\\\/\\\/tosyagazetesi.com\\\/#\\\/schema\\\/person\\\/9a1b0f7e1b008c6cede8cdbd5500a206\",\"name\":\"admin\",\"image\":{\"@type\":\"ImageObject\",\"inLanguage\":\"tr\",\"@id\":\"https:\\\/\\\/secure.gravatar.com\\\/avatar\\\/a3b9c4457143f713b454772cdba280ff47106c991ba15f91e94e0aabe3c83824?s=96&d=mm&r=g\",\"url\":\"https:\\\/\\\/secure.gravatar.com\\\/avatar\\\/a3b9c4457143f713b454772cdba280ff47106c991ba15f91e94e0aabe3c83824?s=96&d=mm&r=g\",\"contentUrl\":\"https:\\\/\\\/secure.gravatar.com\\\/avatar\\\/a3b9c4457143f713b454772cdba280ff47106c991ba15f91e94e0aabe3c83824?s=96&d=mm&r=g\",\"caption\":\"admin\"},\"sameAs\":[\"https:\\\/\\\/tosyagazetesi.com\"],\"url\":\"https:\\\/\\\/tosyagazetesi.com\\\/index.php\\\/author\\\/admin_mznznzn4\\\/\"}]}<\/script>\n<!-- \/ Yoast SEO plugin. -->","yoast_head_json":{"title":"Tosya\u2019dan 12 T\u0131r Yard\u0131m Malzemesi Deprem B\u00f6lgesine G\u00f6nderildi. -","robots":{"index":"index","follow":"follow","max-snippet":"max-snippet:-1","max-image-preview":"max-image-preview:large","max-video-preview":"max-video-preview:-1"},"canonical":"https:\/\/tosyagazetesi.com\/index.php\/2023\/02\/09\/tosyadan-12-tir-yardim-malzemesi-deprem-bolgesine-gonderildi\/","og_locale":"tr_TR","og_type":"article","og_title":"Tosya\u2019dan 12 T\u0131r Yard\u0131m Malzemesi Deprem B\u00f6lgesine G\u00f6nderildi. -","og_description":"Kastamonu\u2019nun Tosya il\u00e7esinde toplanan 12 t\u0131r dolusu yard\u0131m malzemeleri deprem b\u00f6lgesine g\u00f6nderildi. Kastamonu Valili\u011fi \u00f6nc\u00fcl\u00fc\u011f\u00fcnde, Tosya Kaymakaml\u0131\u011f\u0131 koordinasyonunda d\u00fczenlenen yard\u0131m kampanyas\u0131 kapsam\u0131nda il\u00e7ede, yiyecek ve giyecek gibi temel ya\u015fam malzemelerinin&hellip;","og_url":"https:\/\/tosyagazetesi.com\/index.php\/2023\/02\/09\/tosyadan-12-tir-yardim-malzemesi-deprem-bolgesine-gonderildi\/","article_published_time":"2023-02-09T08:02:14+00:00","article_modified_time":"2023-02-09T08:02:18+00:00","og_image":[{"width":900,"height":500,"url":"https:\/\/tosyagazetesi.com\/wp-content\/uploads\/2023\/02\/adasdsa.jpg","type":"image\/jpeg"}],"author":"admin","twitter_card":"summary_large_image","twitter_misc":{"Yazan:":"admin","Tahmini okuma s\u00fcresi":"2 dakika"},"schema":{"@context":"https:\/\/schema.org","@graph":[{"@type":"Article","@id":"https:\/\/tosyagazetesi.com\/index.php\/2023\/02\/09\/tosyadan-12-tir-yardim-malzemesi-deprem-bolgesine-gonderildi\/#article","isPartOf":{"@id":"https:\/\/tosyagazetesi.com\/index.php\/2023\/02\/09\/tosyadan-12-tir-yardim-malzemesi-deprem-bolgesine-gonderildi\/"},"author":{"name":"admin","@id":"https:\/\/tosyagazetesi.com\/#\/schema\/person\/9a1b0f7e1b008c6cede8cdbd5500a206"},"headline":"Tosya\u2019dan 12 T\u0131r Yard\u0131m Malzemesi Deprem B\u00f6lgesine G\u00f6nderildi.","datePublished":"2023-02-09T08:02:14+00:00","dateModified":"2023-02-09T08:02:18+00:00","mainEntityOfPage":{"@id":"https:\/\/tosyagazetesi.com\/index.php\/2023\/02\/09\/tosyadan-12-tir-yardim-malzemesi-deprem-bolgesine-gonderildi\/"},"wordCount":123,"commentCount":0,"image":{"@id":"https:\/\/tosyagazetesi.com\/index.php\/2023\/02\/09\/tosyadan-12-tir-yardim-malzemesi-deprem-bolgesine-gonderildi\/#primaryimage"},"thumbnailUrl":"https:\/\/tosyagazetesi.com\/wp-content\/uploads\/2023\/02\/adasdsa.jpg","keywords":["Tosya\u2019dan 12 T\u0131r Yard\u0131m Malzemesi Deprem B\u00f6lgesine G\u00f6nderildi"],"articleSection":["Tosya Gazetesi"],"inLanguage":"tr","potentialAction":[{"@type":"CommentAction","name":"Comment","target":["https:\/\/tosyagazetesi.com\/index.php\/2023\/02\/09\/tosyadan-12-tir-yardim-malzemesi-deprem-bolgesine-gonderildi\/#respond"]}]},{"@type":"WebPage","@id":"https:\/\/tosyagazetesi.com\/index.php\/2023\/02\/09\/tosyadan-12-tir-yardim-malzemesi-deprem-bolgesine-gonderildi\/","url":"https:\/\/tosyagazetesi.com\/index.php\/2023\/02\/09\/tosyadan-12-tir-yardim-malzemesi-deprem-bolgesine-gonderildi\/","name":"Tosya\u2019dan 12 T\u0131r Yard\u0131m Malzemesi Deprem B\u00f6lgesine G\u00f6nderildi. -","isPartOf":{"@id":"https:\/\/tosyagazetesi.com\/#website"},"primaryImageOfPage":{"@id":"https:\/\/tosyagazetesi.com\/index.php\/2023\/02\/09\/tosyadan-12-tir-yardim-malzemesi-deprem-bolgesine-gonderildi\/#primaryimage"},"image":{"@id":"https:\/\/tosyagazetesi.com\/index.php\/2023\/02\/09\/tosyadan-12-tir-yardim-malzemesi-deprem-bolgesine-gonderildi\/#primaryimage"},"thumbnailUrl":"https:\/\/tosyagazetesi.com\/wp-content\/uploads\/2023\/02\/adasdsa.jpg","datePublished":"2023-02-09T08:02:14+00:00","dateModified":"2023-02-09T08:02:18+00:00","author":{"@id":"https:\/\/tosyagazetesi.com\/#\/schema\/person\/9a1b0f7e1b008c6cede8cdbd5500a206"},"breadcrumb":{"@id":"https:\/\/tosyagazetesi.com\/index.php\/2023\/02\/09\/tosyadan-12-tir-yardim-malzemesi-deprem-bolgesine-gonderildi\/#breadcrumb"},"inLanguage":"tr","potentialAction":[{"@type":"ReadAction","target":["https:\/\/tosyagazetesi.com\/index.php\/2023\/02\/09\/tosyadan-12-tir-yardim-malzemesi-deprem-bolgesine-gonderildi\/"]}]},{"@type":"ImageObject","inLanguage":"tr","@id":"https:\/\/tosyagazetesi.com\/index.php\/2023\/02\/09\/tosyadan-12-tir-yardim-malzemesi-deprem-bolgesine-gonderildi\/#primaryimage","url":"https:\/\/tosyagazetesi.com\/wp-content\/uploads\/2023\/02\/adasdsa.jpg","contentUrl":"https:\/\/tosyagazetesi.com\/wp-content\/uploads\/2023\/02\/adasdsa.jpg","width":900,"height":500},{"@type":"BreadcrumbList","@id":"https:\/\/tosyagazetesi.com\/index.php\/2023\/02\/09\/tosyadan-12-tir-yardim-malzemesi-deprem-bolgesine-gonderildi\/#breadcrumb","itemListElement":[{"@type":"ListItem","position":1,"name":"Anasayfa","item":"https:\/\/tosyagazetesi.com\/"},{"@type":"ListItem","position":2,"name":"Tosya\u2019dan 12 T\u0131r Yard\u0131m Malzemesi Deprem B\u00f6lgesine G\u00f6nderildi."}]},{"@type":"WebSite","@id":"https:\/\/tosyagazetesi.com\/#website","url":"https:\/\/tosyagazetesi.com\/","name":"","description":"","potentialAction":[{"@type":"SearchAction","target":{"@type":"EntryPoint","urlTemplate":"https:\/\/tosyagazetesi.com\/?s={search_term_string}"},"query-input":{"@type":"PropertyValueSpecification","valueRequired":true,"valueName":"search_term_string"}}],"inLanguage":"tr"},{"@type":"Person","@id":"https:\/\/tosyagazetesi.com\/#\/schema\/person\/9a1b0f7e1b008c6cede8cdbd5500a206","name":"admin","image":{"@type":"ImageObject","inLanguage":"tr","@id":"https:\/\/secure.gravatar.com\/avatar\/a3b9c4457143f713b454772cdba280ff47106c991ba15f91e94e0aabe3c83824?s=96&d=mm&r=g","url":"https:\/\/secure.gravatar.com\/avatar\/a3b9c4457143f713b454772cdba280ff47106c991ba15f91e94e0aabe3c83824?s=96&d=mm&r=g","contentUrl":"https:\/\/secure.gravatar.com\/avatar\/a3b9c4457143f713b454772cdba280ff47106c991ba15f91e94e0aabe3c83824?s=96&d=mm&r=g","caption":"admin"},"sameAs":["https:\/\/tosyagazetesi.com"],"url":"https:\/\/tosyagazetesi.com\/index.php\/author\/admin_mznznzn4\/"}]}},"views":1095,"jetpack_publicize_connections":[],"_links":{"self":[{"href":"https:\/\/tosyagazetesi.com\/index.php\/wp-json\/wp\/v2\/posts\/152","targetHints":{"allow":["GET"]}}],"collection":[{"href":"https:\/\/tosyagazetesi.com\/index.php\/wp-json\/wp\/v2\/posts"}],"about":[{"href":"https:\/\/tosyagazetesi.com\/index.php\/wp-json\/wp\/v2\/types\/post"}],"author":[{"embeddable":true,"href":"https:\/\/tosyagazetesi.com\/index.php\/wp-json\/wp\/v2\/users\/1"}],"replies":[{"embeddable":true,"href":"https:\/\/tosyagazetesi.com\/index.php\/wp-json\/wp\/v2\/comments?post=152"}],"version-history":[{"count":1,"href":"https:\/\/tosyagazetesi.com\/index.php\/wp-json\/wp\/v2\/posts\/152\/revisions"}],"predecessor-version":[{"id":154,"href":"https:\/\/tosyagazetesi.com\/index.php\/wp-json\/wp\/v2\/posts\/152\/revisions\/154"}],"wp:featuredmedia":[{"embeddable":true,"href":"https:\/\/tosyagazetesi.com\/index.php\/wp-json\/wp\/v2\/media\/153"}],"wp:attachment":[{"href":"https:\/\/tosyagazetesi.com\/index.php\/wp-json\/wp\/v2\/media?parent=152"}],"wp:term":[{"taxonomy":"category","embeddable":true,"href":"https:\/\/tosyagazetesi.com\/index.php\/wp-json\/wp\/v2\/categories?post=152"},{"taxonomy":"post_tag","embeddable":true,"href":"https:\/\/tosyagazetesi.com\/index.php\/wp-json\/wp\/v2\/tags?post=152"}],"curies":[{"name":"wp","href":"https:\/\/api.w.org\/{rel}","templated":true}]}}