{"id":1469,"date":"2025-03-06T07:37:57","date_gmt":"2025-03-06T07:37:57","guid":{"rendered":"https:\/\/tosyagazetesi.com\/?p=1469"},"modified":"2025-03-06T07:37:59","modified_gmt":"2025-03-06T07:37:59","slug":"tosyali-prof-dr-selahattin-kaymakci-rektor-yardimciligina-atandi","status":"publish","type":"post","link":"https:\/\/tosyagazetesi.com\/index.php\/2025\/03\/06\/tosyali-prof-dr-selahattin-kaymakci-rektor-yardimciligina-atandi\/","title":{"rendered":"Tosyal\u0131 Prof. Dr. Selahattin Kaymakc\u0131 Rekt\u00f6r Yard\u0131mc\u0131l\u0131\u011f\u0131na Atand\u0131"},"content":{"rendered":"\n<p>Tosyal\u0131 Hem\u015fehrimiz Kastamonu \u00dcniversitesi E\u011fitim Fak\u00fcltesi Sosyal Bilgiler \u00d6\u011fretimi Ana Bilim Dal\u0131 \u00d6\u011fretim \u00dcyesi Prof. Dr. Selahattin Kaymakc\u0131, Kastamonu \u00dcniversitesi\u2019ne rekt\u00f6r yard\u0131mc\u0131s\u0131 olarak atand\u0131. Hem\u015fehrimizin \u00dcniversitemiz Rekt\u00f6r\u00fc Say\u0131n Prof. Dr. Ahmet Hamdi Topal taraf\u0131ndan b\u00f6yle \u00f6nemli bir g\u00f6reve getirilmesi ilimizde ve e\u011fitim camias\u0131nda b\u00fcy\u00fck bir memnuniyet meydana getirdi.<\/p>\n\n\n\n<p><\/p>\n\n\n\n<p>PROF. DR. SELAHATT\u0130N KAYMAKCI K\u0130MD\u0130R?<\/p>\n\n\n\n<p>Prof. Dr. Selahattin Kaymakc\u0131; 1981 y\u0131l\u0131nda Kastamonu iline ba\u011fl\u0131 Tosya il\u00e7esinde d\u00fcnyaya geldi. \u0130lkokulu Tosya Fevzipa\u015fa \u0130lkokulu\u2019nda, ortaokul ve liseyi ise Tosya Anadolu Lisesi\u2019nde tamamlad\u0131. 1999 y\u0131l\u0131nda girdi\u011fi \u00fcniversite s\u0131nav\u0131n\u0131 kazanarak Karadeniz Teknik \u00dcniversitesi (KT\u00dc), Fatih E\u011fitim Fak\u00fcltesi, \u0130lk\u00f6\u011fretim B\u00f6l\u00fcm\u00fc, Sosyal Bilgiler \u00d6\u011fretmenli\u011fi Program\u0131\u2019na kaydoldu. 2003 y\u0131l\u0131nda b\u00f6l\u00fcm\u00fcnden birincilikle mezun oldu.<\/p>\n\n\n\n<p>Ayn\u0131 y\u0131l KT\u00dc Sosyal Bilimler Enstit\u00fcs\u00fc, Orta\u00f6\u011fretim Sosyal Alanlar E\u011fitimi, Tarih \u00d6\u011fretmenli\u011fi Bilim Dal\u0131\u2019nda y\u00fcksek lisans e\u011fitimine ba\u015flad\u0131. 2004 y\u0131l\u0131nda KT\u00dc, Fatih E\u011fitim Fak\u00fcltesi, Orta\u00f6\u011fretim Sosyal Alanlar E\u011fitimi B\u00f6l\u00fcm\u00fc\u2019ne ara\u015ft\u0131rma g\u00f6revlisi olarak atand\u0131. 2006 y\u0131l\u0131nda KT\u00dc, Sosyal Bilimler Enstit\u00fcs\u00fc, Orta\u00f6\u011fretim Sosyal Alanlar E\u011fitimi, Tarih \u00d6\u011fretmenli\u011fi Bilim Dal\u0131\u2019nda \u201cTarih \u00d6\u011fretmenlerinin \u00c7al\u0131\u015fma Yapraklar\u0131 Hakk\u0131ndaki G\u00f6r\u00fc\u015fleri\u201d adl\u0131 teziyle y\u00fcksek lisans e\u011fitimini tamamlad\u0131.<\/p>\n\n\n\n<p>2005 ve 2006 y\u0131llar\u0131nda ayn\u0131 fak\u00fcltenin \u0130lk\u00f6\u011fretim B\u00f6l\u00fcm\u00fc\u2019nde ara\u015ft\u0131rma g\u00f6revlisi olarak g\u00f6revine devam etti. 2006 y\u0131l\u0131nda Gazi \u00dcniversitesi, E\u011fitim Bilimleri Enstit\u00fcs\u00fc, \u0130lk\u00f6\u011fretim Anabilim Dal\u0131, Sosyal Bilgiler E\u011fitimi Bilim Dal\u0131\u2019na ara\u015ft\u0131rma g\u00f6revlisi olarak g\u00f6revlendirildi ve doktora program\u0131na kaydoldu. Y\u00d6K\u2019\u00fcn doktora ara\u015ft\u0131rma bursunu kazanarak 2009-2010 y\u0131llar\u0131 aras\u0131nda Amerika Birle\u015fik Devletleri\u2019nde bulunan University of Illinois at Urbana-Champaign\u2019de ara\u015ft\u0131rma faaliyetleri y\u00fcr\u00fctt\u00fc.<\/p>\n\n\n\n<p>2010 y\u0131l\u0131nda Gazi \u00dcniversitesi, E\u011fitim Bilimleri Enstit\u00fcs\u00fc, \u0130lk\u00f6\u011fretim Anabilim Dal\u0131, Sosyal Bilgiler E\u011fitimi Bilim Dal\u0131\u2019nda \u201cSosyal Bilgiler \u00d6\u011fretiminde \u00c7al\u0131\u015fma Yapraklar\u0131 Kullan\u0131m\u0131n\u0131n \u00d6\u011frencilerin Akademik Ba\u015far\u0131lar\u0131na ve Derse Kar\u015f\u0131 Tutumlar\u0131na Etkisi\u201d adl\u0131 teziyle doktora e\u011fitimini tamamlad\u0131. 2011 y\u0131l\u0131nda KT\u00dc, Fatih E\u011fitim Fak\u00fcltesi, \u0130lk\u00f6\u011fretim B\u00f6l\u00fcm\u00fc, Sosyal Bilgiler E\u011fitimi Anabilim Dal\u0131\u2019na yard\u0131mc\u0131 do\u00e7ent olarak atand\u0131. 2014 y\u0131l\u0131nda do\u00e7ent unvan\u0131n\u0131 ald\u0131. 2015 y\u0131l\u0131nda kurum de\u011fi\u015ftirerek Kastamonu \u00dcniversitesi (K\u00dc), E\u011fitim Fak\u00fcltesi, \u0130lk\u00f6\u011fretim B\u00f6l\u00fcm\u00fc, Sosyal Bilgiler E\u011fitimi Anabilim Dal\u0131\u2019na ge\u00e7i\u015f yapt\u0131. 2019 y\u0131l\u0131nda ise ayn\u0131 anabilim dal\u0131nda profes\u00f6r unvan\u0131n\u0131 ald\u0131.<\/p>\n\n\n\n<p>T\u00fcrkiye\u2019de sosyal bilgiler e\u011fitimi lisans mezunu olup ayn\u0131 alanda do\u00e7entli\u011fini ve profes\u00f6rl\u00fc\u011f\u00fcn\u00fc alan ilk akademisyendir. Sosyal bilgiler, tarih ve hayat bilgisi e\u011fitimiyle ilgili \u00f6\u011fretim program\u0131 geli\u015ftirme ve ders kitab\u0131 yazma \u00e7al\u0131\u015fmalar\u0131n\u0131n yan\u0131s\u0131ra uluslararas\u0131 ve ulusal d\u00fczeyde \u00e7e\u015fitli projelerde g\u00f6rev yapm\u0131\u015f olup \u00e7ok say\u0131da bilimsel eseri bulunmaktad\u0131r.<\/p>\n\n\n\n<p><br>Akademik kariyeri s\u00fcresince Kastamonu \u00dcniversitesi E\u011fitim Fak\u00fcltesi Dekanl\u0131\u011f\u0131, Tosya Meslek Y\u00fcksekokulu M\u00fcd\u00fcrl\u00fc\u011f\u00fc, \u00c7ocuk E\u011fitimi Uygulama ve Ara\u015ft\u0131rma Merkezi M\u00fcd\u00fcrl\u00fc\u011f\u00fc, Sosyal Bilgiler E\u011fitimi Anabilim Dal\u0131 Ba\u015fkanl\u0131\u011f\u0131 ve \u00d6SYM Tosya \u0130l\u00e7e S\u0131nav Koordinat\u00f6rl\u00fc\u011f\u00fc gibi idari g\u00f6revleri de \u00fcstlenen Prof. Dr. Selahattin Kaymakc\u0131 evli ve iki \u00e7ocuk babas\u0131d\u0131r, iyi derecede \u0130ngilizce bilmektedir.<\/p>\n\n\n\n<figure class=\"wp-block-image size-full\"><img loading=\"lazy\" decoding=\"async\" width=\"900\" height=\"500\" src=\"https:\/\/tosyagazetesi.com\/wp-content\/uploads\/2023\/01\/Tosyanin-Yetistirdigi-Degerlerimiz-Dekan-Prof.-Dr.-Selahattin-Kaymakci.jpg\" alt=\"\" class=\"wp-image-71\" srcset=\"https:\/\/tosyagazetesi.com\/wp-content\/uploads\/2023\/01\/Tosyanin-Yetistirdigi-Degerlerimiz-Dekan-Prof.-Dr.-Selahattin-Kaymakci.jpg 900w, https:\/\/tosyagazetesi.com\/wp-content\/uploads\/2023\/01\/Tosyanin-Yetistirdigi-Degerlerimiz-Dekan-Prof.-Dr.-Selahattin-Kaymakci-300x167.jpg 300w, https:\/\/tosyagazetesi.com\/wp-content\/uploads\/2023\/01\/Tosyanin-Yetistirdigi-Degerlerimiz-Dekan-Prof.-Dr.-Selahattin-Kaymakci-768x427.jpg 768w\" sizes=\"auto, (max-width: 900px) 100vw, 900px\" \/><\/figure>\n","protected":false},"excerpt":{"rendered":"<p>Tosyal\u0131 Hem\u015fehrimiz Kastamonu \u00dcniversitesi E\u011fitim Fak\u00fcltesi Sosyal Bilgiler \u00d6\u011fretimi Ana Bilim Dal\u0131 \u00d6\u011fretim \u00dcyesi Prof. Dr. Selahattin Kaymakc\u0131, Kastamonu \u00dcniversitesi\u2019ne rekt\u00f6r yard\u0131mc\u0131s\u0131 olarak atand\u0131. Hem\u015fehrimizin \u00dcniversitemiz Rekt\u00f6r\u00fc Say\u0131n Prof. Dr.&hellip; <\/p>\n","protected":false},"author":1,"featured_media":71,"comment_status":"open","ping_status":"open","sticky":false,"template":"","format":"standard","meta":{"_joinchat":[],"footnotes":"","jetpack_publicize_message":"","jetpack_publicize_feature_enabled":true,"jetpack_social_post_already_shared":false,"jetpack_social_options":{"image_generator_settings":{"template":"highway","default_image_id":0,"font":"","enabled":false},"version":2}},"categories":[3],"tags":[249],"class_list":["post-1469","post","type-post","status-publish","format-standard","has-post-thumbnail","hentry","category-tosya-gazetesi","tag-tosyali-prof-dr-selahattin-kaymakci-rektor-yardimciligina-atandi"],"yoast_head":"<!-- This site is optimized with the Yoast SEO plugin v27.4 - https:\/\/yoast.com\/product\/yoast-seo-wordpress\/ -->\n<title>Tosyal\u0131 Prof. Dr. Selahattin Kaymakc\u0131 Rekt\u00f6r Yard\u0131mc\u0131l\u0131\u011f\u0131na Atand\u0131 -<\/title>\n<meta name=\"robots\" content=\"index, follow, max-snippet:-1, max-image-preview:large, max-video-preview:-1\" \/>\n<link rel=\"canonical\" href=\"https:\/\/tosyagazetesi.com\/index.php\/2025\/03\/06\/tosyali-prof-dr-selahattin-kaymakci-rektor-yardimciligina-atandi\/\" \/>\n<meta property=\"og:locale\" content=\"tr_TR\" \/>\n<meta property=\"og:type\" content=\"article\" \/>\n<meta property=\"og:title\" content=\"Tosyal\u0131 Prof. Dr. Selahattin Kaymakc\u0131 Rekt\u00f6r Yard\u0131mc\u0131l\u0131\u011f\u0131na Atand\u0131 -\" \/>\n<meta property=\"og:description\" content=\"Tosyal\u0131 Hem\u015fehrimiz Kastamonu \u00dcniversitesi E\u011fitim Fak\u00fcltesi Sosyal Bilgiler \u00d6\u011fretimi Ana Bilim Dal\u0131 \u00d6\u011fretim \u00dcyesi Prof. Dr. Selahattin Kaymakc\u0131, Kastamonu \u00dcniversitesi\u2019ne rekt\u00f6r yard\u0131mc\u0131s\u0131 olarak atand\u0131. Hem\u015fehrimizin \u00dcniversitemiz Rekt\u00f6r\u00fc Say\u0131n Prof. Dr.&hellip;\" \/>\n<meta property=\"og:url\" content=\"https:\/\/tosyagazetesi.com\/index.php\/2025\/03\/06\/tosyali-prof-dr-selahattin-kaymakci-rektor-yardimciligina-atandi\/\" \/>\n<meta property=\"article:published_time\" content=\"2025-03-06T07:37:57+00:00\" \/>\n<meta property=\"article:modified_time\" content=\"2025-03-06T07:37:59+00:00\" \/>\n<meta property=\"og:image\" content=\"https:\/\/tosyagazetesi.com\/wp-content\/uploads\/2023\/01\/Tosyanin-Yetistirdigi-Degerlerimiz-Dekan-Prof.-Dr.-Selahattin-Kaymakci.jpg\" \/>\n\t<meta property=\"og:image:width\" content=\"900\" \/>\n\t<meta property=\"og:image:height\" content=\"500\" \/>\n\t<meta property=\"og:image:type\" content=\"image\/jpeg\" \/>\n<meta name=\"author\" content=\"admin\" \/>\n<meta name=\"twitter:card\" content=\"summary_large_image\" \/>\n<meta name=\"twitter:label1\" content=\"Yazan:\" \/>\n\t<meta name=\"twitter:data1\" content=\"admin\" \/>\n\t<meta name=\"twitter:label2\" content=\"Tahmini okuma s\u00fcresi\" \/>\n\t<meta name=\"twitter:data2\" content=\"3 dakika\" \/>\n<script type=\"application\/ld+json\" class=\"yoast-schema-graph\">{\"@context\":\"https:\\\/\\\/schema.org\",\"@graph\":[{\"@type\":\"Article\",\"@id\":\"https:\\\/\\\/tosyagazetesi.com\\\/index.php\\\/2025\\\/03\\\/06\\\/tosyali-prof-dr-selahattin-kaymakci-rektor-yardimciligina-atandi\\\/#article\",\"isPartOf\":{\"@id\":\"https:\\\/\\\/tosyagazetesi.com\\\/index.php\\\/2025\\\/03\\\/06\\\/tosyali-prof-dr-selahattin-kaymakci-rektor-yardimciligina-atandi\\\/\"},\"author\":{\"name\":\"admin\",\"@id\":\"https:\\\/\\\/tosyagazetesi.com\\\/#\\\/schema\\\/person\\\/9a1b0f7e1b008c6cede8cdbd5500a206\"},\"headline\":\"Tosyal\u0131 Prof. Dr. Selahattin Kaymakc\u0131 Rekt\u00f6r Yard\u0131mc\u0131l\u0131\u011f\u0131na Atand\u0131\",\"datePublished\":\"2025-03-06T07:37:57+00:00\",\"dateModified\":\"2025-03-06T07:37:59+00:00\",\"mainEntityOfPage\":{\"@id\":\"https:\\\/\\\/tosyagazetesi.com\\\/index.php\\\/2025\\\/03\\\/06\\\/tosyali-prof-dr-selahattin-kaymakci-rektor-yardimciligina-atandi\\\/\"},\"wordCount\":598,\"commentCount\":0,\"image\":{\"@id\":\"https:\\\/\\\/tosyagazetesi.com\\\/index.php\\\/2025\\\/03\\\/06\\\/tosyali-prof-dr-selahattin-kaymakci-rektor-yardimciligina-atandi\\\/#primaryimage\"},\"thumbnailUrl\":\"https:\\\/\\\/tosyagazetesi.com\\\/wp-content\\\/uploads\\\/2023\\\/01\\\/Tosyanin-Yetistirdigi-Degerlerimiz-Dekan-Prof.-Dr.-Selahattin-Kaymakci.jpg\",\"keywords\":[\"Tosyal\u0131 Prof. Dr. Selahattin Kaymakc\u0131 Rekt\u00f6r Yard\u0131mc\u0131l\u0131\u011f\u0131na Atand\u0131\"],\"articleSection\":[\"Tosya Gazetesi\"],\"inLanguage\":\"tr\",\"potentialAction\":[{\"@type\":\"CommentAction\",\"name\":\"Comment\",\"target\":[\"https:\\\/\\\/tosyagazetesi.com\\\/index.php\\\/2025\\\/03\\\/06\\\/tosyali-prof-dr-selahattin-kaymakci-rektor-yardimciligina-atandi\\\/#respond\"]}]},{\"@type\":\"WebPage\",\"@id\":\"https:\\\/\\\/tosyagazetesi.com\\\/index.php\\\/2025\\\/03\\\/06\\\/tosyali-prof-dr-selahattin-kaymakci-rektor-yardimciligina-atandi\\\/\",\"url\":\"https:\\\/\\\/tosyagazetesi.com\\\/index.php\\\/2025\\\/03\\\/06\\\/tosyali-prof-dr-selahattin-kaymakci-rektor-yardimciligina-atandi\\\/\",\"name\":\"Tosyal\u0131 Prof. Dr. Selahattin Kaymakc\u0131 Rekt\u00f6r Yard\u0131mc\u0131l\u0131\u011f\u0131na Atand\u0131 -\",\"isPartOf\":{\"@id\":\"https:\\\/\\\/tosyagazetesi.com\\\/#website\"},\"primaryImageOfPage\":{\"@id\":\"https:\\\/\\\/tosyagazetesi.com\\\/index.php\\\/2025\\\/03\\\/06\\\/tosyali-prof-dr-selahattin-kaymakci-rektor-yardimciligina-atandi\\\/#primaryimage\"},\"image\":{\"@id\":\"https:\\\/\\\/tosyagazetesi.com\\\/index.php\\\/2025\\\/03\\\/06\\\/tosyali-prof-dr-selahattin-kaymakci-rektor-yardimciligina-atandi\\\/#primaryimage\"},\"thumbnailUrl\":\"https:\\\/\\\/tosyagazetesi.com\\\/wp-content\\\/uploads\\\/2023\\\/01\\\/Tosyanin-Yetistirdigi-Degerlerimiz-Dekan-Prof.-Dr.-Selahattin-Kaymakci.jpg\",\"datePublished\":\"2025-03-06T07:37:57+00:00\",\"dateModified\":\"2025-03-06T07:37:59+00:00\",\"author\":{\"@id\":\"https:\\\/\\\/tosyagazetesi.com\\\/#\\\/schema\\\/person\\\/9a1b0f7e1b008c6cede8cdbd5500a206\"},\"breadcrumb\":{\"@id\":\"https:\\\/\\\/tosyagazetesi.com\\\/index.php\\\/2025\\\/03\\\/06\\\/tosyali-prof-dr-selahattin-kaymakci-rektor-yardimciligina-atandi\\\/#breadcrumb\"},\"inLanguage\":\"tr\",\"potentialAction\":[{\"@type\":\"ReadAction\",\"target\":[\"https:\\\/\\\/tosyagazetesi.com\\\/index.php\\\/2025\\\/03\\\/06\\\/tosyali-prof-dr-selahattin-kaymakci-rektor-yardimciligina-atandi\\\/\"]}]},{\"@type\":\"ImageObject\",\"inLanguage\":\"tr\",\"@id\":\"https:\\\/\\\/tosyagazetesi.com\\\/index.php\\\/2025\\\/03\\\/06\\\/tosyali-prof-dr-selahattin-kaymakci-rektor-yardimciligina-atandi\\\/#primaryimage\",\"url\":\"https:\\\/\\\/tosyagazetesi.com\\\/wp-content\\\/uploads\\\/2023\\\/01\\\/Tosyanin-Yetistirdigi-Degerlerimiz-Dekan-Prof.-Dr.-Selahattin-Kaymakci.jpg\",\"contentUrl\":\"https:\\\/\\\/tosyagazetesi.com\\\/wp-content\\\/uploads\\\/2023\\\/01\\\/Tosyanin-Yetistirdigi-Degerlerimiz-Dekan-Prof.-Dr.-Selahattin-Kaymakci.jpg\",\"width\":900,\"height\":500},{\"@type\":\"BreadcrumbList\",\"@id\":\"https:\\\/\\\/tosyagazetesi.com\\\/index.php\\\/2025\\\/03\\\/06\\\/tosyali-prof-dr-selahattin-kaymakci-rektor-yardimciligina-atandi\\\/#breadcrumb\",\"itemListElement\":[{\"@type\":\"ListItem\",\"position\":1,\"name\":\"Anasayfa\",\"item\":\"https:\\\/\\\/tosyagazetesi.com\\\/\"},{\"@type\":\"ListItem\",\"position\":2,\"name\":\"Tosyal\u0131 Prof. Dr. Selahattin Kaymakc\u0131 Rekt\u00f6r Yard\u0131mc\u0131l\u0131\u011f\u0131na Atand\u0131\"}]},{\"@type\":\"WebSite\",\"@id\":\"https:\\\/\\\/tosyagazetesi.com\\\/#website\",\"url\":\"https:\\\/\\\/tosyagazetesi.com\\\/\",\"name\":\"\",\"description\":\"\",\"potentialAction\":[{\"@type\":\"SearchAction\",\"target\":{\"@type\":\"EntryPoint\",\"urlTemplate\":\"https:\\\/\\\/tosyagazetesi.com\\\/?s={search_term_string}\"},\"query-input\":{\"@type\":\"PropertyValueSpecification\",\"valueRequired\":true,\"valueName\":\"search_term_string\"}}],\"inLanguage\":\"tr\"},{\"@type\":\"Person\",\"@id\":\"https:\\\/\\\/tosyagazetesi.com\\\/#\\\/schema\\\/person\\\/9a1b0f7e1b008c6cede8cdbd5500a206\",\"name\":\"admin\",\"image\":{\"@type\":\"ImageObject\",\"inLanguage\":\"tr\",\"@id\":\"https:\\\/\\\/secure.gravatar.com\\\/avatar\\\/a3b9c4457143f713b454772cdba280ff47106c991ba15f91e94e0aabe3c83824?s=96&d=mm&r=g\",\"url\":\"https:\\\/\\\/secure.gravatar.com\\\/avatar\\\/a3b9c4457143f713b454772cdba280ff47106c991ba15f91e94e0aabe3c83824?s=96&d=mm&r=g\",\"contentUrl\":\"https:\\\/\\\/secure.gravatar.com\\\/avatar\\\/a3b9c4457143f713b454772cdba280ff47106c991ba15f91e94e0aabe3c83824?s=96&d=mm&r=g\",\"caption\":\"admin\"},\"sameAs\":[\"https:\\\/\\\/tosyagazetesi.com\"],\"url\":\"https:\\\/\\\/tosyagazetesi.com\\\/index.php\\\/author\\\/admin_mznznzn4\\\/\"}]}<\/script>\n<!-- \/ Yoast SEO plugin. -->","yoast_head_json":{"title":"Tosyal\u0131 Prof. Dr. Selahattin Kaymakc\u0131 Rekt\u00f6r Yard\u0131mc\u0131l\u0131\u011f\u0131na Atand\u0131 -","robots":{"index":"index","follow":"follow","max-snippet":"max-snippet:-1","max-image-preview":"max-image-preview:large","max-video-preview":"max-video-preview:-1"},"canonical":"https:\/\/tosyagazetesi.com\/index.php\/2025\/03\/06\/tosyali-prof-dr-selahattin-kaymakci-rektor-yardimciligina-atandi\/","og_locale":"tr_TR","og_type":"article","og_title":"Tosyal\u0131 Prof. Dr. Selahattin Kaymakc\u0131 Rekt\u00f6r Yard\u0131mc\u0131l\u0131\u011f\u0131na Atand\u0131 -","og_description":"Tosyal\u0131 Hem\u015fehrimiz Kastamonu \u00dcniversitesi E\u011fitim Fak\u00fcltesi Sosyal Bilgiler \u00d6\u011fretimi Ana Bilim Dal\u0131 \u00d6\u011fretim \u00dcyesi Prof. Dr. Selahattin Kaymakc\u0131, Kastamonu \u00dcniversitesi\u2019ne rekt\u00f6r yard\u0131mc\u0131s\u0131 olarak atand\u0131. Hem\u015fehrimizin \u00dcniversitemiz Rekt\u00f6r\u00fc Say\u0131n Prof. Dr.&hellip;","og_url":"https:\/\/tosyagazetesi.com\/index.php\/2025\/03\/06\/tosyali-prof-dr-selahattin-kaymakci-rektor-yardimciligina-atandi\/","article_published_time":"2025-03-06T07:37:57+00:00","article_modified_time":"2025-03-06T07:37:59+00:00","og_image":[{"width":900,"height":500,"url":"https:\/\/tosyagazetesi.com\/wp-content\/uploads\/2023\/01\/Tosyanin-Yetistirdigi-Degerlerimiz-Dekan-Prof.-Dr.-Selahattin-Kaymakci.jpg","type":"image\/jpeg"}],"author":"admin","twitter_card":"summary_large_image","twitter_misc":{"Yazan:":"admin","Tahmini okuma s\u00fcresi":"3 dakika"},"schema":{"@context":"https:\/\/schema.org","@graph":[{"@type":"Article","@id":"https:\/\/tosyagazetesi.com\/index.php\/2025\/03\/06\/tosyali-prof-dr-selahattin-kaymakci-rektor-yardimciligina-atandi\/#article","isPartOf":{"@id":"https:\/\/tosyagazetesi.com\/index.php\/2025\/03\/06\/tosyali-prof-dr-selahattin-kaymakci-rektor-yardimciligina-atandi\/"},"author":{"name":"admin","@id":"https:\/\/tosyagazetesi.com\/#\/schema\/person\/9a1b0f7e1b008c6cede8cdbd5500a206"},"headline":"Tosyal\u0131 Prof. Dr. Selahattin Kaymakc\u0131 Rekt\u00f6r Yard\u0131mc\u0131l\u0131\u011f\u0131na Atand\u0131","datePublished":"2025-03-06T07:37:57+00:00","dateModified":"2025-03-06T07:37:59+00:00","mainEntityOfPage":{"@id":"https:\/\/tosyagazetesi.com\/index.php\/2025\/03\/06\/tosyali-prof-dr-selahattin-kaymakci-rektor-yardimciligina-atandi\/"},"wordCount":598,"commentCount":0,"image":{"@id":"https:\/\/tosyagazetesi.com\/index.php\/2025\/03\/06\/tosyali-prof-dr-selahattin-kaymakci-rektor-yardimciligina-atandi\/#primaryimage"},"thumbnailUrl":"https:\/\/tosyagazetesi.com\/wp-content\/uploads\/2023\/01\/Tosyanin-Yetistirdigi-Degerlerimiz-Dekan-Prof.-Dr.-Selahattin-Kaymakci.jpg","keywords":["Tosyal\u0131 Prof. Dr. Selahattin Kaymakc\u0131 Rekt\u00f6r Yard\u0131mc\u0131l\u0131\u011f\u0131na Atand\u0131"],"articleSection":["Tosya Gazetesi"],"inLanguage":"tr","potentialAction":[{"@type":"CommentAction","name":"Comment","target":["https:\/\/tosyagazetesi.com\/index.php\/2025\/03\/06\/tosyali-prof-dr-selahattin-kaymakci-rektor-yardimciligina-atandi\/#respond"]}]},{"@type":"WebPage","@id":"https:\/\/tosyagazetesi.com\/index.php\/2025\/03\/06\/tosyali-prof-dr-selahattin-kaymakci-rektor-yardimciligina-atandi\/","url":"https:\/\/tosyagazetesi.com\/index.php\/2025\/03\/06\/tosyali-prof-dr-selahattin-kaymakci-rektor-yardimciligina-atandi\/","name":"Tosyal\u0131 Prof. Dr. Selahattin Kaymakc\u0131 Rekt\u00f6r Yard\u0131mc\u0131l\u0131\u011f\u0131na Atand\u0131 -","isPartOf":{"@id":"https:\/\/tosyagazetesi.com\/#website"},"primaryImageOfPage":{"@id":"https:\/\/tosyagazetesi.com\/index.php\/2025\/03\/06\/tosyali-prof-dr-selahattin-kaymakci-rektor-yardimciligina-atandi\/#primaryimage"},"image":{"@id":"https:\/\/tosyagazetesi.com\/index.php\/2025\/03\/06\/tosyali-prof-dr-selahattin-kaymakci-rektor-yardimciligina-atandi\/#primaryimage"},"thumbnailUrl":"https:\/\/tosyagazetesi.com\/wp-content\/uploads\/2023\/01\/Tosyanin-Yetistirdigi-Degerlerimiz-Dekan-Prof.-Dr.-Selahattin-Kaymakci.jpg","datePublished":"2025-03-06T07:37:57+00:00","dateModified":"2025-03-06T07:37:59+00:00","author":{"@id":"https:\/\/tosyagazetesi.com\/#\/schema\/person\/9a1b0f7e1b008c6cede8cdbd5500a206"},"breadcrumb":{"@id":"https:\/\/tosyagazetesi.com\/index.php\/2025\/03\/06\/tosyali-prof-dr-selahattin-kaymakci-rektor-yardimciligina-atandi\/#breadcrumb"},"inLanguage":"tr","potentialAction":[{"@type":"ReadAction","target":["https:\/\/tosyagazetesi.com\/index.php\/2025\/03\/06\/tosyali-prof-dr-selahattin-kaymakci-rektor-yardimciligina-atandi\/"]}]},{"@type":"ImageObject","inLanguage":"tr","@id":"https:\/\/tosyagazetesi.com\/index.php\/2025\/03\/06\/tosyali-prof-dr-selahattin-kaymakci-rektor-yardimciligina-atandi\/#primaryimage","url":"https:\/\/tosyagazetesi.com\/wp-content\/uploads\/2023\/01\/Tosyanin-Yetistirdigi-Degerlerimiz-Dekan-Prof.-Dr.-Selahattin-Kaymakci.jpg","contentUrl":"https:\/\/tosyagazetesi.com\/wp-content\/uploads\/2023\/01\/Tosyanin-Yetistirdigi-Degerlerimiz-Dekan-Prof.-Dr.-Selahattin-Kaymakci.jpg","width":900,"height":500},{"@type":"BreadcrumbList","@id":"https:\/\/tosyagazetesi.com\/index.php\/2025\/03\/06\/tosyali-prof-dr-selahattin-kaymakci-rektor-yardimciligina-atandi\/#breadcrumb","itemListElement":[{"@type":"ListItem","position":1,"name":"Anasayfa","item":"https:\/\/tosyagazetesi.com\/"},{"@type":"ListItem","position":2,"name":"Tosyal\u0131 Prof. Dr. Selahattin Kaymakc\u0131 Rekt\u00f6r Yard\u0131mc\u0131l\u0131\u011f\u0131na Atand\u0131"}]},{"@type":"WebSite","@id":"https:\/\/tosyagazetesi.com\/#website","url":"https:\/\/tosyagazetesi.com\/","name":"","description":"","potentialAction":[{"@type":"SearchAction","target":{"@type":"EntryPoint","urlTemplate":"https:\/\/tosyagazetesi.com\/?s={search_term_string}"},"query-input":{"@type":"PropertyValueSpecification","valueRequired":true,"valueName":"search_term_string"}}],"inLanguage":"tr"},{"@type":"Person","@id":"https:\/\/tosyagazetesi.com\/#\/schema\/person\/9a1b0f7e1b008c6cede8cdbd5500a206","name":"admin","image":{"@type":"ImageObject","inLanguage":"tr","@id":"https:\/\/secure.gravatar.com\/avatar\/a3b9c4457143f713b454772cdba280ff47106c991ba15f91e94e0aabe3c83824?s=96&d=mm&r=g","url":"https:\/\/secure.gravatar.com\/avatar\/a3b9c4457143f713b454772cdba280ff47106c991ba15f91e94e0aabe3c83824?s=96&d=mm&r=g","contentUrl":"https:\/\/secure.gravatar.com\/avatar\/a3b9c4457143f713b454772cdba280ff47106c991ba15f91e94e0aabe3c83824?s=96&d=mm&r=g","caption":"admin"},"sameAs":["https:\/\/tosyagazetesi.com"],"url":"https:\/\/tosyagazetesi.com\/index.php\/author\/admin_mznznzn4\/"}]}},"views":854,"jetpack_publicize_connections":[],"_links":{"self":[{"href":"https:\/\/tosyagazetesi.com\/index.php\/wp-json\/wp\/v2\/posts\/1469","targetHints":{"allow":["GET"]}}],"collection":[{"href":"https:\/\/tosyagazetesi.com\/index.php\/wp-json\/wp\/v2\/posts"}],"about":[{"href":"https:\/\/tosyagazetesi.com\/index.php\/wp-json\/wp\/v2\/types\/post"}],"author":[{"embeddable":true,"href":"https:\/\/tosyagazetesi.com\/index.php\/wp-json\/wp\/v2\/users\/1"}],"replies":[{"embeddable":true,"href":"https:\/\/tosyagazetesi.com\/index.php\/wp-json\/wp\/v2\/comments?post=1469"}],"version-history":[{"count":1,"href":"https:\/\/tosyagazetesi.com\/index.php\/wp-json\/wp\/v2\/posts\/1469\/revisions"}],"predecessor-version":[{"id":1470,"href":"https:\/\/tosyagazetesi.com\/index.php\/wp-json\/wp\/v2\/posts\/1469\/revisions\/1470"}],"wp:featuredmedia":[{"embeddable":true,"href":"https:\/\/tosyagazetesi.com\/index.php\/wp-json\/wp\/v2\/media\/71"}],"wp:attachment":[{"href":"https:\/\/tosyagazetesi.com\/index.php\/wp-json\/wp\/v2\/media?parent=1469"}],"wp:term":[{"taxonomy":"category","embeddable":true,"href":"https:\/\/tosyagazetesi.com\/index.php\/wp-json\/wp\/v2\/categories?post=1469"},{"taxonomy":"post_tag","embeddable":true,"href":"https:\/\/tosyagazetesi.com\/index.php\/wp-json\/wp\/v2\/tags?post=1469"}],"curies":[{"name":"wp","href":"https:\/\/api.w.org\/{rel}","templated":true}]}}