{"id":1455,"date":"2025-02-19T14:58:08","date_gmt":"2025-02-19T14:58:08","guid":{"rendered":"https:\/\/tosyagazetesi.com\/?p=1455"},"modified":"2025-02-19T14:58:26","modified_gmt":"2025-02-19T14:58:26","slug":"baskani-mustafa-takir-tosya-tarimina-255-milyon-tl-odenek-ayrildi","status":"publish","type":"post","link":"https:\/\/tosyagazetesi.com\/index.php\/2025\/02\/19\/baskani-mustafa-takir-tosya-tarimina-255-milyon-tl-odenek-ayrildi\/","title":{"rendered":"Ba\u015fkan Mustafa Tak\u0131r: Tosya Tar\u0131m\u0131na 255 Milyon TL \u00d6denek Ayr\u0131ld\u0131"},"content":{"rendered":"\n<p><\/p>\n\n\n\n<p>AK Parti Tosya \u0130l\u00e7e Ba\u015fkan\u0131 Mustafa Tak\u0131r, Tosya\u2019da 12 bin 837 hektar alanda yap\u0131lacak olan ve 26 k\u00f6y ile 2 mahalleyi kapsayan arazi toplula\u015ft\u0131rmas\u0131 ila alakal\u0131 bir a\u00e7\u0131klama yapt\u0131.<\/p>\n\n\n\n<p><\/p>\n\n\n\n<p>10 g\u00fcn i\u00e7inde yer teslimi yap\u0131lacak olan ve 1000 g\u00fcn i\u00e7inde tamamlanacak proje ile alakal\u0131 yaz\u0131l\u0131 a\u00e7\u0131klama yapan Ba\u015fkan Mustafa Tak\u0131r, \u015funlar\u0131 kaydetti:<\/p>\n\n\n\n<p><\/p>\n\n\n\n<p>Tosya\u2019ya Dev Yat\u0131r\u0131m: Tar\u0131mda Yeni D\u00f6nem Ba\u015fl\u0131yor.<\/p>\n\n\n\n<p><\/p>\n\n\n\n<p>12 Bin 837 Hektar alan toplula\u015ft\u0131r\u0131lacak.<\/p>\n\n\n\n<p><br>Bu proje \u0130l\u00e7emizin ge\u00e7mi\u015ften gelen 100 y\u0131ll\u0131k sorunlar\u0131n\u0131 \u00e7\u00f6zecek ve \u00f6n\u00fcm\u00fczdeki 100 y\u0131l\u0131n ekonomik geli\u015fimine katk\u0131 sa\u011flayacak.<\/p>\n\n\n\n<p><br>Ge\u00e7ti\u011fimiz g\u00fcnlerde ihalesi yap\u0131lan Arazi Toplula\u015ft\u0131rma ve T\u0130GH Projesinin yap\u0131m i\u015fi s\u00f6zle\u015fmesi imzaland\u0131.<br>Arazi toplula\u015ft\u0131rma yap\u0131m i\u015fi i\u00e7in il\u00e7emize yakla\u015f\u0131k 255.000.000 (255 Milyon) TL \u00f6denek ayr\u0131ld\u0131.<\/p>\n\n\n\n<p><br>\u0130l\u00e7emize Hay\u0131rl\u0131 Olsun\u2026<br>Eme\u011fi ge\u00e7enlerden Allah raz\u0131 olsun\u2026<\/p>\n\n\n\n<p>KASTAMONU 1 KISIM ARAZ\u0130 TOPLULA\u015eTIRMA VE TARLA \u0130\u00c7\u0130 GEL\u0130\u015eT\u0130RME H\u0130ZMETLER\u0130 PROJES\u0130<\/p>\n\n\n\n<p><\/p>\n\n\n\n<p>Kastamonu 1.K\u0131s\u0131m Arazi Toplula\u015ft\u0131rma ve Tarla \u0130\u00e7i Geli\u015ftirme Hizmetleri Projesi; Cumhurba\u015fkan\u0131m\u0131z Say\u0131n Recep Tayyip ERDO\u011eAN\u2019\u0131n 01.09.2023 tarih ve 7549 say\u0131l\u0131 Cumhurba\u015fkanl\u0131\u011f\u0131 Kararnamesine istinaden hayata ge\u00e7mi\u015f, Tosya \u0130l\u00e7esinde 26 k\u00f6y ve 2 mahalleyi i\u00e7eren 12.837 hektar kapsayan B\u00f6lgemizin ilk bu kadar b\u00fcy\u00fckl\u00fckte Arazi Toplula\u015ft\u0131rma ve Tarla \u0130\u00e7i Geli\u015ftirme Hizmetleri Projesidir.<\/p>\n\n\n\n<p><br>\u0130\u015f kapsam\u0131ndaki yerle\u015fim birimleri; Kastamonu \u0130li, Tosya \u0130l\u00e7esine ba\u011fl\u0131; Akb\u00fck, A\u015fa\u011f\u0131dikmen, A\u015fa\u011f\u0131kay\u0131, Bayat, \u00c7aykap\u0131, \u00c7epni, \u00c7evlik, Da\u011fard\u0131, Dilk\u00fc\u015fa Mah., Karabey, Karg\u0131n, Kar\u015f\u0131yaka Mah., Kaya\u00f6n\u00fc, K\u0131n\u0131k, K\u0131z\u0131lca (B\u00fcy\u00fckk\u0131z\u0131lca), K\u00f6sen, Ku\u015fcular, K\u00fc\u00e7\u00fckk\u0131z\u0131lca, K\u00fc\u00e7\u00fcksekiler, Ortal\u0131ca, Sapaca, Sekiler (B\u00fcy\u00fcksekiler), Sevin\u00e7\u00f6ren, Sofular, Suluca, Yenido\u011fan, Yukar\u0131kay\u0131 ve Zincirlikuyu K\u00f6y\/Mahalleleri olmak \u00fczere toplam 28 adet yerle\u015fim birimidir.<\/p>\n\n\n\n<p><br>\u0130\u015fin ihalesi 24.12.2024 tarihinde DS\u0130 Genel M\u00fcd\u00fcrl\u00fc\u011f\u00fcm\u00fczce yap\u0131lm\u0131\u015ft\u0131r ve 18.02.2025 tarihinde s\u00f6zle\u015fmesi imzalanm\u0131\u015ft\u0131r.<\/p>\n\n\n\n<p><br>Arazi toplula\u015ft\u0131rma projeleri ile parseller b\u00fcy\u00fcr, modern tar\u0131m teknikleri ve tasarruflu sulama metotlar\u0131n\u0131n uygulanmas\u0131 kolayla\u015f\u0131r. Parsel say\u0131s\u0131 azal\u0131r. D\u00fczenli ve ideal parsel \u015fekilleri olu\u015fturulur. Her parsel yola ve sulama kanal\u0131na kavu\u015fur. \u0130\u015fletme merkezi ile parseller aras\u0131ndaki mesafeler azal\u0131r, ula\u015f\u0131mdan dolay\u0131 meydana gelen kay\u0131plar azal\u0131r, yak\u0131t tasarrufu sa\u011flan\u0131r. Zirai m\u00fccadele ve g\u00fcbreleme kolayla\u015f\u0131r. Daha az i\u015f g\u00fcc\u00fc ile maliyetler azal\u0131r. Sulama oran\u0131 ve rand\u0131man\u0131 artar. Sa\u011flanan katma de\u011ferden dolay\u0131 arazi de\u011feri en az iki kat artar.<\/p>\n\n\n\n<p><br>A.T. ve T\u0130GH projelerinde genel yap\u0131sal imalatlar; parsel ula\u015f\u0131m yollar\u0131 ve parsel tesviyesidir. Fakat; Kastamonu 1.K\u0131s\u0131m Arazi Toplula\u015ft\u0131rma ve Tarla \u0130\u00e7i Geli\u015ftirme Hizmetleri Projesi kapsam\u0131nda y\u00f6redeki yerle\u015fimlerin ihtiya\u00e7lar\u0131 olan temel alt yap\u0131 tesisleri de bu kapsamda de\u011ferlendirilecektir.<\/p>\n\n\n\n<figure class=\"wp-block-image size-large\"><img loading=\"lazy\" decoding=\"async\" width=\"1024\" height=\"612\" src=\"https:\/\/tosyagazetesi.com\/wp-content\/uploads\/2025\/02\/image-1024x612.png\" alt=\"\" class=\"wp-image-1456\" srcset=\"https:\/\/tosyagazetesi.com\/wp-content\/uploads\/2025\/02\/image-1024x612.png 1024w, https:\/\/tosyagazetesi.com\/wp-content\/uploads\/2025\/02\/image-300x179.png 300w, https:\/\/tosyagazetesi.com\/wp-content\/uploads\/2025\/02\/image-768x459.png 768w, https:\/\/tosyagazetesi.com\/wp-content\/uploads\/2025\/02\/image.png 1060w\" sizes=\"auto, (max-width: 1024px) 100vw, 1024px\" \/><\/figure>\n","protected":false},"excerpt":{"rendered":"<p>AK Parti Tosya \u0130l\u00e7e Ba\u015fkan\u0131 Mustafa Tak\u0131r, Tosya\u2019da 12 bin 837 hektar alanda yap\u0131lacak olan ve 26 k\u00f6y ile 2 mahalleyi kapsayan arazi toplula\u015ft\u0131rmas\u0131 ila alakal\u0131 bir a\u00e7\u0131klama yapt\u0131. 10&hellip; <\/p>\n","protected":false},"author":1,"featured_media":1456,"comment_status":"open","ping_status":"open","sticky":false,"template":"","format":"standard","meta":{"_joinchat":[],"footnotes":"","jetpack_publicize_message":"","jetpack_publicize_feature_enabled":true,"jetpack_social_post_already_shared":false,"jetpack_social_options":{"image_generator_settings":{"template":"highway","default_image_id":0,"font":"","enabled":false},"version":2}},"categories":[3],"tags":[188],"class_list":["post-1455","post","type-post","status-publish","format-standard","has-post-thumbnail","hentry","category-tosya-gazetesi","tag-ak-parti-tosya-ilce-baskani-mustafa-takir"],"yoast_head":"<!-- This site is optimized with the Yoast SEO plugin v27.4 - https:\/\/yoast.com\/product\/yoast-seo-wordpress\/ -->\n<title>Ba\u015fkan Mustafa Tak\u0131r: Tosya Tar\u0131m\u0131na 255 Milyon TL \u00d6denek Ayr\u0131ld\u0131 -<\/title>\n<meta name=\"robots\" content=\"index, follow, max-snippet:-1, max-image-preview:large, max-video-preview:-1\" \/>\n<link rel=\"canonical\" href=\"https:\/\/tosyagazetesi.com\/index.php\/2025\/02\/19\/baskani-mustafa-takir-tosya-tarimina-255-milyon-tl-odenek-ayrildi\/\" \/>\n<meta property=\"og:locale\" content=\"tr_TR\" \/>\n<meta property=\"og:type\" content=\"article\" \/>\n<meta property=\"og:title\" content=\"Ba\u015fkan Mustafa Tak\u0131r: Tosya Tar\u0131m\u0131na 255 Milyon TL \u00d6denek Ayr\u0131ld\u0131 -\" \/>\n<meta property=\"og:description\" content=\"AK Parti Tosya \u0130l\u00e7e Ba\u015fkan\u0131 Mustafa Tak\u0131r, Tosya\u2019da 12 bin 837 hektar alanda yap\u0131lacak olan ve 26 k\u00f6y ile 2 mahalleyi kapsayan arazi toplula\u015ft\u0131rmas\u0131 ila alakal\u0131 bir a\u00e7\u0131klama yapt\u0131. 10&hellip;\" \/>\n<meta property=\"og:url\" content=\"https:\/\/tosyagazetesi.com\/index.php\/2025\/02\/19\/baskani-mustafa-takir-tosya-tarimina-255-milyon-tl-odenek-ayrildi\/\" \/>\n<meta property=\"article:published_time\" content=\"2025-02-19T14:58:08+00:00\" \/>\n<meta property=\"article:modified_time\" content=\"2025-02-19T14:58:26+00:00\" \/>\n<meta property=\"og:image\" content=\"https:\/\/tosyagazetesi.com\/wp-content\/uploads\/2025\/02\/image.png\" \/>\n\t<meta property=\"og:image:width\" content=\"1060\" \/>\n\t<meta property=\"og:image:height\" content=\"634\" \/>\n\t<meta property=\"og:image:type\" content=\"image\/png\" \/>\n<meta name=\"author\" content=\"admin\" \/>\n<meta name=\"twitter:card\" content=\"summary_large_image\" \/>\n<meta name=\"twitter:label1\" content=\"Yazan:\" \/>\n\t<meta name=\"twitter:data1\" content=\"admin\" \/>\n\t<meta name=\"twitter:label2\" content=\"Tahmini okuma s\u00fcresi\" \/>\n\t<meta name=\"twitter:data2\" content=\"3 dakika\" \/>\n<script type=\"application\/ld+json\" class=\"yoast-schema-graph\">{\"@context\":\"https:\\\/\\\/schema.org\",\"@graph\":[{\"@type\":\"Article\",\"@id\":\"https:\\\/\\\/tosyagazetesi.com\\\/index.php\\\/2025\\\/02\\\/19\\\/baskani-mustafa-takir-tosya-tarimina-255-milyon-tl-odenek-ayrildi\\\/#article\",\"isPartOf\":{\"@id\":\"https:\\\/\\\/tosyagazetesi.com\\\/index.php\\\/2025\\\/02\\\/19\\\/baskani-mustafa-takir-tosya-tarimina-255-milyon-tl-odenek-ayrildi\\\/\"},\"author\":{\"name\":\"admin\",\"@id\":\"https:\\\/\\\/tosyagazetesi.com\\\/#\\\/schema\\\/person\\\/9a1b0f7e1b008c6cede8cdbd5500a206\"},\"headline\":\"Ba\u015fkan Mustafa Tak\u0131r: Tosya Tar\u0131m\u0131na 255 Milyon TL \u00d6denek Ayr\u0131ld\u0131\",\"datePublished\":\"2025-02-19T14:58:08+00:00\",\"dateModified\":\"2025-02-19T14:58:26+00:00\",\"mainEntityOfPage\":{\"@id\":\"https:\\\/\\\/tosyagazetesi.com\\\/index.php\\\/2025\\\/02\\\/19\\\/baskani-mustafa-takir-tosya-tarimina-255-milyon-tl-odenek-ayrildi\\\/\"},\"wordCount\":526,\"commentCount\":0,\"image\":{\"@id\":\"https:\\\/\\\/tosyagazetesi.com\\\/index.php\\\/2025\\\/02\\\/19\\\/baskani-mustafa-takir-tosya-tarimina-255-milyon-tl-odenek-ayrildi\\\/#primaryimage\"},\"thumbnailUrl\":\"https:\\\/\\\/tosyagazetesi.com\\\/wp-content\\\/uploads\\\/2025\\\/02\\\/image.png\",\"keywords\":[\"AK Parti Tosya \u0130l\u00e7e Ba\u015fkan\u0131 Mustafa Tak\u0131r\"],\"articleSection\":[\"Tosya Gazetesi\"],\"inLanguage\":\"tr\",\"potentialAction\":[{\"@type\":\"CommentAction\",\"name\":\"Comment\",\"target\":[\"https:\\\/\\\/tosyagazetesi.com\\\/index.php\\\/2025\\\/02\\\/19\\\/baskani-mustafa-takir-tosya-tarimina-255-milyon-tl-odenek-ayrildi\\\/#respond\"]}]},{\"@type\":\"WebPage\",\"@id\":\"https:\\\/\\\/tosyagazetesi.com\\\/index.php\\\/2025\\\/02\\\/19\\\/baskani-mustafa-takir-tosya-tarimina-255-milyon-tl-odenek-ayrildi\\\/\",\"url\":\"https:\\\/\\\/tosyagazetesi.com\\\/index.php\\\/2025\\\/02\\\/19\\\/baskani-mustafa-takir-tosya-tarimina-255-milyon-tl-odenek-ayrildi\\\/\",\"name\":\"Ba\u015fkan Mustafa Tak\u0131r: Tosya Tar\u0131m\u0131na 255 Milyon TL \u00d6denek Ayr\u0131ld\u0131 -\",\"isPartOf\":{\"@id\":\"https:\\\/\\\/tosyagazetesi.com\\\/#website\"},\"primaryImageOfPage\":{\"@id\":\"https:\\\/\\\/tosyagazetesi.com\\\/index.php\\\/2025\\\/02\\\/19\\\/baskani-mustafa-takir-tosya-tarimina-255-milyon-tl-odenek-ayrildi\\\/#primaryimage\"},\"image\":{\"@id\":\"https:\\\/\\\/tosyagazetesi.com\\\/index.php\\\/2025\\\/02\\\/19\\\/baskani-mustafa-takir-tosya-tarimina-255-milyon-tl-odenek-ayrildi\\\/#primaryimage\"},\"thumbnailUrl\":\"https:\\\/\\\/tosyagazetesi.com\\\/wp-content\\\/uploads\\\/2025\\\/02\\\/image.png\",\"datePublished\":\"2025-02-19T14:58:08+00:00\",\"dateModified\":\"2025-02-19T14:58:26+00:00\",\"author\":{\"@id\":\"https:\\\/\\\/tosyagazetesi.com\\\/#\\\/schema\\\/person\\\/9a1b0f7e1b008c6cede8cdbd5500a206\"},\"breadcrumb\":{\"@id\":\"https:\\\/\\\/tosyagazetesi.com\\\/index.php\\\/2025\\\/02\\\/19\\\/baskani-mustafa-takir-tosya-tarimina-255-milyon-tl-odenek-ayrildi\\\/#breadcrumb\"},\"inLanguage\":\"tr\",\"potentialAction\":[{\"@type\":\"ReadAction\",\"target\":[\"https:\\\/\\\/tosyagazetesi.com\\\/index.php\\\/2025\\\/02\\\/19\\\/baskani-mustafa-takir-tosya-tarimina-255-milyon-tl-odenek-ayrildi\\\/\"]}]},{\"@type\":\"ImageObject\",\"inLanguage\":\"tr\",\"@id\":\"https:\\\/\\\/tosyagazetesi.com\\\/index.php\\\/2025\\\/02\\\/19\\\/baskani-mustafa-takir-tosya-tarimina-255-milyon-tl-odenek-ayrildi\\\/#primaryimage\",\"url\":\"https:\\\/\\\/tosyagazetesi.com\\\/wp-content\\\/uploads\\\/2025\\\/02\\\/image.png\",\"contentUrl\":\"https:\\\/\\\/tosyagazetesi.com\\\/wp-content\\\/uploads\\\/2025\\\/02\\\/image.png\",\"width\":1060,\"height\":634},{\"@type\":\"BreadcrumbList\",\"@id\":\"https:\\\/\\\/tosyagazetesi.com\\\/index.php\\\/2025\\\/02\\\/19\\\/baskani-mustafa-takir-tosya-tarimina-255-milyon-tl-odenek-ayrildi\\\/#breadcrumb\",\"itemListElement\":[{\"@type\":\"ListItem\",\"position\":1,\"name\":\"Anasayfa\",\"item\":\"https:\\\/\\\/tosyagazetesi.com\\\/\"},{\"@type\":\"ListItem\",\"position\":2,\"name\":\"Ba\u015fkan Mustafa Tak\u0131r: Tosya Tar\u0131m\u0131na 255 Milyon TL \u00d6denek Ayr\u0131ld\u0131\"}]},{\"@type\":\"WebSite\",\"@id\":\"https:\\\/\\\/tosyagazetesi.com\\\/#website\",\"url\":\"https:\\\/\\\/tosyagazetesi.com\\\/\",\"name\":\"\",\"description\":\"\",\"potentialAction\":[{\"@type\":\"SearchAction\",\"target\":{\"@type\":\"EntryPoint\",\"urlTemplate\":\"https:\\\/\\\/tosyagazetesi.com\\\/?s={search_term_string}\"},\"query-input\":{\"@type\":\"PropertyValueSpecification\",\"valueRequired\":true,\"valueName\":\"search_term_string\"}}],\"inLanguage\":\"tr\"},{\"@type\":\"Person\",\"@id\":\"https:\\\/\\\/tosyagazetesi.com\\\/#\\\/schema\\\/person\\\/9a1b0f7e1b008c6cede8cdbd5500a206\",\"name\":\"admin\",\"image\":{\"@type\":\"ImageObject\",\"inLanguage\":\"tr\",\"@id\":\"https:\\\/\\\/secure.gravatar.com\\\/avatar\\\/a3b9c4457143f713b454772cdba280ff47106c991ba15f91e94e0aabe3c83824?s=96&d=mm&r=g\",\"url\":\"https:\\\/\\\/secure.gravatar.com\\\/avatar\\\/a3b9c4457143f713b454772cdba280ff47106c991ba15f91e94e0aabe3c83824?s=96&d=mm&r=g\",\"contentUrl\":\"https:\\\/\\\/secure.gravatar.com\\\/avatar\\\/a3b9c4457143f713b454772cdba280ff47106c991ba15f91e94e0aabe3c83824?s=96&d=mm&r=g\",\"caption\":\"admin\"},\"sameAs\":[\"https:\\\/\\\/tosyagazetesi.com\"],\"url\":\"https:\\\/\\\/tosyagazetesi.com\\\/index.php\\\/author\\\/admin_mznznzn4\\\/\"}]}<\/script>\n<!-- \/ Yoast SEO plugin. -->","yoast_head_json":{"title":"Ba\u015fkan Mustafa Tak\u0131r: Tosya Tar\u0131m\u0131na 255 Milyon TL \u00d6denek Ayr\u0131ld\u0131 -","robots":{"index":"index","follow":"follow","max-snippet":"max-snippet:-1","max-image-preview":"max-image-preview:large","max-video-preview":"max-video-preview:-1"},"canonical":"https:\/\/tosyagazetesi.com\/index.php\/2025\/02\/19\/baskani-mustafa-takir-tosya-tarimina-255-milyon-tl-odenek-ayrildi\/","og_locale":"tr_TR","og_type":"article","og_title":"Ba\u015fkan Mustafa Tak\u0131r: Tosya Tar\u0131m\u0131na 255 Milyon TL \u00d6denek Ayr\u0131ld\u0131 -","og_description":"AK Parti Tosya \u0130l\u00e7e Ba\u015fkan\u0131 Mustafa Tak\u0131r, Tosya\u2019da 12 bin 837 hektar alanda yap\u0131lacak olan ve 26 k\u00f6y ile 2 mahalleyi kapsayan arazi toplula\u015ft\u0131rmas\u0131 ila alakal\u0131 bir a\u00e7\u0131klama yapt\u0131. 10&hellip;","og_url":"https:\/\/tosyagazetesi.com\/index.php\/2025\/02\/19\/baskani-mustafa-takir-tosya-tarimina-255-milyon-tl-odenek-ayrildi\/","article_published_time":"2025-02-19T14:58:08+00:00","article_modified_time":"2025-02-19T14:58:26+00:00","og_image":[{"width":1060,"height":634,"url":"https:\/\/tosyagazetesi.com\/wp-content\/uploads\/2025\/02\/image.png","type":"image\/png"}],"author":"admin","twitter_card":"summary_large_image","twitter_misc":{"Yazan:":"admin","Tahmini okuma s\u00fcresi":"3 dakika"},"schema":{"@context":"https:\/\/schema.org","@graph":[{"@type":"Article","@id":"https:\/\/tosyagazetesi.com\/index.php\/2025\/02\/19\/baskani-mustafa-takir-tosya-tarimina-255-milyon-tl-odenek-ayrildi\/#article","isPartOf":{"@id":"https:\/\/tosyagazetesi.com\/index.php\/2025\/02\/19\/baskani-mustafa-takir-tosya-tarimina-255-milyon-tl-odenek-ayrildi\/"},"author":{"name":"admin","@id":"https:\/\/tosyagazetesi.com\/#\/schema\/person\/9a1b0f7e1b008c6cede8cdbd5500a206"},"headline":"Ba\u015fkan Mustafa Tak\u0131r: Tosya Tar\u0131m\u0131na 255 Milyon TL \u00d6denek Ayr\u0131ld\u0131","datePublished":"2025-02-19T14:58:08+00:00","dateModified":"2025-02-19T14:58:26+00:00","mainEntityOfPage":{"@id":"https:\/\/tosyagazetesi.com\/index.php\/2025\/02\/19\/baskani-mustafa-takir-tosya-tarimina-255-milyon-tl-odenek-ayrildi\/"},"wordCount":526,"commentCount":0,"image":{"@id":"https:\/\/tosyagazetesi.com\/index.php\/2025\/02\/19\/baskani-mustafa-takir-tosya-tarimina-255-milyon-tl-odenek-ayrildi\/#primaryimage"},"thumbnailUrl":"https:\/\/tosyagazetesi.com\/wp-content\/uploads\/2025\/02\/image.png","keywords":["AK Parti Tosya \u0130l\u00e7e Ba\u015fkan\u0131 Mustafa Tak\u0131r"],"articleSection":["Tosya Gazetesi"],"inLanguage":"tr","potentialAction":[{"@type":"CommentAction","name":"Comment","target":["https:\/\/tosyagazetesi.com\/index.php\/2025\/02\/19\/baskani-mustafa-takir-tosya-tarimina-255-milyon-tl-odenek-ayrildi\/#respond"]}]},{"@type":"WebPage","@id":"https:\/\/tosyagazetesi.com\/index.php\/2025\/02\/19\/baskani-mustafa-takir-tosya-tarimina-255-milyon-tl-odenek-ayrildi\/","url":"https:\/\/tosyagazetesi.com\/index.php\/2025\/02\/19\/baskani-mustafa-takir-tosya-tarimina-255-milyon-tl-odenek-ayrildi\/","name":"Ba\u015fkan Mustafa Tak\u0131r: Tosya Tar\u0131m\u0131na 255 Milyon TL \u00d6denek Ayr\u0131ld\u0131 -","isPartOf":{"@id":"https:\/\/tosyagazetesi.com\/#website"},"primaryImageOfPage":{"@id":"https:\/\/tosyagazetesi.com\/index.php\/2025\/02\/19\/baskani-mustafa-takir-tosya-tarimina-255-milyon-tl-odenek-ayrildi\/#primaryimage"},"image":{"@id":"https:\/\/tosyagazetesi.com\/index.php\/2025\/02\/19\/baskani-mustafa-takir-tosya-tarimina-255-milyon-tl-odenek-ayrildi\/#primaryimage"},"thumbnailUrl":"https:\/\/tosyagazetesi.com\/wp-content\/uploads\/2025\/02\/image.png","datePublished":"2025-02-19T14:58:08+00:00","dateModified":"2025-02-19T14:58:26+00:00","author":{"@id":"https:\/\/tosyagazetesi.com\/#\/schema\/person\/9a1b0f7e1b008c6cede8cdbd5500a206"},"breadcrumb":{"@id":"https:\/\/tosyagazetesi.com\/index.php\/2025\/02\/19\/baskani-mustafa-takir-tosya-tarimina-255-milyon-tl-odenek-ayrildi\/#breadcrumb"},"inLanguage":"tr","potentialAction":[{"@type":"ReadAction","target":["https:\/\/tosyagazetesi.com\/index.php\/2025\/02\/19\/baskani-mustafa-takir-tosya-tarimina-255-milyon-tl-odenek-ayrildi\/"]}]},{"@type":"ImageObject","inLanguage":"tr","@id":"https:\/\/tosyagazetesi.com\/index.php\/2025\/02\/19\/baskani-mustafa-takir-tosya-tarimina-255-milyon-tl-odenek-ayrildi\/#primaryimage","url":"https:\/\/tosyagazetesi.com\/wp-content\/uploads\/2025\/02\/image.png","contentUrl":"https:\/\/tosyagazetesi.com\/wp-content\/uploads\/2025\/02\/image.png","width":1060,"height":634},{"@type":"BreadcrumbList","@id":"https:\/\/tosyagazetesi.com\/index.php\/2025\/02\/19\/baskani-mustafa-takir-tosya-tarimina-255-milyon-tl-odenek-ayrildi\/#breadcrumb","itemListElement":[{"@type":"ListItem","position":1,"name":"Anasayfa","item":"https:\/\/tosyagazetesi.com\/"},{"@type":"ListItem","position":2,"name":"Ba\u015fkan Mustafa Tak\u0131r: Tosya Tar\u0131m\u0131na 255 Milyon TL \u00d6denek Ayr\u0131ld\u0131"}]},{"@type":"WebSite","@id":"https:\/\/tosyagazetesi.com\/#website","url":"https:\/\/tosyagazetesi.com\/","name":"","description":"","potentialAction":[{"@type":"SearchAction","target":{"@type":"EntryPoint","urlTemplate":"https:\/\/tosyagazetesi.com\/?s={search_term_string}"},"query-input":{"@type":"PropertyValueSpecification","valueRequired":true,"valueName":"search_term_string"}}],"inLanguage":"tr"},{"@type":"Person","@id":"https:\/\/tosyagazetesi.com\/#\/schema\/person\/9a1b0f7e1b008c6cede8cdbd5500a206","name":"admin","image":{"@type":"ImageObject","inLanguage":"tr","@id":"https:\/\/secure.gravatar.com\/avatar\/a3b9c4457143f713b454772cdba280ff47106c991ba15f91e94e0aabe3c83824?s=96&d=mm&r=g","url":"https:\/\/secure.gravatar.com\/avatar\/a3b9c4457143f713b454772cdba280ff47106c991ba15f91e94e0aabe3c83824?s=96&d=mm&r=g","contentUrl":"https:\/\/secure.gravatar.com\/avatar\/a3b9c4457143f713b454772cdba280ff47106c991ba15f91e94e0aabe3c83824?s=96&d=mm&r=g","caption":"admin"},"sameAs":["https:\/\/tosyagazetesi.com"],"url":"https:\/\/tosyagazetesi.com\/index.php\/author\/admin_mznznzn4\/"}]}},"views":805,"jetpack_publicize_connections":[],"_links":{"self":[{"href":"https:\/\/tosyagazetesi.com\/index.php\/wp-json\/wp\/v2\/posts\/1455","targetHints":{"allow":["GET"]}}],"collection":[{"href":"https:\/\/tosyagazetesi.com\/index.php\/wp-json\/wp\/v2\/posts"}],"about":[{"href":"https:\/\/tosyagazetesi.com\/index.php\/wp-json\/wp\/v2\/types\/post"}],"author":[{"embeddable":true,"href":"https:\/\/tosyagazetesi.com\/index.php\/wp-json\/wp\/v2\/users\/1"}],"replies":[{"embeddable":true,"href":"https:\/\/tosyagazetesi.com\/index.php\/wp-json\/wp\/v2\/comments?post=1455"}],"version-history":[{"count":2,"href":"https:\/\/tosyagazetesi.com\/index.php\/wp-json\/wp\/v2\/posts\/1455\/revisions"}],"predecessor-version":[{"id":1458,"href":"https:\/\/tosyagazetesi.com\/index.php\/wp-json\/wp\/v2\/posts\/1455\/revisions\/1458"}],"wp:featuredmedia":[{"embeddable":true,"href":"https:\/\/tosyagazetesi.com\/index.php\/wp-json\/wp\/v2\/media\/1456"}],"wp:attachment":[{"href":"https:\/\/tosyagazetesi.com\/index.php\/wp-json\/wp\/v2\/media?parent=1455"}],"wp:term":[{"taxonomy":"category","embeddable":true,"href":"https:\/\/tosyagazetesi.com\/index.php\/wp-json\/wp\/v2\/categories?post=1455"},{"taxonomy":"post_tag","embeddable":true,"href":"https:\/\/tosyagazetesi.com\/index.php\/wp-json\/wp\/v2\/tags?post=1455"}],"curies":[{"name":"wp","href":"https:\/\/api.w.org\/{rel}","templated":true}]}}