{"id":1434,"date":"2025-02-05T13:46:41","date_gmt":"2025-02-05T13:46:41","guid":{"rendered":"https:\/\/tosyagazetesi.com\/?p=1434"},"modified":"2025-02-05T13:47:52","modified_gmt":"2025-02-05T13:47:52","slug":"tosyada-sehit-ufuk-deniz-kabri-basinda-anildi","status":"publish","type":"post","link":"https:\/\/tosyagazetesi.com\/index.php\/2025\/02\/05\/tosyada-sehit-ufuk-deniz-kabri-basinda-anildi\/","title":{"rendered":"Tosya\u2019da \u015eehit Ufuk Deniz Kabri Ba\u015f\u0131nda An\u0131ld\u0131."},"content":{"rendered":"\n<p>\u015eehit Jandarma Uzman Onba\u015f\u0131 Ufuk Deniz, Kastamonu&#8217;nun Tosya il\u00e7esindeki kabri ba\u015f\u0131nda an\u0131ld\u0131.<\/p>\n\n\n\n<p>Van\u2019da 2020 y\u0131l\u0131nda \u015fehit olan Jandarma Uzman Onba\u015f\u0131 Ufuk Deniz i\u00e7in Tosya Asri Mezarl\u0131\u011f\u0131\u2019nda bulunan \u015fehitlikteki kabri ba\u015f\u0131nda anma t\u00f6reni d\u00fczenlendi.<\/p>\n\n\n\n<p>T\u00f6rende Kur&#8217;an-\u0131 Kerim okunmas\u0131n\u0131n ard\u0131ndan dua edildi. Tosya Kaymakam\u0131 U\u011fur \u00dcnsal beraberindekilerle birlikte \u015fehitlikte bulunan b\u00fct\u00fcn \u015fehitlerin mezarlar\u0131na tek tek karanfil b\u0131rakt\u0131.<\/p>\n\n\n\n<p>T\u00f6rene, \u015fehidin yak\u0131nlar\u0131n\u0131n yan\u0131 s\u0131ra, Tosya Belediye Ba\u015fkan\u0131 Volkan Kavakl\u0131gil, Tosya \u0130l\u00e7e Emniyet M\u00fcd\u00fcr\u00fc&nbsp; Erdem \u00d6zt\u00fcrk, Tosya \u0130l\u00e7e Jandarma Komutan\u0131 Jandarma \u00dcste\u011fmen O\u011fuzhan Di\u015f\u00e7eken, AK Parti Tosya \u0130l\u00e7e Ba\u015fkan\u0131 Mustafa Tak\u0131r, CHP Tosya \u0130l\u00e7e Ba\u015fkan\u0131 Mehmet Sami \u00d6zcan, MHP Tosya \u0130l\u00e7e Ba\u015fkan\u0131 Suat Bazlama\u00e7c\u0131, protokol \u00fcyeleri, gaziler ve vatanda\u015flar kat\u0131ld\u0131.<\/p>\n\n\n\n<p><\/p>\n\n\n\n<p>Foto\u011fraflar Tosya Belediyesine Aittir.<\/p>\n\n\n\n<p>.<\/p>\n\n\n\n<figure class=\"wp-block-gallery has-nested-images columns-default is-cropped wp-block-gallery-1 is-layout-flex wp-block-gallery-is-layout-flex\">\n<figure class=\"wp-block-image size-large\"><img loading=\"lazy\" decoding=\"async\" width=\"800\" height=\"550\" data-id=\"1436\" src=\"https:\/\/tosyagazetesi.com\/wp-content\/uploads\/2025\/02\/475980979_1172925248171085_1403148639753904447_n.jpg\" alt=\"\" class=\"wp-image-1436\" srcset=\"https:\/\/tosyagazetesi.com\/wp-content\/uploads\/2025\/02\/475980979_1172925248171085_1403148639753904447_n.jpg 800w, https:\/\/tosyagazetesi.com\/wp-content\/uploads\/2025\/02\/475980979_1172925248171085_1403148639753904447_n-300x206.jpg 300w, https:\/\/tosyagazetesi.com\/wp-content\/uploads\/2025\/02\/475980979_1172925248171085_1403148639753904447_n-768x528.jpg 768w\" sizes=\"auto, (max-width: 800px) 100vw, 800px\" \/><\/figure>\n<\/figure>\n\n\n\n<figure class=\"wp-block-image size-full is-resized\"><img loading=\"lazy\" decoding=\"async\" width=\"800\" height=\"529\" src=\"https:\/\/tosyagazetesi.com\/wp-content\/uploads\/2025\/02\/475993805_1172924844837792_7912083547173453985_n-1.jpg\" alt=\"\" class=\"wp-image-1438\" style=\"width:840px;height:auto\" srcset=\"https:\/\/tosyagazetesi.com\/wp-content\/uploads\/2025\/02\/475993805_1172924844837792_7912083547173453985_n-1.jpg 800w, https:\/\/tosyagazetesi.com\/wp-content\/uploads\/2025\/02\/475993805_1172924844837792_7912083547173453985_n-1-300x198.jpg 300w, https:\/\/tosyagazetesi.com\/wp-content\/uploads\/2025\/02\/475993805_1172924844837792_7912083547173453985_n-1-768x508.jpg 768w\" sizes=\"auto, (max-width: 800px) 100vw, 800px\" \/><\/figure>\n","protected":false},"excerpt":{"rendered":"<p>\u015eehit Jandarma Uzman Onba\u015f\u0131 Ufuk Deniz, Kastamonu&#8217;nun Tosya il\u00e7esindeki kabri ba\u015f\u0131nda an\u0131ld\u0131. Van\u2019da 2020 y\u0131l\u0131nda \u015fehit olan Jandarma Uzman Onba\u015f\u0131 Ufuk Deniz i\u00e7in Tosya Asri Mezarl\u0131\u011f\u0131\u2019nda bulunan \u015fehitlikteki kabri ba\u015f\u0131nda&hellip; <\/p>\n","protected":false},"author":1,"featured_media":1435,"comment_status":"open","ping_status":"open","sticky":false,"template":"","format":"standard","meta":{"_joinchat":[],"footnotes":"","jetpack_publicize_message":"","jetpack_publicize_feature_enabled":true,"jetpack_social_post_already_shared":false,"jetpack_social_options":{"image_generator_settings":{"template":"highway","default_image_id":0,"font":"","enabled":false},"version":2}},"categories":[3],"tags":[247],"class_list":["post-1434","post","type-post","status-publish","format-standard","has-post-thumbnail","hentry","category-tosya-gazetesi","tag-tosyada-sehit-ufuk-deniz-kabri-basinda-anildi"],"yoast_head":"<!-- This site is optimized with the Yoast SEO plugin v27.4 - https:\/\/yoast.com\/product\/yoast-seo-wordpress\/ -->\n<title>Tosya\u2019da \u015eehit Ufuk Deniz Kabri Ba\u015f\u0131nda An\u0131ld\u0131. -<\/title>\n<meta name=\"robots\" content=\"index, follow, max-snippet:-1, max-image-preview:large, max-video-preview:-1\" \/>\n<link rel=\"canonical\" href=\"https:\/\/tosyagazetesi.com\/index.php\/2025\/02\/05\/tosyada-sehit-ufuk-deniz-kabri-basinda-anildi\/\" \/>\n<meta property=\"og:locale\" content=\"tr_TR\" \/>\n<meta property=\"og:type\" content=\"article\" \/>\n<meta property=\"og:title\" content=\"Tosya\u2019da \u015eehit Ufuk Deniz Kabri Ba\u015f\u0131nda An\u0131ld\u0131. -\" \/>\n<meta property=\"og:description\" content=\"\u015eehit Jandarma Uzman Onba\u015f\u0131 Ufuk Deniz, Kastamonu&#8217;nun Tosya il\u00e7esindeki kabri ba\u015f\u0131nda an\u0131ld\u0131. Van\u2019da 2020 y\u0131l\u0131nda \u015fehit olan Jandarma Uzman Onba\u015f\u0131 Ufuk Deniz i\u00e7in Tosya Asri Mezarl\u0131\u011f\u0131\u2019nda bulunan \u015fehitlikteki kabri ba\u015f\u0131nda&hellip;\" \/>\n<meta property=\"og:url\" content=\"https:\/\/tosyagazetesi.com\/index.php\/2025\/02\/05\/tosyada-sehit-ufuk-deniz-kabri-basinda-anildi\/\" \/>\n<meta property=\"article:published_time\" content=\"2025-02-05T13:46:41+00:00\" \/>\n<meta property=\"article:modified_time\" content=\"2025-02-05T13:47:52+00:00\" \/>\n<meta property=\"og:image\" content=\"https:\/\/tosyagazetesi.com\/wp-content\/uploads\/2025\/02\/Tosyada-Sehit-Ufuk-Deniz-Kabri-Basinda-Anildi.jpg\" \/>\n\t<meta property=\"og:image:width\" content=\"900\" \/>\n\t<meta property=\"og:image:height\" content=\"500\" \/>\n\t<meta property=\"og:image:type\" content=\"image\/jpeg\" \/>\n<meta name=\"author\" content=\"admin\" \/>\n<meta name=\"twitter:card\" content=\"summary_large_image\" \/>\n<meta name=\"twitter:label1\" content=\"Yazan:\" \/>\n\t<meta name=\"twitter:data1\" content=\"admin\" \/>\n\t<meta name=\"twitter:label2\" content=\"Tahmini okuma s\u00fcresi\" \/>\n\t<meta name=\"twitter:data2\" content=\"2 dakika\" \/>\n<script type=\"application\/ld+json\" class=\"yoast-schema-graph\">{\"@context\":\"https:\\\/\\\/schema.org\",\"@graph\":[{\"@type\":\"Article\",\"@id\":\"https:\\\/\\\/tosyagazetesi.com\\\/index.php\\\/2025\\\/02\\\/05\\\/tosyada-sehit-ufuk-deniz-kabri-basinda-anildi\\\/#article\",\"isPartOf\":{\"@id\":\"https:\\\/\\\/tosyagazetesi.com\\\/index.php\\\/2025\\\/02\\\/05\\\/tosyada-sehit-ufuk-deniz-kabri-basinda-anildi\\\/\"},\"author\":{\"name\":\"admin\",\"@id\":\"https:\\\/\\\/tosyagazetesi.com\\\/#\\\/schema\\\/person\\\/9a1b0f7e1b008c6cede8cdbd5500a206\"},\"headline\":\"Tosya\u2019da \u015eehit Ufuk Deniz Kabri Ba\u015f\u0131nda An\u0131ld\u0131.\",\"datePublished\":\"2025-02-05T13:46:41+00:00\",\"dateModified\":\"2025-02-05T13:47:52+00:00\",\"mainEntityOfPage\":{\"@id\":\"https:\\\/\\\/tosyagazetesi.com\\\/index.php\\\/2025\\\/02\\\/05\\\/tosyada-sehit-ufuk-deniz-kabri-basinda-anildi\\\/\"},\"wordCount\":167,\"commentCount\":0,\"image\":{\"@id\":\"https:\\\/\\\/tosyagazetesi.com\\\/index.php\\\/2025\\\/02\\\/05\\\/tosyada-sehit-ufuk-deniz-kabri-basinda-anildi\\\/#primaryimage\"},\"thumbnailUrl\":\"https:\\\/\\\/tosyagazetesi.com\\\/wp-content\\\/uploads\\\/2025\\\/02\\\/Tosyada-Sehit-Ufuk-Deniz-Kabri-Basinda-Anildi.jpg\",\"keywords\":[\"Tosya\u2019da \u015eehit Ufuk Deniz Kabri Ba\u015f\u0131nda An\u0131ld\u0131.\"],\"articleSection\":[\"Tosya Gazetesi\"],\"inLanguage\":\"tr\",\"potentialAction\":[{\"@type\":\"CommentAction\",\"name\":\"Comment\",\"target\":[\"https:\\\/\\\/tosyagazetesi.com\\\/index.php\\\/2025\\\/02\\\/05\\\/tosyada-sehit-ufuk-deniz-kabri-basinda-anildi\\\/#respond\"]}]},{\"@type\":\"WebPage\",\"@id\":\"https:\\\/\\\/tosyagazetesi.com\\\/index.php\\\/2025\\\/02\\\/05\\\/tosyada-sehit-ufuk-deniz-kabri-basinda-anildi\\\/\",\"url\":\"https:\\\/\\\/tosyagazetesi.com\\\/index.php\\\/2025\\\/02\\\/05\\\/tosyada-sehit-ufuk-deniz-kabri-basinda-anildi\\\/\",\"name\":\"Tosya\u2019da \u015eehit Ufuk Deniz Kabri Ba\u015f\u0131nda An\u0131ld\u0131. -\",\"isPartOf\":{\"@id\":\"https:\\\/\\\/tosyagazetesi.com\\\/#website\"},\"primaryImageOfPage\":{\"@id\":\"https:\\\/\\\/tosyagazetesi.com\\\/index.php\\\/2025\\\/02\\\/05\\\/tosyada-sehit-ufuk-deniz-kabri-basinda-anildi\\\/#primaryimage\"},\"image\":{\"@id\":\"https:\\\/\\\/tosyagazetesi.com\\\/index.php\\\/2025\\\/02\\\/05\\\/tosyada-sehit-ufuk-deniz-kabri-basinda-anildi\\\/#primaryimage\"},\"thumbnailUrl\":\"https:\\\/\\\/tosyagazetesi.com\\\/wp-content\\\/uploads\\\/2025\\\/02\\\/Tosyada-Sehit-Ufuk-Deniz-Kabri-Basinda-Anildi.jpg\",\"datePublished\":\"2025-02-05T13:46:41+00:00\",\"dateModified\":\"2025-02-05T13:47:52+00:00\",\"author\":{\"@id\":\"https:\\\/\\\/tosyagazetesi.com\\\/#\\\/schema\\\/person\\\/9a1b0f7e1b008c6cede8cdbd5500a206\"},\"breadcrumb\":{\"@id\":\"https:\\\/\\\/tosyagazetesi.com\\\/index.php\\\/2025\\\/02\\\/05\\\/tosyada-sehit-ufuk-deniz-kabri-basinda-anildi\\\/#breadcrumb\"},\"inLanguage\":\"tr\",\"potentialAction\":[{\"@type\":\"ReadAction\",\"target\":[\"https:\\\/\\\/tosyagazetesi.com\\\/index.php\\\/2025\\\/02\\\/05\\\/tosyada-sehit-ufuk-deniz-kabri-basinda-anildi\\\/\"]}]},{\"@type\":\"ImageObject\",\"inLanguage\":\"tr\",\"@id\":\"https:\\\/\\\/tosyagazetesi.com\\\/index.php\\\/2025\\\/02\\\/05\\\/tosyada-sehit-ufuk-deniz-kabri-basinda-anildi\\\/#primaryimage\",\"url\":\"https:\\\/\\\/tosyagazetesi.com\\\/wp-content\\\/uploads\\\/2025\\\/02\\\/Tosyada-Sehit-Ufuk-Deniz-Kabri-Basinda-Anildi.jpg\",\"contentUrl\":\"https:\\\/\\\/tosyagazetesi.com\\\/wp-content\\\/uploads\\\/2025\\\/02\\\/Tosyada-Sehit-Ufuk-Deniz-Kabri-Basinda-Anildi.jpg\",\"width\":900,\"height\":500},{\"@type\":\"BreadcrumbList\",\"@id\":\"https:\\\/\\\/tosyagazetesi.com\\\/index.php\\\/2025\\\/02\\\/05\\\/tosyada-sehit-ufuk-deniz-kabri-basinda-anildi\\\/#breadcrumb\",\"itemListElement\":[{\"@type\":\"ListItem\",\"position\":1,\"name\":\"Anasayfa\",\"item\":\"https:\\\/\\\/tosyagazetesi.com\\\/\"},{\"@type\":\"ListItem\",\"position\":2,\"name\":\"Tosya\u2019da \u015eehit Ufuk Deniz Kabri Ba\u015f\u0131nda An\u0131ld\u0131.\"}]},{\"@type\":\"WebSite\",\"@id\":\"https:\\\/\\\/tosyagazetesi.com\\\/#website\",\"url\":\"https:\\\/\\\/tosyagazetesi.com\\\/\",\"name\":\"\",\"description\":\"\",\"potentialAction\":[{\"@type\":\"SearchAction\",\"target\":{\"@type\":\"EntryPoint\",\"urlTemplate\":\"https:\\\/\\\/tosyagazetesi.com\\\/?s={search_term_string}\"},\"query-input\":{\"@type\":\"PropertyValueSpecification\",\"valueRequired\":true,\"valueName\":\"search_term_string\"}}],\"inLanguage\":\"tr\"},{\"@type\":\"Person\",\"@id\":\"https:\\\/\\\/tosyagazetesi.com\\\/#\\\/schema\\\/person\\\/9a1b0f7e1b008c6cede8cdbd5500a206\",\"name\":\"admin\",\"image\":{\"@type\":\"ImageObject\",\"inLanguage\":\"tr\",\"@id\":\"https:\\\/\\\/secure.gravatar.com\\\/avatar\\\/a3b9c4457143f713b454772cdba280ff47106c991ba15f91e94e0aabe3c83824?s=96&d=mm&r=g\",\"url\":\"https:\\\/\\\/secure.gravatar.com\\\/avatar\\\/a3b9c4457143f713b454772cdba280ff47106c991ba15f91e94e0aabe3c83824?s=96&d=mm&r=g\",\"contentUrl\":\"https:\\\/\\\/secure.gravatar.com\\\/avatar\\\/a3b9c4457143f713b454772cdba280ff47106c991ba15f91e94e0aabe3c83824?s=96&d=mm&r=g\",\"caption\":\"admin\"},\"sameAs\":[\"https:\\\/\\\/tosyagazetesi.com\"],\"url\":\"https:\\\/\\\/tosyagazetesi.com\\\/index.php\\\/author\\\/admin_mznznzn4\\\/\"}]}<\/script>\n<!-- \/ Yoast SEO plugin. -->","yoast_head_json":{"title":"Tosya\u2019da \u015eehit Ufuk Deniz Kabri Ba\u015f\u0131nda An\u0131ld\u0131. -","robots":{"index":"index","follow":"follow","max-snippet":"max-snippet:-1","max-image-preview":"max-image-preview:large","max-video-preview":"max-video-preview:-1"},"canonical":"https:\/\/tosyagazetesi.com\/index.php\/2025\/02\/05\/tosyada-sehit-ufuk-deniz-kabri-basinda-anildi\/","og_locale":"tr_TR","og_type":"article","og_title":"Tosya\u2019da \u015eehit Ufuk Deniz Kabri Ba\u015f\u0131nda An\u0131ld\u0131. -","og_description":"\u015eehit Jandarma Uzman Onba\u015f\u0131 Ufuk Deniz, Kastamonu&#8217;nun Tosya il\u00e7esindeki kabri ba\u015f\u0131nda an\u0131ld\u0131. Van\u2019da 2020 y\u0131l\u0131nda \u015fehit olan Jandarma Uzman Onba\u015f\u0131 Ufuk Deniz i\u00e7in Tosya Asri Mezarl\u0131\u011f\u0131\u2019nda bulunan \u015fehitlikteki kabri ba\u015f\u0131nda&hellip;","og_url":"https:\/\/tosyagazetesi.com\/index.php\/2025\/02\/05\/tosyada-sehit-ufuk-deniz-kabri-basinda-anildi\/","article_published_time":"2025-02-05T13:46:41+00:00","article_modified_time":"2025-02-05T13:47:52+00:00","og_image":[{"width":900,"height":500,"url":"https:\/\/tosyagazetesi.com\/wp-content\/uploads\/2025\/02\/Tosyada-Sehit-Ufuk-Deniz-Kabri-Basinda-Anildi.jpg","type":"image\/jpeg"}],"author":"admin","twitter_card":"summary_large_image","twitter_misc":{"Yazan:":"admin","Tahmini okuma s\u00fcresi":"2 dakika"},"schema":{"@context":"https:\/\/schema.org","@graph":[{"@type":"Article","@id":"https:\/\/tosyagazetesi.com\/index.php\/2025\/02\/05\/tosyada-sehit-ufuk-deniz-kabri-basinda-anildi\/#article","isPartOf":{"@id":"https:\/\/tosyagazetesi.com\/index.php\/2025\/02\/05\/tosyada-sehit-ufuk-deniz-kabri-basinda-anildi\/"},"author":{"name":"admin","@id":"https:\/\/tosyagazetesi.com\/#\/schema\/person\/9a1b0f7e1b008c6cede8cdbd5500a206"},"headline":"Tosya\u2019da \u015eehit Ufuk Deniz Kabri Ba\u015f\u0131nda An\u0131ld\u0131.","datePublished":"2025-02-05T13:46:41+00:00","dateModified":"2025-02-05T13:47:52+00:00","mainEntityOfPage":{"@id":"https:\/\/tosyagazetesi.com\/index.php\/2025\/02\/05\/tosyada-sehit-ufuk-deniz-kabri-basinda-anildi\/"},"wordCount":167,"commentCount":0,"image":{"@id":"https:\/\/tosyagazetesi.com\/index.php\/2025\/02\/05\/tosyada-sehit-ufuk-deniz-kabri-basinda-anildi\/#primaryimage"},"thumbnailUrl":"https:\/\/tosyagazetesi.com\/wp-content\/uploads\/2025\/02\/Tosyada-Sehit-Ufuk-Deniz-Kabri-Basinda-Anildi.jpg","keywords":["Tosya\u2019da \u015eehit Ufuk Deniz Kabri Ba\u015f\u0131nda An\u0131ld\u0131."],"articleSection":["Tosya Gazetesi"],"inLanguage":"tr","potentialAction":[{"@type":"CommentAction","name":"Comment","target":["https:\/\/tosyagazetesi.com\/index.php\/2025\/02\/05\/tosyada-sehit-ufuk-deniz-kabri-basinda-anildi\/#respond"]}]},{"@type":"WebPage","@id":"https:\/\/tosyagazetesi.com\/index.php\/2025\/02\/05\/tosyada-sehit-ufuk-deniz-kabri-basinda-anildi\/","url":"https:\/\/tosyagazetesi.com\/index.php\/2025\/02\/05\/tosyada-sehit-ufuk-deniz-kabri-basinda-anildi\/","name":"Tosya\u2019da \u015eehit Ufuk Deniz Kabri Ba\u015f\u0131nda An\u0131ld\u0131. -","isPartOf":{"@id":"https:\/\/tosyagazetesi.com\/#website"},"primaryImageOfPage":{"@id":"https:\/\/tosyagazetesi.com\/index.php\/2025\/02\/05\/tosyada-sehit-ufuk-deniz-kabri-basinda-anildi\/#primaryimage"},"image":{"@id":"https:\/\/tosyagazetesi.com\/index.php\/2025\/02\/05\/tosyada-sehit-ufuk-deniz-kabri-basinda-anildi\/#primaryimage"},"thumbnailUrl":"https:\/\/tosyagazetesi.com\/wp-content\/uploads\/2025\/02\/Tosyada-Sehit-Ufuk-Deniz-Kabri-Basinda-Anildi.jpg","datePublished":"2025-02-05T13:46:41+00:00","dateModified":"2025-02-05T13:47:52+00:00","author":{"@id":"https:\/\/tosyagazetesi.com\/#\/schema\/person\/9a1b0f7e1b008c6cede8cdbd5500a206"},"breadcrumb":{"@id":"https:\/\/tosyagazetesi.com\/index.php\/2025\/02\/05\/tosyada-sehit-ufuk-deniz-kabri-basinda-anildi\/#breadcrumb"},"inLanguage":"tr","potentialAction":[{"@type":"ReadAction","target":["https:\/\/tosyagazetesi.com\/index.php\/2025\/02\/05\/tosyada-sehit-ufuk-deniz-kabri-basinda-anildi\/"]}]},{"@type":"ImageObject","inLanguage":"tr","@id":"https:\/\/tosyagazetesi.com\/index.php\/2025\/02\/05\/tosyada-sehit-ufuk-deniz-kabri-basinda-anildi\/#primaryimage","url":"https:\/\/tosyagazetesi.com\/wp-content\/uploads\/2025\/02\/Tosyada-Sehit-Ufuk-Deniz-Kabri-Basinda-Anildi.jpg","contentUrl":"https:\/\/tosyagazetesi.com\/wp-content\/uploads\/2025\/02\/Tosyada-Sehit-Ufuk-Deniz-Kabri-Basinda-Anildi.jpg","width":900,"height":500},{"@type":"BreadcrumbList","@id":"https:\/\/tosyagazetesi.com\/index.php\/2025\/02\/05\/tosyada-sehit-ufuk-deniz-kabri-basinda-anildi\/#breadcrumb","itemListElement":[{"@type":"ListItem","position":1,"name":"Anasayfa","item":"https:\/\/tosyagazetesi.com\/"},{"@type":"ListItem","position":2,"name":"Tosya\u2019da \u015eehit Ufuk Deniz Kabri Ba\u015f\u0131nda An\u0131ld\u0131."}]},{"@type":"WebSite","@id":"https:\/\/tosyagazetesi.com\/#website","url":"https:\/\/tosyagazetesi.com\/","name":"","description":"","potentialAction":[{"@type":"SearchAction","target":{"@type":"EntryPoint","urlTemplate":"https:\/\/tosyagazetesi.com\/?s={search_term_string}"},"query-input":{"@type":"PropertyValueSpecification","valueRequired":true,"valueName":"search_term_string"}}],"inLanguage":"tr"},{"@type":"Person","@id":"https:\/\/tosyagazetesi.com\/#\/schema\/person\/9a1b0f7e1b008c6cede8cdbd5500a206","name":"admin","image":{"@type":"ImageObject","inLanguage":"tr","@id":"https:\/\/secure.gravatar.com\/avatar\/a3b9c4457143f713b454772cdba280ff47106c991ba15f91e94e0aabe3c83824?s=96&d=mm&r=g","url":"https:\/\/secure.gravatar.com\/avatar\/a3b9c4457143f713b454772cdba280ff47106c991ba15f91e94e0aabe3c83824?s=96&d=mm&r=g","contentUrl":"https:\/\/secure.gravatar.com\/avatar\/a3b9c4457143f713b454772cdba280ff47106c991ba15f91e94e0aabe3c83824?s=96&d=mm&r=g","caption":"admin"},"sameAs":["https:\/\/tosyagazetesi.com"],"url":"https:\/\/tosyagazetesi.com\/index.php\/author\/admin_mznznzn4\/"}]}},"views":738,"jetpack_publicize_connections":[],"_links":{"self":[{"href":"https:\/\/tosyagazetesi.com\/index.php\/wp-json\/wp\/v2\/posts\/1434","targetHints":{"allow":["GET"]}}],"collection":[{"href":"https:\/\/tosyagazetesi.com\/index.php\/wp-json\/wp\/v2\/posts"}],"about":[{"href":"https:\/\/tosyagazetesi.com\/index.php\/wp-json\/wp\/v2\/types\/post"}],"author":[{"embeddable":true,"href":"https:\/\/tosyagazetesi.com\/index.php\/wp-json\/wp\/v2\/users\/1"}],"replies":[{"embeddable":true,"href":"https:\/\/tosyagazetesi.com\/index.php\/wp-json\/wp\/v2\/comments?post=1434"}],"version-history":[{"count":2,"href":"https:\/\/tosyagazetesi.com\/index.php\/wp-json\/wp\/v2\/posts\/1434\/revisions"}],"predecessor-version":[{"id":1440,"href":"https:\/\/tosyagazetesi.com\/index.php\/wp-json\/wp\/v2\/posts\/1434\/revisions\/1440"}],"wp:featuredmedia":[{"embeddable":true,"href":"https:\/\/tosyagazetesi.com\/index.php\/wp-json\/wp\/v2\/media\/1435"}],"wp:attachment":[{"href":"https:\/\/tosyagazetesi.com\/index.php\/wp-json\/wp\/v2\/media?parent=1434"}],"wp:term":[{"taxonomy":"category","embeddable":true,"href":"https:\/\/tosyagazetesi.com\/index.php\/wp-json\/wp\/v2\/categories?post=1434"},{"taxonomy":"post_tag","embeddable":true,"href":"https:\/\/tosyagazetesi.com\/index.php\/wp-json\/wp\/v2\/tags?post=1434"}],"curies":[{"name":"wp","href":"https:\/\/api.w.org\/{rel}","templated":true}]}}