{"id":1429,"date":"2025-02-05T05:35:02","date_gmt":"2025-02-05T05:35:02","guid":{"rendered":"https:\/\/tosyagazetesi.com\/?p=1429"},"modified":"2025-02-05T05:35:06","modified_gmt":"2025-02-05T05:35:06","slug":"agd-tosya-temsilciligi-ile-milli-genclik-istanbulda-tarih-ve-maneviyat-yolculugunda","status":"publish","type":"post","link":"https:\/\/tosyagazetesi.com\/index.php\/2025\/02\/05\/agd-tosya-temsilciligi-ile-milli-genclik-istanbulda-tarih-ve-maneviyat-yolculugunda\/","title":{"rendered":"AGD Tosya Temsilcili\u011fi ile Milli Gen\u00e7lik \u0130stanbul\u2019da Tarih ve Maneviyat Yolculu\u011funda!"},"content":{"rendered":"\n<p><\/p>\n\n\n\n<p>Anadolu Gen\u00e7lik Derne\u011fi (AGD) Tosya Temsilcili\u011fi, &#8220;\u00d6nce Ahlak ve Maneviyat&#8221; d\u00fcsturuyla gen\u00e7leri tarih ve medeniyet bilinciyle bulu\u015fturmak amac\u0131yla \u00f6nemli bir organizasyona imza att\u0131. AGD Tosya Temsilcili\u011fi Ba\u015fkan\u0131 Ahmet H\u0131zl\u0131 \u00f6nderli\u011finde d\u00fczenlenen Siyer-i Nebi \u00c7al\u0131\u015fmas\u0131 ve \u0130stanbul Gezisi, gen\u00e7lerin hem Peygamber Efendimiz\u2019in (s.a.v.) hayat\u0131n\u0131 daha iyi anlamalar\u0131n\u0131 hem de Osmanl\u0131\u2019n\u0131n miras\u0131n\u0131 yerinde g\u00f6rmelerini sa\u011flad\u0131.<\/p>\n\n\n\n<p>Bu anlaml\u0131 yolculuk, 21 Ocak\u2019ta k\u0131z \u00f6\u011frenciler, 28 Ocak\u2019ta ise erkek \u00f6\u011frencilerin birer gece konaklamal\u0131&nbsp; milli gen\u00e7lik ruhuyla yola \u00e7\u0131kmas\u0131yla ba\u015flad\u0131. \u0130stanbul\u2019a varan kafile, ilk olarak \u0130slam d\u00fcnyas\u0131n\u0131n en \u00f6nemli sembollerinden biri olan Ayasofya-i Kebir Camii\u2019ne y\u00f6neldi. Sabah namaz\u0131n\u0131n ard\u0131ndan, M\u00fcezzin Kayy\u0131m R\u0131dvan Akba\u015f Hocaefendi ve erkekler i\u00e7in ayr\u0131ca \u015e\u00fckr\u00fc As\u0131leren Hoca, caminin tarih\u00ee ve manevi \u00f6nemini anlatarak gen\u00e7lere unutulmaz bir deneyim ya\u015fatt\u0131lar.<\/p>\n\n\n\n<p>Daha sonra rehber e\u015fli\u011finde ba\u015flayan gezide, Sultanahmet Camii, Panorama 1453 M\u00fczesi, Topkap\u0131 Saray\u0131 ve Fatih Sultan Mehmet Han\u2019\u0131n t\u00fcrbesi ziyaret edildi. Fatih Sultan Mehmet Han\u2019\u0131n kabri ba\u015f\u0131nda yap\u0131lan dualarla, gen\u00e7ler fethin ruhunu ve Osmanl\u0131\u2019n\u0131n inan\u00e7la \u00f6r\u00fclm\u00fc\u015f tarihini bir kez daha derinden hissettiler. G\u00fcn\u00fcn ilerleyen saatlerinde Emin\u00f6n\u00fc\u2019nden tekneyle Bo\u011faz turu yap\u0131larak, \u0130stanbul\u2019un e\u015fsiz g\u00fczellikleri denizden seyredildi. Ak\u015fam namaz\u0131 ise Ey\u00fcpsultan Camii\u2019nde k\u0131l\u0131narak, manevi atmosferin en y\u00fcksek d\u00fczeye ula\u015ft\u0131\u011f\u0131 anlardan biri ya\u015fand\u0131.<\/p>\n\n\n\n<p>Gezinin ikinci g\u00fcn\u00fcnde, \u00c7aml\u0131ca Camii ve M\u00fczesi ziyaret edildi. Osmanl\u0131\u2019n\u0131n tasavvuf gelene\u011finde \u00f6nemli bir yere sahip olan Aziz Mahmud H\u00fcdayi Hazretleri\u2019nin t\u00fcrbesi ziyaret edilerek dualar edildi. Ard\u0131ndan Valide-i Cedid Camii, Mihrimah Sultan Camii ve Ahmediye K\u00fclliyesi gibi Osmanl\u0131\u2019n\u0131n ihti\u015fam\u0131n\u0131 yans\u0131tan yap\u0131lar da gezilerek \u0130stanbul\u2019un medeniyet birikimi gen\u00e7lere aktar\u0131lm\u0131\u015f oldu.<\/p>\n\n\n\n<p>AGD Tosya Temsilcili\u011fi, d\u00fczenledi\u011fi bu anlaml\u0131 geziyle sadece bir tarih ve k\u00fclt\u00fcr turu ger\u00e7ekle\u015ftirmekle kalmay\u0131p, gen\u00e7lerin manevi e\u011fitimlerini desteklemeyi, milli \u015fuur kazanmalar\u0131n\u0131 ve sosyal geli\u015fimlerine katk\u0131 sa\u011flamay\u0131 ama\u00e7lad\u0131. Siyer-i Nebi \u00c7al\u0131\u015fmas\u0131 kapsam\u0131nda yap\u0131lan bu organizasyon, gen\u00e7lerin Peygamber Efendimiz\u2019in (s.a.v.) \u00f6rnek hayat\u0131n\u0131 \u00f6\u011frenmelerine, Osmanl\u0131\u2019n\u0131n kurdu\u011fu b\u00fcy\u00fck medeniyeti yak\u0131ndan tan\u0131malar\u0131na ve \u0130stanbul\u2019un derin manevi dokusunu hissetmelerine vesile oldu.<\/p>\n\n\n\n<p>AGD, bir sivil toplum kurulu\u015fu olarak toplum yarar\u0131na y\u00fcr\u00fctt\u00fc\u011f\u00fc \u00e7al\u0131\u015fmalarla gen\u00e7lerin dinini \u00f6\u011frenmelerine, sorumluluk almalar\u0131na ve sosyal \u00e7al\u0131\u015fmalara kat\u0131lmalar\u0131na b\u00fcy\u00fck \u00f6nem vermektedir. Bu do\u011frultuda, ilkokul, ortaokul, lise ve \u00fcniversite seviyesindeki t\u00fcm gen\u00e7leri AGD \u00e7at\u0131s\u0131 alt\u0131nda bir araya gelmeye, milli ve manevi de\u011ferlerle yeti\u015fen bir gen\u00e7lik hareketine kat\u0131lmaya davet ediyoruz.<\/p>\n\n\n\n<p>Bu anlaml\u0131 \u00e7al\u0131\u015fmada eme\u011fi ge\u00e7en AGD Tosya Temsilcili\u011fi Ba\u015fkan\u0131m\u0131z Ahmet H\u0131zl\u0131\u2019ya, organizasyonda g\u00f6rev alan t\u00fcm yetkililere, rehberlere ve destek veren k\u0131ymetli hay\u0131r sahiplerine te\u015fekk\u00fcr ediyor, AGD olarak gen\u00e7lerimiz i\u00e7in hay\u0131rl\u0131 \u00e7al\u0131\u015fmalar yapmaya devam edece\u011fimizi ifade ediyoruz.<\/p>\n\n\n\n<figure class=\"wp-block-gallery has-nested-images columns-1 is-cropped wp-block-gallery-1 is-layout-flex wp-block-gallery-is-layout-flex\">\n<figure class=\"wp-block-image size-large\"><img loading=\"lazy\" decoding=\"async\" width=\"929\" height=\"698\" data-id=\"1432\" src=\"https:\/\/tosyagazetesi.com\/wp-content\/uploads\/2025\/02\/xfc.jpg\" alt=\"\" class=\"wp-image-1432\" srcset=\"https:\/\/tosyagazetesi.com\/wp-content\/uploads\/2025\/02\/xfc.jpg 929w, https:\/\/tosyagazetesi.com\/wp-content\/uploads\/2025\/02\/xfc-300x225.jpg 300w, https:\/\/tosyagazetesi.com\/wp-content\/uploads\/2025\/02\/xfc-768x577.jpg 768w\" sizes=\"auto, (max-width: 929px) 100vw, 929px\" \/><\/figure>\n\n\n\n<figure class=\"wp-block-image size-large\"><img loading=\"lazy\" decoding=\"async\" width=\"1024\" height=\"906\" data-id=\"1431\" src=\"https:\/\/tosyagazetesi.com\/wp-content\/uploads\/2025\/02\/dfgfdg-1024x906.jpg\" alt=\"\" class=\"wp-image-1431\" srcset=\"https:\/\/tosyagazetesi.com\/wp-content\/uploads\/2025\/02\/dfgfdg-1024x906.jpg 1024w, https:\/\/tosyagazetesi.com\/wp-content\/uploads\/2025\/02\/dfgfdg-300x265.jpg 300w, https:\/\/tosyagazetesi.com\/wp-content\/uploads\/2025\/02\/dfgfdg-768x679.jpg 768w, https:\/\/tosyagazetesi.com\/wp-content\/uploads\/2025\/02\/dfgfdg.jpg 1049w\" sizes=\"auto, (max-width: 1024px) 100vw, 1024px\" \/><\/figure>\n<\/figure>\n","protected":false},"excerpt":{"rendered":"<p>Anadolu Gen\u00e7lik Derne\u011fi (AGD) Tosya Temsilcili\u011fi, &#8220;\u00d6nce Ahlak ve Maneviyat&#8221; d\u00fcsturuyla gen\u00e7leri tarih ve medeniyet bilinciyle bulu\u015fturmak amac\u0131yla \u00f6nemli bir organizasyona imza att\u0131. AGD Tosya Temsilcili\u011fi Ba\u015fkan\u0131 Ahmet H\u0131zl\u0131 \u00f6nderli\u011finde&hellip; <\/p>\n","protected":false},"author":1,"featured_media":1430,"comment_status":"open","ping_status":"open","sticky":false,"template":"","format":"standard","meta":{"_joinchat":[],"footnotes":"","jetpack_publicize_message":"","jetpack_publicize_feature_enabled":true,"jetpack_social_post_already_shared":false,"jetpack_social_options":{"image_generator_settings":{"template":"highway","default_image_id":0,"font":"","enabled":false},"version":2}},"categories":[3],"tags":[246],"class_list":["post-1429","post","type-post","status-publish","format-standard","has-post-thumbnail","hentry","category-tosya-gazetesi","tag-agd-tosya-temsilciligi-ile-milli-genclik-istanbulda-tarih-ve-maneviyat-yolculugunda"],"yoast_head":"<!-- This site is optimized with the Yoast SEO plugin v27.4 - https:\/\/yoast.com\/product\/yoast-seo-wordpress\/ -->\n<title>AGD Tosya Temsilcili\u011fi ile Milli Gen\u00e7lik \u0130stanbul\u2019da Tarih ve Maneviyat Yolculu\u011funda! -<\/title>\n<meta name=\"robots\" content=\"index, follow, max-snippet:-1, max-image-preview:large, max-video-preview:-1\" \/>\n<link rel=\"canonical\" href=\"https:\/\/tosyagazetesi.com\/index.php\/2025\/02\/05\/agd-tosya-temsilciligi-ile-milli-genclik-istanbulda-tarih-ve-maneviyat-yolculugunda\/\" \/>\n<meta property=\"og:locale\" content=\"tr_TR\" \/>\n<meta property=\"og:type\" content=\"article\" \/>\n<meta property=\"og:title\" content=\"AGD Tosya Temsilcili\u011fi ile Milli Gen\u00e7lik \u0130stanbul\u2019da Tarih ve Maneviyat Yolculu\u011funda! -\" \/>\n<meta property=\"og:description\" content=\"Anadolu Gen\u00e7lik Derne\u011fi (AGD) Tosya Temsilcili\u011fi, &#8220;\u00d6nce Ahlak ve Maneviyat&#8221; d\u00fcsturuyla gen\u00e7leri tarih ve medeniyet bilinciyle bulu\u015fturmak amac\u0131yla \u00f6nemli bir organizasyona imza att\u0131. AGD Tosya Temsilcili\u011fi Ba\u015fkan\u0131 Ahmet H\u0131zl\u0131 \u00f6nderli\u011finde&hellip;\" \/>\n<meta property=\"og:url\" content=\"https:\/\/tosyagazetesi.com\/index.php\/2025\/02\/05\/agd-tosya-temsilciligi-ile-milli-genclik-istanbulda-tarih-ve-maneviyat-yolculugunda\/\" \/>\n<meta property=\"article:published_time\" content=\"2025-02-05T05:35:02+00:00\" \/>\n<meta property=\"article:modified_time\" content=\"2025-02-05T05:35:06+00:00\" \/>\n<meta property=\"og:image\" content=\"https:\/\/tosyagazetesi.com\/wp-content\/uploads\/2025\/02\/AGD-Tosya-Temsilciligi-ile-Milli-Genclik-Istanbulda-Tarih-ve-Maneviyat-Yolculugunda.jpg\" \/>\n\t<meta property=\"og:image:width\" content=\"900\" \/>\n\t<meta property=\"og:image:height\" content=\"500\" \/>\n\t<meta property=\"og:image:type\" content=\"image\/jpeg\" \/>\n<meta name=\"author\" content=\"admin\" \/>\n<meta name=\"twitter:card\" content=\"summary_large_image\" \/>\n<meta name=\"twitter:label1\" content=\"Yazan:\" \/>\n\t<meta name=\"twitter:data1\" content=\"admin\" \/>\n\t<meta name=\"twitter:label2\" content=\"Tahmini okuma s\u00fcresi\" \/>\n\t<meta name=\"twitter:data2\" content=\"3 dakika\" \/>\n<script type=\"application\/ld+json\" class=\"yoast-schema-graph\">{\"@context\":\"https:\\\/\\\/schema.org\",\"@graph\":[{\"@type\":\"Article\",\"@id\":\"https:\\\/\\\/tosyagazetesi.com\\\/index.php\\\/2025\\\/02\\\/05\\\/agd-tosya-temsilciligi-ile-milli-genclik-istanbulda-tarih-ve-maneviyat-yolculugunda\\\/#article\",\"isPartOf\":{\"@id\":\"https:\\\/\\\/tosyagazetesi.com\\\/index.php\\\/2025\\\/02\\\/05\\\/agd-tosya-temsilciligi-ile-milli-genclik-istanbulda-tarih-ve-maneviyat-yolculugunda\\\/\"},\"author\":{\"name\":\"admin\",\"@id\":\"https:\\\/\\\/tosyagazetesi.com\\\/#\\\/schema\\\/person\\\/9a1b0f7e1b008c6cede8cdbd5500a206\"},\"headline\":\"AGD Tosya Temsilcili\u011fi ile Milli Gen\u00e7lik \u0130stanbul\u2019da Tarih ve Maneviyat Yolculu\u011funda!\",\"datePublished\":\"2025-02-05T05:35:02+00:00\",\"dateModified\":\"2025-02-05T05:35:06+00:00\",\"mainEntityOfPage\":{\"@id\":\"https:\\\/\\\/tosyagazetesi.com\\\/index.php\\\/2025\\\/02\\\/05\\\/agd-tosya-temsilciligi-ile-milli-genclik-istanbulda-tarih-ve-maneviyat-yolculugunda\\\/\"},\"wordCount\":562,\"commentCount\":0,\"image\":{\"@id\":\"https:\\\/\\\/tosyagazetesi.com\\\/index.php\\\/2025\\\/02\\\/05\\\/agd-tosya-temsilciligi-ile-milli-genclik-istanbulda-tarih-ve-maneviyat-yolculugunda\\\/#primaryimage\"},\"thumbnailUrl\":\"https:\\\/\\\/tosyagazetesi.com\\\/wp-content\\\/uploads\\\/2025\\\/02\\\/AGD-Tosya-Temsilciligi-ile-Milli-Genclik-Istanbulda-Tarih-ve-Maneviyat-Yolculugunda.jpg\",\"keywords\":[\"AGD Tosya Temsilcili\u011fi ile Milli Gen\u00e7lik \u0130stanbul\u2019da Tarih ve Maneviyat Yolculu\u011funda!\"],\"articleSection\":[\"Tosya Gazetesi\"],\"inLanguage\":\"tr\",\"potentialAction\":[{\"@type\":\"CommentAction\",\"name\":\"Comment\",\"target\":[\"https:\\\/\\\/tosyagazetesi.com\\\/index.php\\\/2025\\\/02\\\/05\\\/agd-tosya-temsilciligi-ile-milli-genclik-istanbulda-tarih-ve-maneviyat-yolculugunda\\\/#respond\"]}]},{\"@type\":\"WebPage\",\"@id\":\"https:\\\/\\\/tosyagazetesi.com\\\/index.php\\\/2025\\\/02\\\/05\\\/agd-tosya-temsilciligi-ile-milli-genclik-istanbulda-tarih-ve-maneviyat-yolculugunda\\\/\",\"url\":\"https:\\\/\\\/tosyagazetesi.com\\\/index.php\\\/2025\\\/02\\\/05\\\/agd-tosya-temsilciligi-ile-milli-genclik-istanbulda-tarih-ve-maneviyat-yolculugunda\\\/\",\"name\":\"AGD Tosya Temsilcili\u011fi ile Milli Gen\u00e7lik \u0130stanbul\u2019da Tarih ve Maneviyat Yolculu\u011funda! -\",\"isPartOf\":{\"@id\":\"https:\\\/\\\/tosyagazetesi.com\\\/#website\"},\"primaryImageOfPage\":{\"@id\":\"https:\\\/\\\/tosyagazetesi.com\\\/index.php\\\/2025\\\/02\\\/05\\\/agd-tosya-temsilciligi-ile-milli-genclik-istanbulda-tarih-ve-maneviyat-yolculugunda\\\/#primaryimage\"},\"image\":{\"@id\":\"https:\\\/\\\/tosyagazetesi.com\\\/index.php\\\/2025\\\/02\\\/05\\\/agd-tosya-temsilciligi-ile-milli-genclik-istanbulda-tarih-ve-maneviyat-yolculugunda\\\/#primaryimage\"},\"thumbnailUrl\":\"https:\\\/\\\/tosyagazetesi.com\\\/wp-content\\\/uploads\\\/2025\\\/02\\\/AGD-Tosya-Temsilciligi-ile-Milli-Genclik-Istanbulda-Tarih-ve-Maneviyat-Yolculugunda.jpg\",\"datePublished\":\"2025-02-05T05:35:02+00:00\",\"dateModified\":\"2025-02-05T05:35:06+00:00\",\"author\":{\"@id\":\"https:\\\/\\\/tosyagazetesi.com\\\/#\\\/schema\\\/person\\\/9a1b0f7e1b008c6cede8cdbd5500a206\"},\"breadcrumb\":{\"@id\":\"https:\\\/\\\/tosyagazetesi.com\\\/index.php\\\/2025\\\/02\\\/05\\\/agd-tosya-temsilciligi-ile-milli-genclik-istanbulda-tarih-ve-maneviyat-yolculugunda\\\/#breadcrumb\"},\"inLanguage\":\"tr\",\"potentialAction\":[{\"@type\":\"ReadAction\",\"target\":[\"https:\\\/\\\/tosyagazetesi.com\\\/index.php\\\/2025\\\/02\\\/05\\\/agd-tosya-temsilciligi-ile-milli-genclik-istanbulda-tarih-ve-maneviyat-yolculugunda\\\/\"]}]},{\"@type\":\"ImageObject\",\"inLanguage\":\"tr\",\"@id\":\"https:\\\/\\\/tosyagazetesi.com\\\/index.php\\\/2025\\\/02\\\/05\\\/agd-tosya-temsilciligi-ile-milli-genclik-istanbulda-tarih-ve-maneviyat-yolculugunda\\\/#primaryimage\",\"url\":\"https:\\\/\\\/tosyagazetesi.com\\\/wp-content\\\/uploads\\\/2025\\\/02\\\/AGD-Tosya-Temsilciligi-ile-Milli-Genclik-Istanbulda-Tarih-ve-Maneviyat-Yolculugunda.jpg\",\"contentUrl\":\"https:\\\/\\\/tosyagazetesi.com\\\/wp-content\\\/uploads\\\/2025\\\/02\\\/AGD-Tosya-Temsilciligi-ile-Milli-Genclik-Istanbulda-Tarih-ve-Maneviyat-Yolculugunda.jpg\",\"width\":900,\"height\":500},{\"@type\":\"BreadcrumbList\",\"@id\":\"https:\\\/\\\/tosyagazetesi.com\\\/index.php\\\/2025\\\/02\\\/05\\\/agd-tosya-temsilciligi-ile-milli-genclik-istanbulda-tarih-ve-maneviyat-yolculugunda\\\/#breadcrumb\",\"itemListElement\":[{\"@type\":\"ListItem\",\"position\":1,\"name\":\"Anasayfa\",\"item\":\"https:\\\/\\\/tosyagazetesi.com\\\/\"},{\"@type\":\"ListItem\",\"position\":2,\"name\":\"AGD Tosya Temsilcili\u011fi ile Milli Gen\u00e7lik \u0130stanbul\u2019da Tarih ve Maneviyat Yolculu\u011funda!\"}]},{\"@type\":\"WebSite\",\"@id\":\"https:\\\/\\\/tosyagazetesi.com\\\/#website\",\"url\":\"https:\\\/\\\/tosyagazetesi.com\\\/\",\"name\":\"\",\"description\":\"\",\"potentialAction\":[{\"@type\":\"SearchAction\",\"target\":{\"@type\":\"EntryPoint\",\"urlTemplate\":\"https:\\\/\\\/tosyagazetesi.com\\\/?s={search_term_string}\"},\"query-input\":{\"@type\":\"PropertyValueSpecification\",\"valueRequired\":true,\"valueName\":\"search_term_string\"}}],\"inLanguage\":\"tr\"},{\"@type\":\"Person\",\"@id\":\"https:\\\/\\\/tosyagazetesi.com\\\/#\\\/schema\\\/person\\\/9a1b0f7e1b008c6cede8cdbd5500a206\",\"name\":\"admin\",\"image\":{\"@type\":\"ImageObject\",\"inLanguage\":\"tr\",\"@id\":\"https:\\\/\\\/secure.gravatar.com\\\/avatar\\\/a3b9c4457143f713b454772cdba280ff47106c991ba15f91e94e0aabe3c83824?s=96&d=mm&r=g\",\"url\":\"https:\\\/\\\/secure.gravatar.com\\\/avatar\\\/a3b9c4457143f713b454772cdba280ff47106c991ba15f91e94e0aabe3c83824?s=96&d=mm&r=g\",\"contentUrl\":\"https:\\\/\\\/secure.gravatar.com\\\/avatar\\\/a3b9c4457143f713b454772cdba280ff47106c991ba15f91e94e0aabe3c83824?s=96&d=mm&r=g\",\"caption\":\"admin\"},\"sameAs\":[\"https:\\\/\\\/tosyagazetesi.com\"],\"url\":\"https:\\\/\\\/tosyagazetesi.com\\\/index.php\\\/author\\\/admin_mznznzn4\\\/\"}]}<\/script>\n<!-- \/ Yoast SEO plugin. -->","yoast_head_json":{"title":"AGD Tosya Temsilcili\u011fi ile Milli Gen\u00e7lik \u0130stanbul\u2019da Tarih ve Maneviyat Yolculu\u011funda! -","robots":{"index":"index","follow":"follow","max-snippet":"max-snippet:-1","max-image-preview":"max-image-preview:large","max-video-preview":"max-video-preview:-1"},"canonical":"https:\/\/tosyagazetesi.com\/index.php\/2025\/02\/05\/agd-tosya-temsilciligi-ile-milli-genclik-istanbulda-tarih-ve-maneviyat-yolculugunda\/","og_locale":"tr_TR","og_type":"article","og_title":"AGD Tosya Temsilcili\u011fi ile Milli Gen\u00e7lik \u0130stanbul\u2019da Tarih ve Maneviyat Yolculu\u011funda! -","og_description":"Anadolu Gen\u00e7lik Derne\u011fi (AGD) Tosya Temsilcili\u011fi, &#8220;\u00d6nce Ahlak ve Maneviyat&#8221; d\u00fcsturuyla gen\u00e7leri tarih ve medeniyet bilinciyle bulu\u015fturmak amac\u0131yla \u00f6nemli bir organizasyona imza att\u0131. AGD Tosya Temsilcili\u011fi Ba\u015fkan\u0131 Ahmet H\u0131zl\u0131 \u00f6nderli\u011finde&hellip;","og_url":"https:\/\/tosyagazetesi.com\/index.php\/2025\/02\/05\/agd-tosya-temsilciligi-ile-milli-genclik-istanbulda-tarih-ve-maneviyat-yolculugunda\/","article_published_time":"2025-02-05T05:35:02+00:00","article_modified_time":"2025-02-05T05:35:06+00:00","og_image":[{"width":900,"height":500,"url":"https:\/\/tosyagazetesi.com\/wp-content\/uploads\/2025\/02\/AGD-Tosya-Temsilciligi-ile-Milli-Genclik-Istanbulda-Tarih-ve-Maneviyat-Yolculugunda.jpg","type":"image\/jpeg"}],"author":"admin","twitter_card":"summary_large_image","twitter_misc":{"Yazan:":"admin","Tahmini okuma s\u00fcresi":"3 dakika"},"schema":{"@context":"https:\/\/schema.org","@graph":[{"@type":"Article","@id":"https:\/\/tosyagazetesi.com\/index.php\/2025\/02\/05\/agd-tosya-temsilciligi-ile-milli-genclik-istanbulda-tarih-ve-maneviyat-yolculugunda\/#article","isPartOf":{"@id":"https:\/\/tosyagazetesi.com\/index.php\/2025\/02\/05\/agd-tosya-temsilciligi-ile-milli-genclik-istanbulda-tarih-ve-maneviyat-yolculugunda\/"},"author":{"name":"admin","@id":"https:\/\/tosyagazetesi.com\/#\/schema\/person\/9a1b0f7e1b008c6cede8cdbd5500a206"},"headline":"AGD Tosya Temsilcili\u011fi ile Milli Gen\u00e7lik \u0130stanbul\u2019da Tarih ve Maneviyat Yolculu\u011funda!","datePublished":"2025-02-05T05:35:02+00:00","dateModified":"2025-02-05T05:35:06+00:00","mainEntityOfPage":{"@id":"https:\/\/tosyagazetesi.com\/index.php\/2025\/02\/05\/agd-tosya-temsilciligi-ile-milli-genclik-istanbulda-tarih-ve-maneviyat-yolculugunda\/"},"wordCount":562,"commentCount":0,"image":{"@id":"https:\/\/tosyagazetesi.com\/index.php\/2025\/02\/05\/agd-tosya-temsilciligi-ile-milli-genclik-istanbulda-tarih-ve-maneviyat-yolculugunda\/#primaryimage"},"thumbnailUrl":"https:\/\/tosyagazetesi.com\/wp-content\/uploads\/2025\/02\/AGD-Tosya-Temsilciligi-ile-Milli-Genclik-Istanbulda-Tarih-ve-Maneviyat-Yolculugunda.jpg","keywords":["AGD Tosya Temsilcili\u011fi ile Milli Gen\u00e7lik \u0130stanbul\u2019da Tarih ve Maneviyat Yolculu\u011funda!"],"articleSection":["Tosya Gazetesi"],"inLanguage":"tr","potentialAction":[{"@type":"CommentAction","name":"Comment","target":["https:\/\/tosyagazetesi.com\/index.php\/2025\/02\/05\/agd-tosya-temsilciligi-ile-milli-genclik-istanbulda-tarih-ve-maneviyat-yolculugunda\/#respond"]}]},{"@type":"WebPage","@id":"https:\/\/tosyagazetesi.com\/index.php\/2025\/02\/05\/agd-tosya-temsilciligi-ile-milli-genclik-istanbulda-tarih-ve-maneviyat-yolculugunda\/","url":"https:\/\/tosyagazetesi.com\/index.php\/2025\/02\/05\/agd-tosya-temsilciligi-ile-milli-genclik-istanbulda-tarih-ve-maneviyat-yolculugunda\/","name":"AGD Tosya Temsilcili\u011fi ile Milli Gen\u00e7lik \u0130stanbul\u2019da Tarih ve Maneviyat Yolculu\u011funda! -","isPartOf":{"@id":"https:\/\/tosyagazetesi.com\/#website"},"primaryImageOfPage":{"@id":"https:\/\/tosyagazetesi.com\/index.php\/2025\/02\/05\/agd-tosya-temsilciligi-ile-milli-genclik-istanbulda-tarih-ve-maneviyat-yolculugunda\/#primaryimage"},"image":{"@id":"https:\/\/tosyagazetesi.com\/index.php\/2025\/02\/05\/agd-tosya-temsilciligi-ile-milli-genclik-istanbulda-tarih-ve-maneviyat-yolculugunda\/#primaryimage"},"thumbnailUrl":"https:\/\/tosyagazetesi.com\/wp-content\/uploads\/2025\/02\/AGD-Tosya-Temsilciligi-ile-Milli-Genclik-Istanbulda-Tarih-ve-Maneviyat-Yolculugunda.jpg","datePublished":"2025-02-05T05:35:02+00:00","dateModified":"2025-02-05T05:35:06+00:00","author":{"@id":"https:\/\/tosyagazetesi.com\/#\/schema\/person\/9a1b0f7e1b008c6cede8cdbd5500a206"},"breadcrumb":{"@id":"https:\/\/tosyagazetesi.com\/index.php\/2025\/02\/05\/agd-tosya-temsilciligi-ile-milli-genclik-istanbulda-tarih-ve-maneviyat-yolculugunda\/#breadcrumb"},"inLanguage":"tr","potentialAction":[{"@type":"ReadAction","target":["https:\/\/tosyagazetesi.com\/index.php\/2025\/02\/05\/agd-tosya-temsilciligi-ile-milli-genclik-istanbulda-tarih-ve-maneviyat-yolculugunda\/"]}]},{"@type":"ImageObject","inLanguage":"tr","@id":"https:\/\/tosyagazetesi.com\/index.php\/2025\/02\/05\/agd-tosya-temsilciligi-ile-milli-genclik-istanbulda-tarih-ve-maneviyat-yolculugunda\/#primaryimage","url":"https:\/\/tosyagazetesi.com\/wp-content\/uploads\/2025\/02\/AGD-Tosya-Temsilciligi-ile-Milli-Genclik-Istanbulda-Tarih-ve-Maneviyat-Yolculugunda.jpg","contentUrl":"https:\/\/tosyagazetesi.com\/wp-content\/uploads\/2025\/02\/AGD-Tosya-Temsilciligi-ile-Milli-Genclik-Istanbulda-Tarih-ve-Maneviyat-Yolculugunda.jpg","width":900,"height":500},{"@type":"BreadcrumbList","@id":"https:\/\/tosyagazetesi.com\/index.php\/2025\/02\/05\/agd-tosya-temsilciligi-ile-milli-genclik-istanbulda-tarih-ve-maneviyat-yolculugunda\/#breadcrumb","itemListElement":[{"@type":"ListItem","position":1,"name":"Anasayfa","item":"https:\/\/tosyagazetesi.com\/"},{"@type":"ListItem","position":2,"name":"AGD Tosya Temsilcili\u011fi ile Milli Gen\u00e7lik \u0130stanbul\u2019da Tarih ve Maneviyat Yolculu\u011funda!"}]},{"@type":"WebSite","@id":"https:\/\/tosyagazetesi.com\/#website","url":"https:\/\/tosyagazetesi.com\/","name":"","description":"","potentialAction":[{"@type":"SearchAction","target":{"@type":"EntryPoint","urlTemplate":"https:\/\/tosyagazetesi.com\/?s={search_term_string}"},"query-input":{"@type":"PropertyValueSpecification","valueRequired":true,"valueName":"search_term_string"}}],"inLanguage":"tr"},{"@type":"Person","@id":"https:\/\/tosyagazetesi.com\/#\/schema\/person\/9a1b0f7e1b008c6cede8cdbd5500a206","name":"admin","image":{"@type":"ImageObject","inLanguage":"tr","@id":"https:\/\/secure.gravatar.com\/avatar\/a3b9c4457143f713b454772cdba280ff47106c991ba15f91e94e0aabe3c83824?s=96&d=mm&r=g","url":"https:\/\/secure.gravatar.com\/avatar\/a3b9c4457143f713b454772cdba280ff47106c991ba15f91e94e0aabe3c83824?s=96&d=mm&r=g","contentUrl":"https:\/\/secure.gravatar.com\/avatar\/a3b9c4457143f713b454772cdba280ff47106c991ba15f91e94e0aabe3c83824?s=96&d=mm&r=g","caption":"admin"},"sameAs":["https:\/\/tosyagazetesi.com"],"url":"https:\/\/tosyagazetesi.com\/index.php\/author\/admin_mznznzn4\/"}]}},"views":705,"jetpack_publicize_connections":[],"_links":{"self":[{"href":"https:\/\/tosyagazetesi.com\/index.php\/wp-json\/wp\/v2\/posts\/1429","targetHints":{"allow":["GET"]}}],"collection":[{"href":"https:\/\/tosyagazetesi.com\/index.php\/wp-json\/wp\/v2\/posts"}],"about":[{"href":"https:\/\/tosyagazetesi.com\/index.php\/wp-json\/wp\/v2\/types\/post"}],"author":[{"embeddable":true,"href":"https:\/\/tosyagazetesi.com\/index.php\/wp-json\/wp\/v2\/users\/1"}],"replies":[{"embeddable":true,"href":"https:\/\/tosyagazetesi.com\/index.php\/wp-json\/wp\/v2\/comments?post=1429"}],"version-history":[{"count":1,"href":"https:\/\/tosyagazetesi.com\/index.php\/wp-json\/wp\/v2\/posts\/1429\/revisions"}],"predecessor-version":[{"id":1433,"href":"https:\/\/tosyagazetesi.com\/index.php\/wp-json\/wp\/v2\/posts\/1429\/revisions\/1433"}],"wp:featuredmedia":[{"embeddable":true,"href":"https:\/\/tosyagazetesi.com\/index.php\/wp-json\/wp\/v2\/media\/1430"}],"wp:attachment":[{"href":"https:\/\/tosyagazetesi.com\/index.php\/wp-json\/wp\/v2\/media?parent=1429"}],"wp:term":[{"taxonomy":"category","embeddable":true,"href":"https:\/\/tosyagazetesi.com\/index.php\/wp-json\/wp\/v2\/categories?post=1429"},{"taxonomy":"post_tag","embeddable":true,"href":"https:\/\/tosyagazetesi.com\/index.php\/wp-json\/wp\/v2\/tags?post=1429"}],"curies":[{"name":"wp","href":"https:\/\/api.w.org\/{rel}","templated":true}]}}