{"id":1404,"date":"2025-01-10T13:44:56","date_gmt":"2025-01-10T13:44:56","guid":{"rendered":"https:\/\/tosyagazetesi.com\/?p=1404"},"modified":"2025-01-10T13:44:58","modified_gmt":"2025-01-10T13:44:58","slug":"ak-parti-tosya-ilce-baskan-ve-yonetim-kurulundan-gazeteciler-gunu-ziyareti","status":"publish","type":"post","link":"https:\/\/tosyagazetesi.com\/index.php\/2025\/01\/10\/ak-parti-tosya-ilce-baskan-ve-yonetim-kurulundan-gazeteciler-gunu-ziyareti\/","title":{"rendered":"AK Parti Tosya \u0130l\u00e7e Ba\u015fkan ve Y\u00f6netim Kurulundan Gazeteciler G\u00fcn\u00fc Ziyareti"},"content":{"rendered":"\n<p>AK Parti Tosya \u0130l\u00e7e Ba\u015fkan\u0131 Mustafa Tak\u0131r, y\u00f6netim kurulu \u00fcyeleriyle birlikte 10 Ocak \u00c7al\u0131\u015fan Gazeteciler G\u00fcn\u00fc dolay\u0131s\u0131yla Gazeteci Mehmet Ulusoylar\u2019\u0131&nbsp; ziyaret etti.<\/p>\n\n\n\n<p>Ziyarette konu\u015fan Tak\u0131r, gazetecili\u011fin zorluklarla dolu bir meslek olmas\u0131na ra\u011fmen, bilgi ve ileti\u015fim \u00e7a\u011f\u0131nda toplumlar\u0131n geli\u015fimi ve ilerlemesi i\u00e7in hayati bir \u00f6neme sahip oldu\u011funu s\u00f6yledi.<\/p>\n\n\n\n<p>Gazetecili\u011fin toplumun ayd\u0131nlanmas\u0131nda \u00f6nemli bir rol \u00fcstlendi\u011fini belirten Tak\u0131r, \u015funlar\u0131 kaydetti :<\/p>\n\n\n\n<p>\u201c Bas\u0131n, demokratik toplumlar\u0131n olmazsa olmaz\u0131, milli birli\u011fin sa\u011flanmas\u0131nda hak ve \u00f6zg\u00fcrl\u00fcklerin korunmas\u0131nda \u00f6nemli bir mihenk ta\u015f\u0131d\u0131r. Zaman mefhumu tan\u0131madan b\u00fcy\u00fck bir fedakarl\u0131kla t\u00fcm enerjisini halk\u0131m\u0131z\u0131n do\u011fru haber almas\u0131 i\u00e7in harcayan bas\u0131n emek\u00e7ilerimizin bu gayretleri her t\u00fcrl\u00fc takdirin \u00fczerindedir. \u0130l\u00e7emizde g\u00f6rev yapan de\u011ferli bas\u0131n mensuplar\u0131m\u0131z, hem\u015fehrilerimizi &nbsp;bilgilendirmekte, vatanda\u015flar\u0131m\u0131z ile devlet aras\u0131nda bir k\u00f6pr\u00fc olmakta, Tosya\u2019m\u0131z\u0131n k\u00fclt\u00fcrel, sosyal ve ekonomik geli\u015fiminde \u00f6nemli rol oynamaktad\u0131r. Zor ve me\u015fakkatli mesle\u011fe emek ve g\u00f6n\u00fcl veren t\u00fcm bas\u0131n mensuplar\u0131m\u0131za sa\u011fl\u0131k, mutluluk ve ba\u015far\u0131larla dolu bir meslek ya\u015fam\u0131 diliyor, 10 Ocak \u00c7al\u0131\u015fan Gazeteciler G\u00fcn\u00fc\u2019n\u00fcz\u00fc kutluyorum.\u201d<\/p>\n\n\n\n<p>Gazeteci Mehmet Ulusoylar ise, ziyaretten duydu\u011fu memnuniyeti dile getirerek, \u00e7al\u0131\u015fmalar\u0131 hakk\u0131nda bilgi verdi.<\/p>\n\n\n\n<p>Ziyarette, AK Parti Tosya \u0130l\u00e7e Kad\u0131n Kollar\u0131 Ba\u015fkan\u0131 Sevgi C\u0131nbar, AK Parti Tosya \u0130l\u00e7e Y\u00f6netim Kurulu \u00dcyesi Burak Se\u00e7kin, AK Parti Tosya \u0130l\u00e7e Y\u00f6netim Kurulu \u00dcyesi Sezen \u0130mren ve&nbsp; AK Parti Tosya \u0130l\u00e7e Y\u00f6netim Kurulu \u00dcyesi Hatice Sivasl\u0131 da yer ald\u0131.<\/p>\n\n\n\n<figure class=\"wp-block-image size-full\"><img loading=\"lazy\" decoding=\"async\" width=\"900\" height=\"500\" src=\"https:\/\/tosyagazetesi.com\/wp-content\/uploads\/2025\/01\/AK-Parti-Tosya-Ilce-Baskan-ve-Yonetim-Kurulundan-Gazeteciler-Gunu-Ziyareti.jpeg\" alt=\"\" class=\"wp-image-1405\" srcset=\"https:\/\/tosyagazetesi.com\/wp-content\/uploads\/2025\/01\/AK-Parti-Tosya-Ilce-Baskan-ve-Yonetim-Kurulundan-Gazeteciler-Gunu-Ziyareti.jpeg 900w, https:\/\/tosyagazetesi.com\/wp-content\/uploads\/2025\/01\/AK-Parti-Tosya-Ilce-Baskan-ve-Yonetim-Kurulundan-Gazeteciler-Gunu-Ziyareti-300x167.jpeg 300w, https:\/\/tosyagazetesi.com\/wp-content\/uploads\/2025\/01\/AK-Parti-Tosya-Ilce-Baskan-ve-Yonetim-Kurulundan-Gazeteciler-Gunu-Ziyareti-768x427.jpeg 768w\" sizes=\"auto, (max-width: 900px) 100vw, 900px\" \/><\/figure>\n","protected":false},"excerpt":{"rendered":"<p>AK Parti Tosya \u0130l\u00e7e Ba\u015fkan\u0131 Mustafa Tak\u0131r, y\u00f6netim kurulu \u00fcyeleriyle birlikte 10 Ocak \u00c7al\u0131\u015fan Gazeteciler G\u00fcn\u00fc dolay\u0131s\u0131yla Gazeteci Mehmet Ulusoylar\u2019\u0131&nbsp; ziyaret etti. Ziyarette konu\u015fan Tak\u0131r, gazetecili\u011fin zorluklarla dolu bir meslek&hellip; <\/p>\n","protected":false},"author":1,"featured_media":1405,"comment_status":"open","ping_status":"open","sticky":false,"template":"","format":"standard","meta":{"_joinchat":[],"footnotes":"","jetpack_publicize_message":"","jetpack_publicize_feature_enabled":true,"jetpack_social_post_already_shared":false,"jetpack_social_options":{"image_generator_settings":{"template":"highway","default_image_id":0,"font":"","enabled":false},"version":2}},"categories":[3],"tags":[241],"class_list":["post-1404","post","type-post","status-publish","format-standard","has-post-thumbnail","hentry","category-tosya-gazetesi","tag-ak-parti-tosya-ilce-baskan-ve-yonetim-kurulundan-gazeteciler-gunu-ziyareti"],"yoast_head":"<!-- This site is optimized with the Yoast SEO plugin v27.5 - https:\/\/yoast.com\/product\/yoast-seo-wordpress\/ -->\n<title>AK Parti Tosya \u0130l\u00e7e Ba\u015fkan ve Y\u00f6netim Kurulundan Gazeteciler G\u00fcn\u00fc Ziyareti -<\/title>\n<meta name=\"robots\" content=\"index, follow, max-snippet:-1, max-image-preview:large, max-video-preview:-1\" \/>\n<link rel=\"canonical\" href=\"https:\/\/tosyagazetesi.com\/index.php\/2025\/01\/10\/ak-parti-tosya-ilce-baskan-ve-yonetim-kurulundan-gazeteciler-gunu-ziyareti\/\" \/>\n<meta property=\"og:locale\" content=\"tr_TR\" \/>\n<meta property=\"og:type\" content=\"article\" \/>\n<meta property=\"og:title\" content=\"AK Parti Tosya \u0130l\u00e7e Ba\u015fkan ve Y\u00f6netim Kurulundan Gazeteciler G\u00fcn\u00fc Ziyareti -\" \/>\n<meta property=\"og:description\" content=\"AK Parti Tosya \u0130l\u00e7e Ba\u015fkan\u0131 Mustafa Tak\u0131r, y\u00f6netim kurulu \u00fcyeleriyle birlikte 10 Ocak \u00c7al\u0131\u015fan Gazeteciler G\u00fcn\u00fc dolay\u0131s\u0131yla Gazeteci Mehmet Ulusoylar\u2019\u0131&nbsp; ziyaret etti. Ziyarette konu\u015fan Tak\u0131r, gazetecili\u011fin zorluklarla dolu bir meslek&hellip;\" \/>\n<meta property=\"og:url\" content=\"https:\/\/tosyagazetesi.com\/index.php\/2025\/01\/10\/ak-parti-tosya-ilce-baskan-ve-yonetim-kurulundan-gazeteciler-gunu-ziyareti\/\" \/>\n<meta property=\"article:published_time\" content=\"2025-01-10T13:44:56+00:00\" \/>\n<meta property=\"article:modified_time\" content=\"2025-01-10T13:44:58+00:00\" \/>\n<meta property=\"og:image\" content=\"https:\/\/tosyagazetesi.com\/wp-content\/uploads\/2025\/01\/AK-Parti-Tosya-Ilce-Baskan-ve-Yonetim-Kurulundan-Gazeteciler-Gunu-Ziyareti.jpeg\" \/>\n\t<meta property=\"og:image:width\" content=\"900\" \/>\n\t<meta property=\"og:image:height\" content=\"500\" \/>\n\t<meta property=\"og:image:type\" content=\"image\/jpeg\" \/>\n<meta name=\"author\" content=\"admin\" \/>\n<meta name=\"twitter:card\" content=\"summary_large_image\" \/>\n<meta name=\"twitter:label1\" content=\"Yazan:\" \/>\n\t<meta name=\"twitter:data1\" content=\"admin\" \/>\n\t<meta name=\"twitter:label2\" content=\"Tahmini okuma s\u00fcresi\" \/>\n\t<meta name=\"twitter:data2\" content=\"2 dakika\" \/>\n<script type=\"application\/ld+json\" class=\"yoast-schema-graph\">{\"@context\":\"https:\\\/\\\/schema.org\",\"@graph\":[{\"@type\":\"Article\",\"@id\":\"https:\\\/\\\/tosyagazetesi.com\\\/index.php\\\/2025\\\/01\\\/10\\\/ak-parti-tosya-ilce-baskan-ve-yonetim-kurulundan-gazeteciler-gunu-ziyareti\\\/#article\",\"isPartOf\":{\"@id\":\"https:\\\/\\\/tosyagazetesi.com\\\/index.php\\\/2025\\\/01\\\/10\\\/ak-parti-tosya-ilce-baskan-ve-yonetim-kurulundan-gazeteciler-gunu-ziyareti\\\/\"},\"author\":{\"name\":\"admin\",\"@id\":\"https:\\\/\\\/tosyagazetesi.com\\\/#\\\/schema\\\/person\\\/9a1b0f7e1b008c6cede8cdbd5500a206\"},\"headline\":\"AK Parti Tosya \u0130l\u00e7e Ba\u015fkan ve Y\u00f6netim Kurulundan Gazeteciler G\u00fcn\u00fc Ziyareti\",\"datePublished\":\"2025-01-10T13:44:56+00:00\",\"dateModified\":\"2025-01-10T13:44:58+00:00\",\"mainEntityOfPage\":{\"@id\":\"https:\\\/\\\/tosyagazetesi.com\\\/index.php\\\/2025\\\/01\\\/10\\\/ak-parti-tosya-ilce-baskan-ve-yonetim-kurulundan-gazeteciler-gunu-ziyareti\\\/\"},\"wordCount\":314,\"commentCount\":0,\"image\":{\"@id\":\"https:\\\/\\\/tosyagazetesi.com\\\/index.php\\\/2025\\\/01\\\/10\\\/ak-parti-tosya-ilce-baskan-ve-yonetim-kurulundan-gazeteciler-gunu-ziyareti\\\/#primaryimage\"},\"thumbnailUrl\":\"https:\\\/\\\/tosyagazetesi.com\\\/wp-content\\\/uploads\\\/2025\\\/01\\\/AK-Parti-Tosya-Ilce-Baskan-ve-Yonetim-Kurulundan-Gazeteciler-Gunu-Ziyareti.jpeg\",\"keywords\":[\"AK Parti Tosya \u0130l\u00e7e Ba\u015fkan ve Y\u00f6netim Kurulundan Gazeteciler G\u00fcn\u00fc Ziyareti\"],\"articleSection\":[\"Tosya Gazetesi\"],\"inLanguage\":\"tr\",\"potentialAction\":[{\"@type\":\"CommentAction\",\"name\":\"Comment\",\"target\":[\"https:\\\/\\\/tosyagazetesi.com\\\/index.php\\\/2025\\\/01\\\/10\\\/ak-parti-tosya-ilce-baskan-ve-yonetim-kurulundan-gazeteciler-gunu-ziyareti\\\/#respond\"]}]},{\"@type\":\"WebPage\",\"@id\":\"https:\\\/\\\/tosyagazetesi.com\\\/index.php\\\/2025\\\/01\\\/10\\\/ak-parti-tosya-ilce-baskan-ve-yonetim-kurulundan-gazeteciler-gunu-ziyareti\\\/\",\"url\":\"https:\\\/\\\/tosyagazetesi.com\\\/index.php\\\/2025\\\/01\\\/10\\\/ak-parti-tosya-ilce-baskan-ve-yonetim-kurulundan-gazeteciler-gunu-ziyareti\\\/\",\"name\":\"AK Parti Tosya \u0130l\u00e7e Ba\u015fkan ve Y\u00f6netim Kurulundan Gazeteciler G\u00fcn\u00fc Ziyareti -\",\"isPartOf\":{\"@id\":\"https:\\\/\\\/tosyagazetesi.com\\\/#website\"},\"primaryImageOfPage\":{\"@id\":\"https:\\\/\\\/tosyagazetesi.com\\\/index.php\\\/2025\\\/01\\\/10\\\/ak-parti-tosya-ilce-baskan-ve-yonetim-kurulundan-gazeteciler-gunu-ziyareti\\\/#primaryimage\"},\"image\":{\"@id\":\"https:\\\/\\\/tosyagazetesi.com\\\/index.php\\\/2025\\\/01\\\/10\\\/ak-parti-tosya-ilce-baskan-ve-yonetim-kurulundan-gazeteciler-gunu-ziyareti\\\/#primaryimage\"},\"thumbnailUrl\":\"https:\\\/\\\/tosyagazetesi.com\\\/wp-content\\\/uploads\\\/2025\\\/01\\\/AK-Parti-Tosya-Ilce-Baskan-ve-Yonetim-Kurulundan-Gazeteciler-Gunu-Ziyareti.jpeg\",\"datePublished\":\"2025-01-10T13:44:56+00:00\",\"dateModified\":\"2025-01-10T13:44:58+00:00\",\"author\":{\"@id\":\"https:\\\/\\\/tosyagazetesi.com\\\/#\\\/schema\\\/person\\\/9a1b0f7e1b008c6cede8cdbd5500a206\"},\"breadcrumb\":{\"@id\":\"https:\\\/\\\/tosyagazetesi.com\\\/index.php\\\/2025\\\/01\\\/10\\\/ak-parti-tosya-ilce-baskan-ve-yonetim-kurulundan-gazeteciler-gunu-ziyareti\\\/#breadcrumb\"},\"inLanguage\":\"tr\",\"potentialAction\":[{\"@type\":\"ReadAction\",\"target\":[\"https:\\\/\\\/tosyagazetesi.com\\\/index.php\\\/2025\\\/01\\\/10\\\/ak-parti-tosya-ilce-baskan-ve-yonetim-kurulundan-gazeteciler-gunu-ziyareti\\\/\"]}]},{\"@type\":\"ImageObject\",\"inLanguage\":\"tr\",\"@id\":\"https:\\\/\\\/tosyagazetesi.com\\\/index.php\\\/2025\\\/01\\\/10\\\/ak-parti-tosya-ilce-baskan-ve-yonetim-kurulundan-gazeteciler-gunu-ziyareti\\\/#primaryimage\",\"url\":\"https:\\\/\\\/tosyagazetesi.com\\\/wp-content\\\/uploads\\\/2025\\\/01\\\/AK-Parti-Tosya-Ilce-Baskan-ve-Yonetim-Kurulundan-Gazeteciler-Gunu-Ziyareti.jpeg\",\"contentUrl\":\"https:\\\/\\\/tosyagazetesi.com\\\/wp-content\\\/uploads\\\/2025\\\/01\\\/AK-Parti-Tosya-Ilce-Baskan-ve-Yonetim-Kurulundan-Gazeteciler-Gunu-Ziyareti.jpeg\",\"width\":900,\"height\":500},{\"@type\":\"BreadcrumbList\",\"@id\":\"https:\\\/\\\/tosyagazetesi.com\\\/index.php\\\/2025\\\/01\\\/10\\\/ak-parti-tosya-ilce-baskan-ve-yonetim-kurulundan-gazeteciler-gunu-ziyareti\\\/#breadcrumb\",\"itemListElement\":[{\"@type\":\"ListItem\",\"position\":1,\"name\":\"Anasayfa\",\"item\":\"https:\\\/\\\/tosyagazetesi.com\\\/\"},{\"@type\":\"ListItem\",\"position\":2,\"name\":\"AK Parti Tosya \u0130l\u00e7e Ba\u015fkan ve Y\u00f6netim Kurulundan Gazeteciler G\u00fcn\u00fc Ziyareti\"}]},{\"@type\":\"WebSite\",\"@id\":\"https:\\\/\\\/tosyagazetesi.com\\\/#website\",\"url\":\"https:\\\/\\\/tosyagazetesi.com\\\/\",\"name\":\"\",\"description\":\"\",\"potentialAction\":[{\"@type\":\"SearchAction\",\"target\":{\"@type\":\"EntryPoint\",\"urlTemplate\":\"https:\\\/\\\/tosyagazetesi.com\\\/?s={search_term_string}\"},\"query-input\":{\"@type\":\"PropertyValueSpecification\",\"valueRequired\":true,\"valueName\":\"search_term_string\"}}],\"inLanguage\":\"tr\"},{\"@type\":\"Person\",\"@id\":\"https:\\\/\\\/tosyagazetesi.com\\\/#\\\/schema\\\/person\\\/9a1b0f7e1b008c6cede8cdbd5500a206\",\"name\":\"admin\",\"image\":{\"@type\":\"ImageObject\",\"inLanguage\":\"tr\",\"@id\":\"https:\\\/\\\/secure.gravatar.com\\\/avatar\\\/a3b9c4457143f713b454772cdba280ff47106c991ba15f91e94e0aabe3c83824?s=96&d=mm&r=g\",\"url\":\"https:\\\/\\\/secure.gravatar.com\\\/avatar\\\/a3b9c4457143f713b454772cdba280ff47106c991ba15f91e94e0aabe3c83824?s=96&d=mm&r=g\",\"contentUrl\":\"https:\\\/\\\/secure.gravatar.com\\\/avatar\\\/a3b9c4457143f713b454772cdba280ff47106c991ba15f91e94e0aabe3c83824?s=96&d=mm&r=g\",\"caption\":\"admin\"},\"sameAs\":[\"https:\\\/\\\/tosyagazetesi.com\"],\"url\":\"https:\\\/\\\/tosyagazetesi.com\\\/index.php\\\/author\\\/admin_mznznzn4\\\/\"}]}<\/script>\n<!-- \/ Yoast SEO plugin. -->","yoast_head_json":{"title":"AK Parti Tosya \u0130l\u00e7e Ba\u015fkan ve Y\u00f6netim Kurulundan Gazeteciler G\u00fcn\u00fc Ziyareti -","robots":{"index":"index","follow":"follow","max-snippet":"max-snippet:-1","max-image-preview":"max-image-preview:large","max-video-preview":"max-video-preview:-1"},"canonical":"https:\/\/tosyagazetesi.com\/index.php\/2025\/01\/10\/ak-parti-tosya-ilce-baskan-ve-yonetim-kurulundan-gazeteciler-gunu-ziyareti\/","og_locale":"tr_TR","og_type":"article","og_title":"AK Parti Tosya \u0130l\u00e7e Ba\u015fkan ve Y\u00f6netim Kurulundan Gazeteciler G\u00fcn\u00fc Ziyareti -","og_description":"AK Parti Tosya \u0130l\u00e7e Ba\u015fkan\u0131 Mustafa Tak\u0131r, y\u00f6netim kurulu \u00fcyeleriyle birlikte 10 Ocak \u00c7al\u0131\u015fan Gazeteciler G\u00fcn\u00fc dolay\u0131s\u0131yla Gazeteci Mehmet Ulusoylar\u2019\u0131&nbsp; ziyaret etti. Ziyarette konu\u015fan Tak\u0131r, gazetecili\u011fin zorluklarla dolu bir meslek&hellip;","og_url":"https:\/\/tosyagazetesi.com\/index.php\/2025\/01\/10\/ak-parti-tosya-ilce-baskan-ve-yonetim-kurulundan-gazeteciler-gunu-ziyareti\/","article_published_time":"2025-01-10T13:44:56+00:00","article_modified_time":"2025-01-10T13:44:58+00:00","og_image":[{"width":900,"height":500,"url":"https:\/\/tosyagazetesi.com\/wp-content\/uploads\/2025\/01\/AK-Parti-Tosya-Ilce-Baskan-ve-Yonetim-Kurulundan-Gazeteciler-Gunu-Ziyareti.jpeg","type":"image\/jpeg"}],"author":"admin","twitter_card":"summary_large_image","twitter_misc":{"Yazan:":"admin","Tahmini okuma s\u00fcresi":"2 dakika"},"schema":{"@context":"https:\/\/schema.org","@graph":[{"@type":"Article","@id":"https:\/\/tosyagazetesi.com\/index.php\/2025\/01\/10\/ak-parti-tosya-ilce-baskan-ve-yonetim-kurulundan-gazeteciler-gunu-ziyareti\/#article","isPartOf":{"@id":"https:\/\/tosyagazetesi.com\/index.php\/2025\/01\/10\/ak-parti-tosya-ilce-baskan-ve-yonetim-kurulundan-gazeteciler-gunu-ziyareti\/"},"author":{"name":"admin","@id":"https:\/\/tosyagazetesi.com\/#\/schema\/person\/9a1b0f7e1b008c6cede8cdbd5500a206"},"headline":"AK Parti Tosya \u0130l\u00e7e Ba\u015fkan ve Y\u00f6netim Kurulundan Gazeteciler G\u00fcn\u00fc Ziyareti","datePublished":"2025-01-10T13:44:56+00:00","dateModified":"2025-01-10T13:44:58+00:00","mainEntityOfPage":{"@id":"https:\/\/tosyagazetesi.com\/index.php\/2025\/01\/10\/ak-parti-tosya-ilce-baskan-ve-yonetim-kurulundan-gazeteciler-gunu-ziyareti\/"},"wordCount":314,"commentCount":0,"image":{"@id":"https:\/\/tosyagazetesi.com\/index.php\/2025\/01\/10\/ak-parti-tosya-ilce-baskan-ve-yonetim-kurulundan-gazeteciler-gunu-ziyareti\/#primaryimage"},"thumbnailUrl":"https:\/\/tosyagazetesi.com\/wp-content\/uploads\/2025\/01\/AK-Parti-Tosya-Ilce-Baskan-ve-Yonetim-Kurulundan-Gazeteciler-Gunu-Ziyareti.jpeg","keywords":["AK Parti Tosya \u0130l\u00e7e Ba\u015fkan ve Y\u00f6netim Kurulundan Gazeteciler G\u00fcn\u00fc Ziyareti"],"articleSection":["Tosya Gazetesi"],"inLanguage":"tr","potentialAction":[{"@type":"CommentAction","name":"Comment","target":["https:\/\/tosyagazetesi.com\/index.php\/2025\/01\/10\/ak-parti-tosya-ilce-baskan-ve-yonetim-kurulundan-gazeteciler-gunu-ziyareti\/#respond"]}]},{"@type":"WebPage","@id":"https:\/\/tosyagazetesi.com\/index.php\/2025\/01\/10\/ak-parti-tosya-ilce-baskan-ve-yonetim-kurulundan-gazeteciler-gunu-ziyareti\/","url":"https:\/\/tosyagazetesi.com\/index.php\/2025\/01\/10\/ak-parti-tosya-ilce-baskan-ve-yonetim-kurulundan-gazeteciler-gunu-ziyareti\/","name":"AK Parti Tosya \u0130l\u00e7e Ba\u015fkan ve Y\u00f6netim Kurulundan Gazeteciler G\u00fcn\u00fc Ziyareti -","isPartOf":{"@id":"https:\/\/tosyagazetesi.com\/#website"},"primaryImageOfPage":{"@id":"https:\/\/tosyagazetesi.com\/index.php\/2025\/01\/10\/ak-parti-tosya-ilce-baskan-ve-yonetim-kurulundan-gazeteciler-gunu-ziyareti\/#primaryimage"},"image":{"@id":"https:\/\/tosyagazetesi.com\/index.php\/2025\/01\/10\/ak-parti-tosya-ilce-baskan-ve-yonetim-kurulundan-gazeteciler-gunu-ziyareti\/#primaryimage"},"thumbnailUrl":"https:\/\/tosyagazetesi.com\/wp-content\/uploads\/2025\/01\/AK-Parti-Tosya-Ilce-Baskan-ve-Yonetim-Kurulundan-Gazeteciler-Gunu-Ziyareti.jpeg","datePublished":"2025-01-10T13:44:56+00:00","dateModified":"2025-01-10T13:44:58+00:00","author":{"@id":"https:\/\/tosyagazetesi.com\/#\/schema\/person\/9a1b0f7e1b008c6cede8cdbd5500a206"},"breadcrumb":{"@id":"https:\/\/tosyagazetesi.com\/index.php\/2025\/01\/10\/ak-parti-tosya-ilce-baskan-ve-yonetim-kurulundan-gazeteciler-gunu-ziyareti\/#breadcrumb"},"inLanguage":"tr","potentialAction":[{"@type":"ReadAction","target":["https:\/\/tosyagazetesi.com\/index.php\/2025\/01\/10\/ak-parti-tosya-ilce-baskan-ve-yonetim-kurulundan-gazeteciler-gunu-ziyareti\/"]}]},{"@type":"ImageObject","inLanguage":"tr","@id":"https:\/\/tosyagazetesi.com\/index.php\/2025\/01\/10\/ak-parti-tosya-ilce-baskan-ve-yonetim-kurulundan-gazeteciler-gunu-ziyareti\/#primaryimage","url":"https:\/\/tosyagazetesi.com\/wp-content\/uploads\/2025\/01\/AK-Parti-Tosya-Ilce-Baskan-ve-Yonetim-Kurulundan-Gazeteciler-Gunu-Ziyareti.jpeg","contentUrl":"https:\/\/tosyagazetesi.com\/wp-content\/uploads\/2025\/01\/AK-Parti-Tosya-Ilce-Baskan-ve-Yonetim-Kurulundan-Gazeteciler-Gunu-Ziyareti.jpeg","width":900,"height":500},{"@type":"BreadcrumbList","@id":"https:\/\/tosyagazetesi.com\/index.php\/2025\/01\/10\/ak-parti-tosya-ilce-baskan-ve-yonetim-kurulundan-gazeteciler-gunu-ziyareti\/#breadcrumb","itemListElement":[{"@type":"ListItem","position":1,"name":"Anasayfa","item":"https:\/\/tosyagazetesi.com\/"},{"@type":"ListItem","position":2,"name":"AK Parti Tosya \u0130l\u00e7e Ba\u015fkan ve Y\u00f6netim Kurulundan Gazeteciler G\u00fcn\u00fc Ziyareti"}]},{"@type":"WebSite","@id":"https:\/\/tosyagazetesi.com\/#website","url":"https:\/\/tosyagazetesi.com\/","name":"","description":"","potentialAction":[{"@type":"SearchAction","target":{"@type":"EntryPoint","urlTemplate":"https:\/\/tosyagazetesi.com\/?s={search_term_string}"},"query-input":{"@type":"PropertyValueSpecification","valueRequired":true,"valueName":"search_term_string"}}],"inLanguage":"tr"},{"@type":"Person","@id":"https:\/\/tosyagazetesi.com\/#\/schema\/person\/9a1b0f7e1b008c6cede8cdbd5500a206","name":"admin","image":{"@type":"ImageObject","inLanguage":"tr","@id":"https:\/\/secure.gravatar.com\/avatar\/a3b9c4457143f713b454772cdba280ff47106c991ba15f91e94e0aabe3c83824?s=96&d=mm&r=g","url":"https:\/\/secure.gravatar.com\/avatar\/a3b9c4457143f713b454772cdba280ff47106c991ba15f91e94e0aabe3c83824?s=96&d=mm&r=g","contentUrl":"https:\/\/secure.gravatar.com\/avatar\/a3b9c4457143f713b454772cdba280ff47106c991ba15f91e94e0aabe3c83824?s=96&d=mm&r=g","caption":"admin"},"sameAs":["https:\/\/tosyagazetesi.com"],"url":"https:\/\/tosyagazetesi.com\/index.php\/author\/admin_mznznzn4\/"}]}},"views":746,"jetpack_publicize_connections":[],"_links":{"self":[{"href":"https:\/\/tosyagazetesi.com\/index.php\/wp-json\/wp\/v2\/posts\/1404","targetHints":{"allow":["GET"]}}],"collection":[{"href":"https:\/\/tosyagazetesi.com\/index.php\/wp-json\/wp\/v2\/posts"}],"about":[{"href":"https:\/\/tosyagazetesi.com\/index.php\/wp-json\/wp\/v2\/types\/post"}],"author":[{"embeddable":true,"href":"https:\/\/tosyagazetesi.com\/index.php\/wp-json\/wp\/v2\/users\/1"}],"replies":[{"embeddable":true,"href":"https:\/\/tosyagazetesi.com\/index.php\/wp-json\/wp\/v2\/comments?post=1404"}],"version-history":[{"count":1,"href":"https:\/\/tosyagazetesi.com\/index.php\/wp-json\/wp\/v2\/posts\/1404\/revisions"}],"predecessor-version":[{"id":1406,"href":"https:\/\/tosyagazetesi.com\/index.php\/wp-json\/wp\/v2\/posts\/1404\/revisions\/1406"}],"wp:featuredmedia":[{"embeddable":true,"href":"https:\/\/tosyagazetesi.com\/index.php\/wp-json\/wp\/v2\/media\/1405"}],"wp:attachment":[{"href":"https:\/\/tosyagazetesi.com\/index.php\/wp-json\/wp\/v2\/media?parent=1404"}],"wp:term":[{"taxonomy":"category","embeddable":true,"href":"https:\/\/tosyagazetesi.com\/index.php\/wp-json\/wp\/v2\/categories?post=1404"},{"taxonomy":"post_tag","embeddable":true,"href":"https:\/\/tosyagazetesi.com\/index.php\/wp-json\/wp\/v2\/tags?post=1404"}],"curies":[{"name":"wp","href":"https:\/\/api.w.org\/{rel}","templated":true}]}}