{"id":1245,"date":"2024-11-27T13:00:51","date_gmt":"2024-11-27T13:00:51","guid":{"rendered":"https:\/\/tosyagazetesi.com\/?p=1245"},"modified":"2024-11-27T13:00:54","modified_gmt":"2024-11-27T13:00:54","slug":"tosyada-sehit-celal-yavuz-kabri-basinda-anildi","status":"publish","type":"post","link":"https:\/\/tosyagazetesi.com\/index.php\/2024\/11\/27\/tosyada-sehit-celal-yavuz-kabri-basinda-anildi\/","title":{"rendered":"Tosya&#8217;da \u015eehit Celal Yavuz Kabri Ba\u015f\u0131nda An\u0131ld\u0131"},"content":{"rendered":"\n<p>\u015eehit Polis Memuru Celal Yavuz Kastamonu&#8217;nun Tosya il\u00e7esindeki kabri ba\u015f\u0131nda an\u0131ld\u0131.<\/p>\n\n\n\n<p>Mu\u015f\u2019ta 1996 y\u0131l\u0131nda \u015fehit olan \u00d6zel Harekat Polisi Celal Yavuz i\u00e7in Tosya K\u00f6sen K\u00f6y\u00fc\u2019ndeki kabri ba\u015f\u0131nda anma t\u00f6reni d\u00fczenlendi.<\/p>\n\n\n\n<p>T\u00f6rende Kur&#8217;an-\u0131 Kerim okunmas\u0131n\u0131n ard\u0131ndan Tosya M\u00fcft\u00fcs\u00fc Mahmut Ulu\u015fahan taraf\u0131ndan dua edildi.<\/p>\n\n\n\n<p>T\u00f6rene \u015fehidin ailesi ve yak\u0131nlar\u0131n\u0131n yan\u0131 s\u0131ra, Tosya Kaymakam\u0131 U\u011fur \u00dcnsal, Tosya \u0130l\u00e7e Emniyet M\u00fcd\u00fcr\u00fc Selahattin Batman, Tosya \u0130l\u00e7e Jandarma Komutan\u0131 Jandarma \u00dcste\u011fmen O\u011fuzhan Di\u015f\u00e7eken, &nbsp;AK Parti Tosya \u0130l\u00e7e Ba\u015fkan\u0131 Mustafa Tak\u0131r, CHP Tosya \u0130l\u00e7e Ba\u015fkan Vekili Mehmet Sami \u00d6zcan, MHP Tosya \u0130l\u00e7e Ba\u015fkan\u0131 Suat Bazlama\u00e7c\u0131, Tosya Kaymakaml\u0131\u011f\u0131 Sosyal Yard\u0131mla\u015fma ve Dayan\u0131\u015fma Vakf\u0131 M\u00fcd\u00fcr\u00fc Recep Ke\u00e7eci, Tosya \u0130l\u00e7e Milli E\u011fitim M\u00fcd\u00fcr\u00fc Mehdi To\u011frul, \u00dclk\u00fc Ocaklar\u0131 Tosya \u0130l\u00e7e Ba\u015fkan\u0131 Mehmet Emin Kutlu, protokol \u00fcyeleri ve vatanda\u015flar kat\u0131ld\u0131.<\/p>\n\n\n\n<figure class=\"wp-block-gallery has-nested-images columns-1 is-cropped wp-block-gallery-1 is-layout-flex wp-block-gallery-is-layout-flex\">\n<figure class=\"wp-block-image size-large\"><img loading=\"lazy\" decoding=\"async\" width=\"800\" height=\"450\" data-id=\"1246\" src=\"https:\/\/tosyagazetesi.com\/wp-content\/uploads\/2024\/11\/1-5.jpg\" alt=\"\" class=\"wp-image-1246\" srcset=\"https:\/\/tosyagazetesi.com\/wp-content\/uploads\/2024\/11\/1-5.jpg 800w, https:\/\/tosyagazetesi.com\/wp-content\/uploads\/2024\/11\/1-5-300x169.jpg 300w, https:\/\/tosyagazetesi.com\/wp-content\/uploads\/2024\/11\/1-5-768x432.jpg 768w\" sizes=\"auto, (max-width: 800px) 100vw, 800px\" \/><\/figure>\n\n\n\n<figure class=\"wp-block-image size-large\"><img loading=\"lazy\" decoding=\"async\" width=\"800\" height=\"450\" data-id=\"1247\" src=\"https:\/\/tosyagazetesi.com\/wp-content\/uploads\/2024\/11\/2-5.jpg\" alt=\"\" class=\"wp-image-1247\" srcset=\"https:\/\/tosyagazetesi.com\/wp-content\/uploads\/2024\/11\/2-5.jpg 800w, https:\/\/tosyagazetesi.com\/wp-content\/uploads\/2024\/11\/2-5-300x169.jpg 300w, https:\/\/tosyagazetesi.com\/wp-content\/uploads\/2024\/11\/2-5-768x432.jpg 768w\" sizes=\"auto, (max-width: 800px) 100vw, 800px\" \/><\/figure>\n\n\n\n<figure class=\"wp-block-image size-large\"><img loading=\"lazy\" decoding=\"async\" width=\"713\" height=\"1024\" data-id=\"1248\" src=\"https:\/\/tosyagazetesi.com\/wp-content\/uploads\/2024\/11\/3-1-713x1024.jpeg\" alt=\"\" class=\"wp-image-1248\" srcset=\"https:\/\/tosyagazetesi.com\/wp-content\/uploads\/2024\/11\/3-1-713x1024.jpeg 713w, https:\/\/tosyagazetesi.com\/wp-content\/uploads\/2024\/11\/3-1-209x300.jpeg 209w, https:\/\/tosyagazetesi.com\/wp-content\/uploads\/2024\/11\/3-1-768x1103.jpeg 768w, https:\/\/tosyagazetesi.com\/wp-content\/uploads\/2024\/11\/3-1.jpeg 800w\" sizes=\"auto, (max-width: 713px) 100vw, 713px\" \/><\/figure>\n<\/figure>\n","protected":false},"excerpt":{"rendered":"<p>\u015eehit Polis Memuru Celal Yavuz Kastamonu&#8217;nun Tosya il\u00e7esindeki kabri ba\u015f\u0131nda an\u0131ld\u0131. Mu\u015f\u2019ta 1996 y\u0131l\u0131nda \u015fehit olan \u00d6zel Harekat Polisi Celal Yavuz i\u00e7in Tosya K\u00f6sen K\u00f6y\u00fc\u2019ndeki kabri ba\u015f\u0131nda anma t\u00f6reni d\u00fczenlendi.&hellip; <\/p>\n","protected":false},"author":1,"featured_media":1249,"comment_status":"open","ping_status":"open","sticky":false,"template":"","format":"standard","meta":{"_joinchat":[],"footnotes":"","jetpack_publicize_message":"","jetpack_publicize_feature_enabled":true,"jetpack_social_post_already_shared":false,"jetpack_social_options":{"image_generator_settings":{"template":"highway","default_image_id":0,"font":"","enabled":false},"version":2}},"categories":[3],"tags":[220],"class_list":["post-1245","post","type-post","status-publish","format-standard","has-post-thumbnail","hentry","category-tosya-gazetesi","tag-tosyada-sehit-celal-yavuz-kabri-basinda-anildi"],"yoast_head":"<!-- This site is optimized with the Yoast SEO plugin v27.5 - https:\/\/yoast.com\/product\/yoast-seo-wordpress\/ -->\n<title>Tosya&#039;da \u015eehit Celal Yavuz Kabri Ba\u015f\u0131nda An\u0131ld\u0131 -<\/title>\n<meta name=\"robots\" content=\"index, follow, max-snippet:-1, max-image-preview:large, max-video-preview:-1\" \/>\n<link rel=\"canonical\" href=\"https:\/\/tosyagazetesi.com\/index.php\/2024\/11\/27\/tosyada-sehit-celal-yavuz-kabri-basinda-anildi\/\" \/>\n<meta property=\"og:locale\" content=\"tr_TR\" \/>\n<meta property=\"og:type\" content=\"article\" \/>\n<meta property=\"og:title\" content=\"Tosya&#039;da \u015eehit Celal Yavuz Kabri Ba\u015f\u0131nda An\u0131ld\u0131 -\" \/>\n<meta property=\"og:description\" content=\"\u015eehit Polis Memuru Celal Yavuz Kastamonu&#8217;nun Tosya il\u00e7esindeki kabri ba\u015f\u0131nda an\u0131ld\u0131. Mu\u015f\u2019ta 1996 y\u0131l\u0131nda \u015fehit olan \u00d6zel Harekat Polisi Celal Yavuz i\u00e7in Tosya K\u00f6sen K\u00f6y\u00fc\u2019ndeki kabri ba\u015f\u0131nda anma t\u00f6reni d\u00fczenlendi.&hellip;\" \/>\n<meta property=\"og:url\" content=\"https:\/\/tosyagazetesi.com\/index.php\/2024\/11\/27\/tosyada-sehit-celal-yavuz-kabri-basinda-anildi\/\" \/>\n<meta property=\"article:published_time\" content=\"2024-11-27T13:00:51+00:00\" \/>\n<meta property=\"article:modified_time\" content=\"2024-11-27T13:00:54+00:00\" \/>\n<meta property=\"og:image\" content=\"https:\/\/tosyagazetesi.com\/wp-content\/uploads\/2024\/11\/Tosyada-Sehit-Celal-Yavuz-Kabri-Basinda-Anildi.jpg\" \/>\n\t<meta property=\"og:image:width\" content=\"900\" \/>\n\t<meta property=\"og:image:height\" content=\"500\" \/>\n\t<meta property=\"og:image:type\" content=\"image\/jpeg\" \/>\n<meta name=\"author\" content=\"admin\" \/>\n<meta name=\"twitter:card\" content=\"summary_large_image\" \/>\n<meta name=\"twitter:label1\" content=\"Yazan:\" \/>\n\t<meta name=\"twitter:data1\" content=\"admin\" \/>\n\t<meta name=\"twitter:label2\" content=\"Tahmini okuma s\u00fcresi\" \/>\n\t<meta name=\"twitter:data2\" content=\"2 dakika\" \/>\n<script type=\"application\/ld+json\" class=\"yoast-schema-graph\">{\"@context\":\"https:\\\/\\\/schema.org\",\"@graph\":[{\"@type\":\"Article\",\"@id\":\"https:\\\/\\\/tosyagazetesi.com\\\/index.php\\\/2024\\\/11\\\/27\\\/tosyada-sehit-celal-yavuz-kabri-basinda-anildi\\\/#article\",\"isPartOf\":{\"@id\":\"https:\\\/\\\/tosyagazetesi.com\\\/index.php\\\/2024\\\/11\\\/27\\\/tosyada-sehit-celal-yavuz-kabri-basinda-anildi\\\/\"},\"author\":{\"name\":\"admin\",\"@id\":\"https:\\\/\\\/tosyagazetesi.com\\\/#\\\/schema\\\/person\\\/9a1b0f7e1b008c6cede8cdbd5500a206\"},\"headline\":\"Tosya&#8217;da \u015eehit Celal Yavuz Kabri Ba\u015f\u0131nda An\u0131ld\u0131\",\"datePublished\":\"2024-11-27T13:00:51+00:00\",\"dateModified\":\"2024-11-27T13:00:54+00:00\",\"mainEntityOfPage\":{\"@id\":\"https:\\\/\\\/tosyagazetesi.com\\\/index.php\\\/2024\\\/11\\\/27\\\/tosyada-sehit-celal-yavuz-kabri-basinda-anildi\\\/\"},\"wordCount\":187,\"commentCount\":0,\"image\":{\"@id\":\"https:\\\/\\\/tosyagazetesi.com\\\/index.php\\\/2024\\\/11\\\/27\\\/tosyada-sehit-celal-yavuz-kabri-basinda-anildi\\\/#primaryimage\"},\"thumbnailUrl\":\"https:\\\/\\\/tosyagazetesi.com\\\/wp-content\\\/uploads\\\/2024\\\/11\\\/Tosyada-Sehit-Celal-Yavuz-Kabri-Basinda-Anildi.jpg\",\"keywords\":[\"Tosya'da \u015eehit Celal Yavuz Kabri Ba\u015f\u0131nda An\u0131ld\u0131\"],\"articleSection\":[\"Tosya Gazetesi\"],\"inLanguage\":\"tr\",\"potentialAction\":[{\"@type\":\"CommentAction\",\"name\":\"Comment\",\"target\":[\"https:\\\/\\\/tosyagazetesi.com\\\/index.php\\\/2024\\\/11\\\/27\\\/tosyada-sehit-celal-yavuz-kabri-basinda-anildi\\\/#respond\"]}]},{\"@type\":\"WebPage\",\"@id\":\"https:\\\/\\\/tosyagazetesi.com\\\/index.php\\\/2024\\\/11\\\/27\\\/tosyada-sehit-celal-yavuz-kabri-basinda-anildi\\\/\",\"url\":\"https:\\\/\\\/tosyagazetesi.com\\\/index.php\\\/2024\\\/11\\\/27\\\/tosyada-sehit-celal-yavuz-kabri-basinda-anildi\\\/\",\"name\":\"Tosya'da \u015eehit Celal Yavuz Kabri Ba\u015f\u0131nda An\u0131ld\u0131 -\",\"isPartOf\":{\"@id\":\"https:\\\/\\\/tosyagazetesi.com\\\/#website\"},\"primaryImageOfPage\":{\"@id\":\"https:\\\/\\\/tosyagazetesi.com\\\/index.php\\\/2024\\\/11\\\/27\\\/tosyada-sehit-celal-yavuz-kabri-basinda-anildi\\\/#primaryimage\"},\"image\":{\"@id\":\"https:\\\/\\\/tosyagazetesi.com\\\/index.php\\\/2024\\\/11\\\/27\\\/tosyada-sehit-celal-yavuz-kabri-basinda-anildi\\\/#primaryimage\"},\"thumbnailUrl\":\"https:\\\/\\\/tosyagazetesi.com\\\/wp-content\\\/uploads\\\/2024\\\/11\\\/Tosyada-Sehit-Celal-Yavuz-Kabri-Basinda-Anildi.jpg\",\"datePublished\":\"2024-11-27T13:00:51+00:00\",\"dateModified\":\"2024-11-27T13:00:54+00:00\",\"author\":{\"@id\":\"https:\\\/\\\/tosyagazetesi.com\\\/#\\\/schema\\\/person\\\/9a1b0f7e1b008c6cede8cdbd5500a206\"},\"breadcrumb\":{\"@id\":\"https:\\\/\\\/tosyagazetesi.com\\\/index.php\\\/2024\\\/11\\\/27\\\/tosyada-sehit-celal-yavuz-kabri-basinda-anildi\\\/#breadcrumb\"},\"inLanguage\":\"tr\",\"potentialAction\":[{\"@type\":\"ReadAction\",\"target\":[\"https:\\\/\\\/tosyagazetesi.com\\\/index.php\\\/2024\\\/11\\\/27\\\/tosyada-sehit-celal-yavuz-kabri-basinda-anildi\\\/\"]}]},{\"@type\":\"ImageObject\",\"inLanguage\":\"tr\",\"@id\":\"https:\\\/\\\/tosyagazetesi.com\\\/index.php\\\/2024\\\/11\\\/27\\\/tosyada-sehit-celal-yavuz-kabri-basinda-anildi\\\/#primaryimage\",\"url\":\"https:\\\/\\\/tosyagazetesi.com\\\/wp-content\\\/uploads\\\/2024\\\/11\\\/Tosyada-Sehit-Celal-Yavuz-Kabri-Basinda-Anildi.jpg\",\"contentUrl\":\"https:\\\/\\\/tosyagazetesi.com\\\/wp-content\\\/uploads\\\/2024\\\/11\\\/Tosyada-Sehit-Celal-Yavuz-Kabri-Basinda-Anildi.jpg\",\"width\":900,\"height\":500},{\"@type\":\"BreadcrumbList\",\"@id\":\"https:\\\/\\\/tosyagazetesi.com\\\/index.php\\\/2024\\\/11\\\/27\\\/tosyada-sehit-celal-yavuz-kabri-basinda-anildi\\\/#breadcrumb\",\"itemListElement\":[{\"@type\":\"ListItem\",\"position\":1,\"name\":\"Anasayfa\",\"item\":\"https:\\\/\\\/tosyagazetesi.com\\\/\"},{\"@type\":\"ListItem\",\"position\":2,\"name\":\"Tosya&#8217;da \u015eehit Celal Yavuz Kabri Ba\u015f\u0131nda An\u0131ld\u0131\"}]},{\"@type\":\"WebSite\",\"@id\":\"https:\\\/\\\/tosyagazetesi.com\\\/#website\",\"url\":\"https:\\\/\\\/tosyagazetesi.com\\\/\",\"name\":\"\",\"description\":\"\",\"potentialAction\":[{\"@type\":\"SearchAction\",\"target\":{\"@type\":\"EntryPoint\",\"urlTemplate\":\"https:\\\/\\\/tosyagazetesi.com\\\/?s={search_term_string}\"},\"query-input\":{\"@type\":\"PropertyValueSpecification\",\"valueRequired\":true,\"valueName\":\"search_term_string\"}}],\"inLanguage\":\"tr\"},{\"@type\":\"Person\",\"@id\":\"https:\\\/\\\/tosyagazetesi.com\\\/#\\\/schema\\\/person\\\/9a1b0f7e1b008c6cede8cdbd5500a206\",\"name\":\"admin\",\"image\":{\"@type\":\"ImageObject\",\"inLanguage\":\"tr\",\"@id\":\"https:\\\/\\\/secure.gravatar.com\\\/avatar\\\/a3b9c4457143f713b454772cdba280ff47106c991ba15f91e94e0aabe3c83824?s=96&d=mm&r=g\",\"url\":\"https:\\\/\\\/secure.gravatar.com\\\/avatar\\\/a3b9c4457143f713b454772cdba280ff47106c991ba15f91e94e0aabe3c83824?s=96&d=mm&r=g\",\"contentUrl\":\"https:\\\/\\\/secure.gravatar.com\\\/avatar\\\/a3b9c4457143f713b454772cdba280ff47106c991ba15f91e94e0aabe3c83824?s=96&d=mm&r=g\",\"caption\":\"admin\"},\"sameAs\":[\"https:\\\/\\\/tosyagazetesi.com\"],\"url\":\"https:\\\/\\\/tosyagazetesi.com\\\/index.php\\\/author\\\/admin_mznznzn4\\\/\"}]}<\/script>\n<!-- \/ Yoast SEO plugin. -->","yoast_head_json":{"title":"Tosya'da \u015eehit Celal Yavuz Kabri Ba\u015f\u0131nda An\u0131ld\u0131 -","robots":{"index":"index","follow":"follow","max-snippet":"max-snippet:-1","max-image-preview":"max-image-preview:large","max-video-preview":"max-video-preview:-1"},"canonical":"https:\/\/tosyagazetesi.com\/index.php\/2024\/11\/27\/tosyada-sehit-celal-yavuz-kabri-basinda-anildi\/","og_locale":"tr_TR","og_type":"article","og_title":"Tosya'da \u015eehit Celal Yavuz Kabri Ba\u015f\u0131nda An\u0131ld\u0131 -","og_description":"\u015eehit Polis Memuru Celal Yavuz Kastamonu&#8217;nun Tosya il\u00e7esindeki kabri ba\u015f\u0131nda an\u0131ld\u0131. Mu\u015f\u2019ta 1996 y\u0131l\u0131nda \u015fehit olan \u00d6zel Harekat Polisi Celal Yavuz i\u00e7in Tosya K\u00f6sen K\u00f6y\u00fc\u2019ndeki kabri ba\u015f\u0131nda anma t\u00f6reni d\u00fczenlendi.&hellip;","og_url":"https:\/\/tosyagazetesi.com\/index.php\/2024\/11\/27\/tosyada-sehit-celal-yavuz-kabri-basinda-anildi\/","article_published_time":"2024-11-27T13:00:51+00:00","article_modified_time":"2024-11-27T13:00:54+00:00","og_image":[{"width":900,"height":500,"url":"https:\/\/tosyagazetesi.com\/wp-content\/uploads\/2024\/11\/Tosyada-Sehit-Celal-Yavuz-Kabri-Basinda-Anildi.jpg","type":"image\/jpeg"}],"author":"admin","twitter_card":"summary_large_image","twitter_misc":{"Yazan:":"admin","Tahmini okuma s\u00fcresi":"2 dakika"},"schema":{"@context":"https:\/\/schema.org","@graph":[{"@type":"Article","@id":"https:\/\/tosyagazetesi.com\/index.php\/2024\/11\/27\/tosyada-sehit-celal-yavuz-kabri-basinda-anildi\/#article","isPartOf":{"@id":"https:\/\/tosyagazetesi.com\/index.php\/2024\/11\/27\/tosyada-sehit-celal-yavuz-kabri-basinda-anildi\/"},"author":{"name":"admin","@id":"https:\/\/tosyagazetesi.com\/#\/schema\/person\/9a1b0f7e1b008c6cede8cdbd5500a206"},"headline":"Tosya&#8217;da \u015eehit Celal Yavuz Kabri Ba\u015f\u0131nda An\u0131ld\u0131","datePublished":"2024-11-27T13:00:51+00:00","dateModified":"2024-11-27T13:00:54+00:00","mainEntityOfPage":{"@id":"https:\/\/tosyagazetesi.com\/index.php\/2024\/11\/27\/tosyada-sehit-celal-yavuz-kabri-basinda-anildi\/"},"wordCount":187,"commentCount":0,"image":{"@id":"https:\/\/tosyagazetesi.com\/index.php\/2024\/11\/27\/tosyada-sehit-celal-yavuz-kabri-basinda-anildi\/#primaryimage"},"thumbnailUrl":"https:\/\/tosyagazetesi.com\/wp-content\/uploads\/2024\/11\/Tosyada-Sehit-Celal-Yavuz-Kabri-Basinda-Anildi.jpg","keywords":["Tosya'da \u015eehit Celal Yavuz Kabri Ba\u015f\u0131nda An\u0131ld\u0131"],"articleSection":["Tosya Gazetesi"],"inLanguage":"tr","potentialAction":[{"@type":"CommentAction","name":"Comment","target":["https:\/\/tosyagazetesi.com\/index.php\/2024\/11\/27\/tosyada-sehit-celal-yavuz-kabri-basinda-anildi\/#respond"]}]},{"@type":"WebPage","@id":"https:\/\/tosyagazetesi.com\/index.php\/2024\/11\/27\/tosyada-sehit-celal-yavuz-kabri-basinda-anildi\/","url":"https:\/\/tosyagazetesi.com\/index.php\/2024\/11\/27\/tosyada-sehit-celal-yavuz-kabri-basinda-anildi\/","name":"Tosya'da \u015eehit Celal Yavuz Kabri Ba\u015f\u0131nda An\u0131ld\u0131 -","isPartOf":{"@id":"https:\/\/tosyagazetesi.com\/#website"},"primaryImageOfPage":{"@id":"https:\/\/tosyagazetesi.com\/index.php\/2024\/11\/27\/tosyada-sehit-celal-yavuz-kabri-basinda-anildi\/#primaryimage"},"image":{"@id":"https:\/\/tosyagazetesi.com\/index.php\/2024\/11\/27\/tosyada-sehit-celal-yavuz-kabri-basinda-anildi\/#primaryimage"},"thumbnailUrl":"https:\/\/tosyagazetesi.com\/wp-content\/uploads\/2024\/11\/Tosyada-Sehit-Celal-Yavuz-Kabri-Basinda-Anildi.jpg","datePublished":"2024-11-27T13:00:51+00:00","dateModified":"2024-11-27T13:00:54+00:00","author":{"@id":"https:\/\/tosyagazetesi.com\/#\/schema\/person\/9a1b0f7e1b008c6cede8cdbd5500a206"},"breadcrumb":{"@id":"https:\/\/tosyagazetesi.com\/index.php\/2024\/11\/27\/tosyada-sehit-celal-yavuz-kabri-basinda-anildi\/#breadcrumb"},"inLanguage":"tr","potentialAction":[{"@type":"ReadAction","target":["https:\/\/tosyagazetesi.com\/index.php\/2024\/11\/27\/tosyada-sehit-celal-yavuz-kabri-basinda-anildi\/"]}]},{"@type":"ImageObject","inLanguage":"tr","@id":"https:\/\/tosyagazetesi.com\/index.php\/2024\/11\/27\/tosyada-sehit-celal-yavuz-kabri-basinda-anildi\/#primaryimage","url":"https:\/\/tosyagazetesi.com\/wp-content\/uploads\/2024\/11\/Tosyada-Sehit-Celal-Yavuz-Kabri-Basinda-Anildi.jpg","contentUrl":"https:\/\/tosyagazetesi.com\/wp-content\/uploads\/2024\/11\/Tosyada-Sehit-Celal-Yavuz-Kabri-Basinda-Anildi.jpg","width":900,"height":500},{"@type":"BreadcrumbList","@id":"https:\/\/tosyagazetesi.com\/index.php\/2024\/11\/27\/tosyada-sehit-celal-yavuz-kabri-basinda-anildi\/#breadcrumb","itemListElement":[{"@type":"ListItem","position":1,"name":"Anasayfa","item":"https:\/\/tosyagazetesi.com\/"},{"@type":"ListItem","position":2,"name":"Tosya&#8217;da \u015eehit Celal Yavuz Kabri Ba\u015f\u0131nda An\u0131ld\u0131"}]},{"@type":"WebSite","@id":"https:\/\/tosyagazetesi.com\/#website","url":"https:\/\/tosyagazetesi.com\/","name":"","description":"","potentialAction":[{"@type":"SearchAction","target":{"@type":"EntryPoint","urlTemplate":"https:\/\/tosyagazetesi.com\/?s={search_term_string}"},"query-input":{"@type":"PropertyValueSpecification","valueRequired":true,"valueName":"search_term_string"}}],"inLanguage":"tr"},{"@type":"Person","@id":"https:\/\/tosyagazetesi.com\/#\/schema\/person\/9a1b0f7e1b008c6cede8cdbd5500a206","name":"admin","image":{"@type":"ImageObject","inLanguage":"tr","@id":"https:\/\/secure.gravatar.com\/avatar\/a3b9c4457143f713b454772cdba280ff47106c991ba15f91e94e0aabe3c83824?s=96&d=mm&r=g","url":"https:\/\/secure.gravatar.com\/avatar\/a3b9c4457143f713b454772cdba280ff47106c991ba15f91e94e0aabe3c83824?s=96&d=mm&r=g","contentUrl":"https:\/\/secure.gravatar.com\/avatar\/a3b9c4457143f713b454772cdba280ff47106c991ba15f91e94e0aabe3c83824?s=96&d=mm&r=g","caption":"admin"},"sameAs":["https:\/\/tosyagazetesi.com"],"url":"https:\/\/tosyagazetesi.com\/index.php\/author\/admin_mznznzn4\/"}]}},"views":449,"jetpack_publicize_connections":[],"_links":{"self":[{"href":"https:\/\/tosyagazetesi.com\/index.php\/wp-json\/wp\/v2\/posts\/1245","targetHints":{"allow":["GET"]}}],"collection":[{"href":"https:\/\/tosyagazetesi.com\/index.php\/wp-json\/wp\/v2\/posts"}],"about":[{"href":"https:\/\/tosyagazetesi.com\/index.php\/wp-json\/wp\/v2\/types\/post"}],"author":[{"embeddable":true,"href":"https:\/\/tosyagazetesi.com\/index.php\/wp-json\/wp\/v2\/users\/1"}],"replies":[{"embeddable":true,"href":"https:\/\/tosyagazetesi.com\/index.php\/wp-json\/wp\/v2\/comments?post=1245"}],"version-history":[{"count":1,"href":"https:\/\/tosyagazetesi.com\/index.php\/wp-json\/wp\/v2\/posts\/1245\/revisions"}],"predecessor-version":[{"id":1250,"href":"https:\/\/tosyagazetesi.com\/index.php\/wp-json\/wp\/v2\/posts\/1245\/revisions\/1250"}],"wp:featuredmedia":[{"embeddable":true,"href":"https:\/\/tosyagazetesi.com\/index.php\/wp-json\/wp\/v2\/media\/1249"}],"wp:attachment":[{"href":"https:\/\/tosyagazetesi.com\/index.php\/wp-json\/wp\/v2\/media?parent=1245"}],"wp:term":[{"taxonomy":"category","embeddable":true,"href":"https:\/\/tosyagazetesi.com\/index.php\/wp-json\/wp\/v2\/categories?post=1245"},{"taxonomy":"post_tag","embeddable":true,"href":"https:\/\/tosyagazetesi.com\/index.php\/wp-json\/wp\/v2\/tags?post=1245"}],"curies":[{"name":"wp","href":"https:\/\/api.w.org\/{rel}","templated":true}]}}