{"id":115,"date":"2023-01-10T13:40:30","date_gmt":"2023-01-10T13:40:30","guid":{"rendered":"https:\/\/tosyagazetesi.com\/?p=115"},"modified":"2023-01-10T13:40:32","modified_gmt":"2023-01-10T13:40:32","slug":"ak-parti-tosya-ilce-teskilatindan-10-ocak-calisan-gazeteciler-gunu-ziyareti","status":"publish","type":"post","link":"https:\/\/tosyagazetesi.com\/index.php\/2023\/01\/10\/ak-parti-tosya-ilce-teskilatindan-10-ocak-calisan-gazeteciler-gunu-ziyareti\/","title":{"rendered":"AK Parti Tosya \u0130l\u00e7e Te\u015fkilat\u0131ndan 10 Ocak \u00c7al\u0131\u015fan Gazeteciler G\u00fcn\u00fc Ziyareti"},"content":{"rendered":"\n<p>AK Parti Tosya \u0130l\u00e7e Ba\u015fkan\u0131 Hasan Mete Diki\u015fci, partililerle birlikte, 10 Ocak \u00c7al\u0131\u015fan Gazeteciler G\u00fcn\u00fc dolay\u0131s\u0131yla gazetecileri ziyaret etti.<\/p>\n\n\n\n<p>Ziyarette konu\u015fan Ba\u015fkan Diki\u015fci, Vatanda\u015flar\u0131n haber alma hakk\u0131n\u0131n kar\u015f\u0131lanmas\u0131 ve do\u011fru bilgiye an\u0131nda ula\u015f\u0131labilmesi ad\u0131na gazetecilerin \u00f6nemli bir g\u00f6revi yerine getirdiklerini s\u00f6yledi.<\/p>\n\n\n\n<p>Diki\u015fci, \u201c \u0130lkeli, do\u011fru ve tarafs\u0131z bir \u015fekilde \u00e7al\u0131\u015farak, vatanda\u015flar\u0131m\u0131z\u0131n haber alma hakk\u0131n\u0131 sa\u011flayan ve toplumun genel talep ve g\u00f6r\u00fc\u015flerini kamuoyuna yans\u0131tma g\u00f6revini \u00fcstlenen, toplumun g\u00f6z\u00fc, kula\u011f\u0131 ve sesi olan gazetecilerimizin 10 Ocak \u00c7al\u0131\u015fan Gazeteciler G\u00fcn\u00fc&#8217;n\u00fc kutlar\u0131m.\u201d diye konu\u015ftu.<\/p>\n\n\n\n<p>AK Parti Tosya \u0130l\u00e7e Kad\u0131n Kollar\u0131 Ba\u015fkan\u0131 Sevgi C\u0131nbar da, \u201cGece g\u00fcnd\u00fcz demeden, halk\u0131n g\u00f6z\u00fc, kula\u011f\u0131, sesi olan ve&nbsp; do\u011frular\u0131 aktarmak i\u00e7in \u00e7al\u0131\u015fan t\u00fcm bas\u0131n emek\u00e7ilerimizin 10 Ocak \u00c7al\u0131\u015fan Gazeteciler G\u00fcn\u00fc&#8217;n\u00fc kutlar\u0131m.\u201d \u0130fadelerini kulland\u0131.<\/p>\n\n\n\n<p>Gazeteci Mehmet Ulusoylar ise, ziyaretten duydu\u011fu memnuniyeti dile getirerek, \u00e7al\u0131\u015fmalar\u0131 hakk\u0131nda bilgi verdi.<\/p>\n\n\n\n<p>Ziyarette yer alan AK Parti Tosya \u0130l\u00e7e Te\u015fkilat\u0131 y\u00f6neticileri de \u00a010 Ocak \u00c7al\u0131\u015fan Gazeteciler G\u00fcn\u00fc&#8217;n\u00fc kutlad\u0131.<\/p>\n\n\n\n<figure class=\"wp-block-image size-full\"><img loading=\"lazy\" decoding=\"async\" width=\"900\" height=\"500\" src=\"https:\/\/tosyagazetesi.com\/wp-content\/uploads\/2023\/01\/AK-Parti-Tosya-Ilce-Teskilatindan-10-Ocak-Calisan-Gazeteciler-Gunu-Ziyareti.jpg\" alt=\"\" class=\"wp-image-116\" srcset=\"https:\/\/tosyagazetesi.com\/wp-content\/uploads\/2023\/01\/AK-Parti-Tosya-Ilce-Teskilatindan-10-Ocak-Calisan-Gazeteciler-Gunu-Ziyareti.jpg 900w, https:\/\/tosyagazetesi.com\/wp-content\/uploads\/2023\/01\/AK-Parti-Tosya-Ilce-Teskilatindan-10-Ocak-Calisan-Gazeteciler-Gunu-Ziyareti-300x167.jpg 300w, https:\/\/tosyagazetesi.com\/wp-content\/uploads\/2023\/01\/AK-Parti-Tosya-Ilce-Teskilatindan-10-Ocak-Calisan-Gazeteciler-Gunu-Ziyareti-768x427.jpg 768w\" sizes=\"auto, (max-width: 900px) 100vw, 900px\" \/><\/figure>\n","protected":false},"excerpt":{"rendered":"<p>AK Parti Tosya \u0130l\u00e7e Ba\u015fkan\u0131 Hasan Mete Diki\u015fci, partililerle birlikte, 10 Ocak \u00c7al\u0131\u015fan Gazeteciler G\u00fcn\u00fc dolay\u0131s\u0131yla gazetecileri ziyaret etti. Ziyarette konu\u015fan Ba\u015fkan Diki\u015fci, Vatanda\u015flar\u0131n haber alma hakk\u0131n\u0131n kar\u015f\u0131lanmas\u0131 ve do\u011fru&hellip; <\/p>\n","protected":false},"author":1,"featured_media":116,"comment_status":"open","ping_status":"open","sticky":false,"template":"","format":"standard","meta":{"_joinchat":[],"footnotes":"","jetpack_publicize_message":"","jetpack_publicize_feature_enabled":true,"jetpack_social_post_already_shared":false,"jetpack_social_options":{"image_generator_settings":{"template":"highway","default_image_id":0,"font":"","enabled":false},"version":2}},"categories":[3],"tags":[],"class_list":["post-115","post","type-post","status-publish","format-standard","has-post-thumbnail","hentry","category-tosya-gazetesi"],"yoast_head":"<!-- This site is optimized with the Yoast SEO plugin v27.4 - https:\/\/yoast.com\/product\/yoast-seo-wordpress\/ -->\n<title>AK Parti Tosya \u0130l\u00e7e Te\u015fkilat\u0131ndan 10 Ocak \u00c7al\u0131\u015fan Gazeteciler G\u00fcn\u00fc Ziyareti -<\/title>\n<meta name=\"robots\" content=\"index, follow, max-snippet:-1, max-image-preview:large, max-video-preview:-1\" \/>\n<link rel=\"canonical\" href=\"https:\/\/tosyagazetesi.com\/index.php\/2023\/01\/10\/ak-parti-tosya-ilce-teskilatindan-10-ocak-calisan-gazeteciler-gunu-ziyareti\/\" \/>\n<meta property=\"og:locale\" content=\"tr_TR\" \/>\n<meta property=\"og:type\" content=\"article\" \/>\n<meta property=\"og:title\" content=\"AK Parti Tosya \u0130l\u00e7e Te\u015fkilat\u0131ndan 10 Ocak \u00c7al\u0131\u015fan Gazeteciler G\u00fcn\u00fc Ziyareti -\" \/>\n<meta property=\"og:description\" content=\"AK Parti Tosya \u0130l\u00e7e Ba\u015fkan\u0131 Hasan Mete Diki\u015fci, partililerle birlikte, 10 Ocak \u00c7al\u0131\u015fan Gazeteciler G\u00fcn\u00fc dolay\u0131s\u0131yla gazetecileri ziyaret etti. Ziyarette konu\u015fan Ba\u015fkan Diki\u015fci, Vatanda\u015flar\u0131n haber alma hakk\u0131n\u0131n kar\u015f\u0131lanmas\u0131 ve do\u011fru&hellip;\" \/>\n<meta property=\"og:url\" content=\"https:\/\/tosyagazetesi.com\/index.php\/2023\/01\/10\/ak-parti-tosya-ilce-teskilatindan-10-ocak-calisan-gazeteciler-gunu-ziyareti\/\" \/>\n<meta property=\"article:published_time\" content=\"2023-01-10T13:40:30+00:00\" \/>\n<meta property=\"article:modified_time\" content=\"2023-01-10T13:40:32+00:00\" \/>\n<meta property=\"og:image\" content=\"https:\/\/tosyagazetesi.com\/wp-content\/uploads\/2023\/01\/AK-Parti-Tosya-Ilce-Teskilatindan-10-Ocak-Calisan-Gazeteciler-Gunu-Ziyareti.jpg\" \/>\n\t<meta property=\"og:image:width\" content=\"900\" \/>\n\t<meta property=\"og:image:height\" content=\"500\" \/>\n\t<meta property=\"og:image:type\" content=\"image\/jpeg\" \/>\n<meta name=\"author\" content=\"admin\" \/>\n<meta name=\"twitter:card\" content=\"summary_large_image\" \/>\n<meta name=\"twitter:label1\" content=\"Yazan:\" \/>\n\t<meta name=\"twitter:data1\" content=\"admin\" \/>\n\t<meta name=\"twitter:label2\" content=\"Tahmini okuma s\u00fcresi\" \/>\n\t<meta name=\"twitter:data2\" content=\"2 dakika\" \/>\n<script type=\"application\/ld+json\" class=\"yoast-schema-graph\">{\"@context\":\"https:\\\/\\\/schema.org\",\"@graph\":[{\"@type\":\"Article\",\"@id\":\"https:\\\/\\\/tosyagazetesi.com\\\/index.php\\\/2023\\\/01\\\/10\\\/ak-parti-tosya-ilce-teskilatindan-10-ocak-calisan-gazeteciler-gunu-ziyareti\\\/#article\",\"isPartOf\":{\"@id\":\"https:\\\/\\\/tosyagazetesi.com\\\/index.php\\\/2023\\\/01\\\/10\\\/ak-parti-tosya-ilce-teskilatindan-10-ocak-calisan-gazeteciler-gunu-ziyareti\\\/\"},\"author\":{\"name\":\"admin\",\"@id\":\"https:\\\/\\\/tosyagazetesi.com\\\/#\\\/schema\\\/person\\\/9a1b0f7e1b008c6cede8cdbd5500a206\"},\"headline\":\"AK Parti Tosya \u0130l\u00e7e Te\u015fkilat\u0131ndan 10 Ocak \u00c7al\u0131\u015fan Gazeteciler G\u00fcn\u00fc Ziyareti\",\"datePublished\":\"2023-01-10T13:40:30+00:00\",\"dateModified\":\"2023-01-10T13:40:32+00:00\",\"mainEntityOfPage\":{\"@id\":\"https:\\\/\\\/tosyagazetesi.com\\\/index.php\\\/2023\\\/01\\\/10\\\/ak-parti-tosya-ilce-teskilatindan-10-ocak-calisan-gazeteciler-gunu-ziyareti\\\/\"},\"wordCount\":222,\"commentCount\":0,\"image\":{\"@id\":\"https:\\\/\\\/tosyagazetesi.com\\\/index.php\\\/2023\\\/01\\\/10\\\/ak-parti-tosya-ilce-teskilatindan-10-ocak-calisan-gazeteciler-gunu-ziyareti\\\/#primaryimage\"},\"thumbnailUrl\":\"https:\\\/\\\/tosyagazetesi.com\\\/wp-content\\\/uploads\\\/2023\\\/01\\\/AK-Parti-Tosya-Ilce-Teskilatindan-10-Ocak-Calisan-Gazeteciler-Gunu-Ziyareti.jpg\",\"articleSection\":[\"Tosya Gazetesi\"],\"inLanguage\":\"tr\",\"potentialAction\":[{\"@type\":\"CommentAction\",\"name\":\"Comment\",\"target\":[\"https:\\\/\\\/tosyagazetesi.com\\\/index.php\\\/2023\\\/01\\\/10\\\/ak-parti-tosya-ilce-teskilatindan-10-ocak-calisan-gazeteciler-gunu-ziyareti\\\/#respond\"]}]},{\"@type\":\"WebPage\",\"@id\":\"https:\\\/\\\/tosyagazetesi.com\\\/index.php\\\/2023\\\/01\\\/10\\\/ak-parti-tosya-ilce-teskilatindan-10-ocak-calisan-gazeteciler-gunu-ziyareti\\\/\",\"url\":\"https:\\\/\\\/tosyagazetesi.com\\\/index.php\\\/2023\\\/01\\\/10\\\/ak-parti-tosya-ilce-teskilatindan-10-ocak-calisan-gazeteciler-gunu-ziyareti\\\/\",\"name\":\"AK Parti Tosya \u0130l\u00e7e Te\u015fkilat\u0131ndan 10 Ocak \u00c7al\u0131\u015fan Gazeteciler G\u00fcn\u00fc Ziyareti -\",\"isPartOf\":{\"@id\":\"https:\\\/\\\/tosyagazetesi.com\\\/#website\"},\"primaryImageOfPage\":{\"@id\":\"https:\\\/\\\/tosyagazetesi.com\\\/index.php\\\/2023\\\/01\\\/10\\\/ak-parti-tosya-ilce-teskilatindan-10-ocak-calisan-gazeteciler-gunu-ziyareti\\\/#primaryimage\"},\"image\":{\"@id\":\"https:\\\/\\\/tosyagazetesi.com\\\/index.php\\\/2023\\\/01\\\/10\\\/ak-parti-tosya-ilce-teskilatindan-10-ocak-calisan-gazeteciler-gunu-ziyareti\\\/#primaryimage\"},\"thumbnailUrl\":\"https:\\\/\\\/tosyagazetesi.com\\\/wp-content\\\/uploads\\\/2023\\\/01\\\/AK-Parti-Tosya-Ilce-Teskilatindan-10-Ocak-Calisan-Gazeteciler-Gunu-Ziyareti.jpg\",\"datePublished\":\"2023-01-10T13:40:30+00:00\",\"dateModified\":\"2023-01-10T13:40:32+00:00\",\"author\":{\"@id\":\"https:\\\/\\\/tosyagazetesi.com\\\/#\\\/schema\\\/person\\\/9a1b0f7e1b008c6cede8cdbd5500a206\"},\"breadcrumb\":{\"@id\":\"https:\\\/\\\/tosyagazetesi.com\\\/index.php\\\/2023\\\/01\\\/10\\\/ak-parti-tosya-ilce-teskilatindan-10-ocak-calisan-gazeteciler-gunu-ziyareti\\\/#breadcrumb\"},\"inLanguage\":\"tr\",\"potentialAction\":[{\"@type\":\"ReadAction\",\"target\":[\"https:\\\/\\\/tosyagazetesi.com\\\/index.php\\\/2023\\\/01\\\/10\\\/ak-parti-tosya-ilce-teskilatindan-10-ocak-calisan-gazeteciler-gunu-ziyareti\\\/\"]}]},{\"@type\":\"ImageObject\",\"inLanguage\":\"tr\",\"@id\":\"https:\\\/\\\/tosyagazetesi.com\\\/index.php\\\/2023\\\/01\\\/10\\\/ak-parti-tosya-ilce-teskilatindan-10-ocak-calisan-gazeteciler-gunu-ziyareti\\\/#primaryimage\",\"url\":\"https:\\\/\\\/tosyagazetesi.com\\\/wp-content\\\/uploads\\\/2023\\\/01\\\/AK-Parti-Tosya-Ilce-Teskilatindan-10-Ocak-Calisan-Gazeteciler-Gunu-Ziyareti.jpg\",\"contentUrl\":\"https:\\\/\\\/tosyagazetesi.com\\\/wp-content\\\/uploads\\\/2023\\\/01\\\/AK-Parti-Tosya-Ilce-Teskilatindan-10-Ocak-Calisan-Gazeteciler-Gunu-Ziyareti.jpg\",\"width\":900,\"height\":500},{\"@type\":\"BreadcrumbList\",\"@id\":\"https:\\\/\\\/tosyagazetesi.com\\\/index.php\\\/2023\\\/01\\\/10\\\/ak-parti-tosya-ilce-teskilatindan-10-ocak-calisan-gazeteciler-gunu-ziyareti\\\/#breadcrumb\",\"itemListElement\":[{\"@type\":\"ListItem\",\"position\":1,\"name\":\"Anasayfa\",\"item\":\"https:\\\/\\\/tosyagazetesi.com\\\/\"},{\"@type\":\"ListItem\",\"position\":2,\"name\":\"AK Parti Tosya \u0130l\u00e7e Te\u015fkilat\u0131ndan 10 Ocak \u00c7al\u0131\u015fan Gazeteciler G\u00fcn\u00fc Ziyareti\"}]},{\"@type\":\"WebSite\",\"@id\":\"https:\\\/\\\/tosyagazetesi.com\\\/#website\",\"url\":\"https:\\\/\\\/tosyagazetesi.com\\\/\",\"name\":\"\",\"description\":\"\",\"potentialAction\":[{\"@type\":\"SearchAction\",\"target\":{\"@type\":\"EntryPoint\",\"urlTemplate\":\"https:\\\/\\\/tosyagazetesi.com\\\/?s={search_term_string}\"},\"query-input\":{\"@type\":\"PropertyValueSpecification\",\"valueRequired\":true,\"valueName\":\"search_term_string\"}}],\"inLanguage\":\"tr\"},{\"@type\":\"Person\",\"@id\":\"https:\\\/\\\/tosyagazetesi.com\\\/#\\\/schema\\\/person\\\/9a1b0f7e1b008c6cede8cdbd5500a206\",\"name\":\"admin\",\"image\":{\"@type\":\"ImageObject\",\"inLanguage\":\"tr\",\"@id\":\"https:\\\/\\\/secure.gravatar.com\\\/avatar\\\/a3b9c4457143f713b454772cdba280ff47106c991ba15f91e94e0aabe3c83824?s=96&d=mm&r=g\",\"url\":\"https:\\\/\\\/secure.gravatar.com\\\/avatar\\\/a3b9c4457143f713b454772cdba280ff47106c991ba15f91e94e0aabe3c83824?s=96&d=mm&r=g\",\"contentUrl\":\"https:\\\/\\\/secure.gravatar.com\\\/avatar\\\/a3b9c4457143f713b454772cdba280ff47106c991ba15f91e94e0aabe3c83824?s=96&d=mm&r=g\",\"caption\":\"admin\"},\"sameAs\":[\"https:\\\/\\\/tosyagazetesi.com\"],\"url\":\"https:\\\/\\\/tosyagazetesi.com\\\/index.php\\\/author\\\/admin_mznznzn4\\\/\"}]}<\/script>\n<!-- \/ Yoast SEO plugin. -->","yoast_head_json":{"title":"AK Parti Tosya \u0130l\u00e7e Te\u015fkilat\u0131ndan 10 Ocak \u00c7al\u0131\u015fan Gazeteciler G\u00fcn\u00fc Ziyareti -","robots":{"index":"index","follow":"follow","max-snippet":"max-snippet:-1","max-image-preview":"max-image-preview:large","max-video-preview":"max-video-preview:-1"},"canonical":"https:\/\/tosyagazetesi.com\/index.php\/2023\/01\/10\/ak-parti-tosya-ilce-teskilatindan-10-ocak-calisan-gazeteciler-gunu-ziyareti\/","og_locale":"tr_TR","og_type":"article","og_title":"AK Parti Tosya \u0130l\u00e7e Te\u015fkilat\u0131ndan 10 Ocak \u00c7al\u0131\u015fan Gazeteciler G\u00fcn\u00fc Ziyareti -","og_description":"AK Parti Tosya \u0130l\u00e7e Ba\u015fkan\u0131 Hasan Mete Diki\u015fci, partililerle birlikte, 10 Ocak \u00c7al\u0131\u015fan Gazeteciler G\u00fcn\u00fc dolay\u0131s\u0131yla gazetecileri ziyaret etti. Ziyarette konu\u015fan Ba\u015fkan Diki\u015fci, Vatanda\u015flar\u0131n haber alma hakk\u0131n\u0131n kar\u015f\u0131lanmas\u0131 ve do\u011fru&hellip;","og_url":"https:\/\/tosyagazetesi.com\/index.php\/2023\/01\/10\/ak-parti-tosya-ilce-teskilatindan-10-ocak-calisan-gazeteciler-gunu-ziyareti\/","article_published_time":"2023-01-10T13:40:30+00:00","article_modified_time":"2023-01-10T13:40:32+00:00","og_image":[{"width":900,"height":500,"url":"https:\/\/tosyagazetesi.com\/wp-content\/uploads\/2023\/01\/AK-Parti-Tosya-Ilce-Teskilatindan-10-Ocak-Calisan-Gazeteciler-Gunu-Ziyareti.jpg","type":"image\/jpeg"}],"author":"admin","twitter_card":"summary_large_image","twitter_misc":{"Yazan:":"admin","Tahmini okuma s\u00fcresi":"2 dakika"},"schema":{"@context":"https:\/\/schema.org","@graph":[{"@type":"Article","@id":"https:\/\/tosyagazetesi.com\/index.php\/2023\/01\/10\/ak-parti-tosya-ilce-teskilatindan-10-ocak-calisan-gazeteciler-gunu-ziyareti\/#article","isPartOf":{"@id":"https:\/\/tosyagazetesi.com\/index.php\/2023\/01\/10\/ak-parti-tosya-ilce-teskilatindan-10-ocak-calisan-gazeteciler-gunu-ziyareti\/"},"author":{"name":"admin","@id":"https:\/\/tosyagazetesi.com\/#\/schema\/person\/9a1b0f7e1b008c6cede8cdbd5500a206"},"headline":"AK Parti Tosya \u0130l\u00e7e Te\u015fkilat\u0131ndan 10 Ocak \u00c7al\u0131\u015fan Gazeteciler G\u00fcn\u00fc Ziyareti","datePublished":"2023-01-10T13:40:30+00:00","dateModified":"2023-01-10T13:40:32+00:00","mainEntityOfPage":{"@id":"https:\/\/tosyagazetesi.com\/index.php\/2023\/01\/10\/ak-parti-tosya-ilce-teskilatindan-10-ocak-calisan-gazeteciler-gunu-ziyareti\/"},"wordCount":222,"commentCount":0,"image":{"@id":"https:\/\/tosyagazetesi.com\/index.php\/2023\/01\/10\/ak-parti-tosya-ilce-teskilatindan-10-ocak-calisan-gazeteciler-gunu-ziyareti\/#primaryimage"},"thumbnailUrl":"https:\/\/tosyagazetesi.com\/wp-content\/uploads\/2023\/01\/AK-Parti-Tosya-Ilce-Teskilatindan-10-Ocak-Calisan-Gazeteciler-Gunu-Ziyareti.jpg","articleSection":["Tosya Gazetesi"],"inLanguage":"tr","potentialAction":[{"@type":"CommentAction","name":"Comment","target":["https:\/\/tosyagazetesi.com\/index.php\/2023\/01\/10\/ak-parti-tosya-ilce-teskilatindan-10-ocak-calisan-gazeteciler-gunu-ziyareti\/#respond"]}]},{"@type":"WebPage","@id":"https:\/\/tosyagazetesi.com\/index.php\/2023\/01\/10\/ak-parti-tosya-ilce-teskilatindan-10-ocak-calisan-gazeteciler-gunu-ziyareti\/","url":"https:\/\/tosyagazetesi.com\/index.php\/2023\/01\/10\/ak-parti-tosya-ilce-teskilatindan-10-ocak-calisan-gazeteciler-gunu-ziyareti\/","name":"AK Parti Tosya \u0130l\u00e7e Te\u015fkilat\u0131ndan 10 Ocak \u00c7al\u0131\u015fan Gazeteciler G\u00fcn\u00fc Ziyareti -","isPartOf":{"@id":"https:\/\/tosyagazetesi.com\/#website"},"primaryImageOfPage":{"@id":"https:\/\/tosyagazetesi.com\/index.php\/2023\/01\/10\/ak-parti-tosya-ilce-teskilatindan-10-ocak-calisan-gazeteciler-gunu-ziyareti\/#primaryimage"},"image":{"@id":"https:\/\/tosyagazetesi.com\/index.php\/2023\/01\/10\/ak-parti-tosya-ilce-teskilatindan-10-ocak-calisan-gazeteciler-gunu-ziyareti\/#primaryimage"},"thumbnailUrl":"https:\/\/tosyagazetesi.com\/wp-content\/uploads\/2023\/01\/AK-Parti-Tosya-Ilce-Teskilatindan-10-Ocak-Calisan-Gazeteciler-Gunu-Ziyareti.jpg","datePublished":"2023-01-10T13:40:30+00:00","dateModified":"2023-01-10T13:40:32+00:00","author":{"@id":"https:\/\/tosyagazetesi.com\/#\/schema\/person\/9a1b0f7e1b008c6cede8cdbd5500a206"},"breadcrumb":{"@id":"https:\/\/tosyagazetesi.com\/index.php\/2023\/01\/10\/ak-parti-tosya-ilce-teskilatindan-10-ocak-calisan-gazeteciler-gunu-ziyareti\/#breadcrumb"},"inLanguage":"tr","potentialAction":[{"@type":"ReadAction","target":["https:\/\/tosyagazetesi.com\/index.php\/2023\/01\/10\/ak-parti-tosya-ilce-teskilatindan-10-ocak-calisan-gazeteciler-gunu-ziyareti\/"]}]},{"@type":"ImageObject","inLanguage":"tr","@id":"https:\/\/tosyagazetesi.com\/index.php\/2023\/01\/10\/ak-parti-tosya-ilce-teskilatindan-10-ocak-calisan-gazeteciler-gunu-ziyareti\/#primaryimage","url":"https:\/\/tosyagazetesi.com\/wp-content\/uploads\/2023\/01\/AK-Parti-Tosya-Ilce-Teskilatindan-10-Ocak-Calisan-Gazeteciler-Gunu-Ziyareti.jpg","contentUrl":"https:\/\/tosyagazetesi.com\/wp-content\/uploads\/2023\/01\/AK-Parti-Tosya-Ilce-Teskilatindan-10-Ocak-Calisan-Gazeteciler-Gunu-Ziyareti.jpg","width":900,"height":500},{"@type":"BreadcrumbList","@id":"https:\/\/tosyagazetesi.com\/index.php\/2023\/01\/10\/ak-parti-tosya-ilce-teskilatindan-10-ocak-calisan-gazeteciler-gunu-ziyareti\/#breadcrumb","itemListElement":[{"@type":"ListItem","position":1,"name":"Anasayfa","item":"https:\/\/tosyagazetesi.com\/"},{"@type":"ListItem","position":2,"name":"AK Parti Tosya \u0130l\u00e7e Te\u015fkilat\u0131ndan 10 Ocak \u00c7al\u0131\u015fan Gazeteciler G\u00fcn\u00fc Ziyareti"}]},{"@type":"WebSite","@id":"https:\/\/tosyagazetesi.com\/#website","url":"https:\/\/tosyagazetesi.com\/","name":"","description":"","potentialAction":[{"@type":"SearchAction","target":{"@type":"EntryPoint","urlTemplate":"https:\/\/tosyagazetesi.com\/?s={search_term_string}"},"query-input":{"@type":"PropertyValueSpecification","valueRequired":true,"valueName":"search_term_string"}}],"inLanguage":"tr"},{"@type":"Person","@id":"https:\/\/tosyagazetesi.com\/#\/schema\/person\/9a1b0f7e1b008c6cede8cdbd5500a206","name":"admin","image":{"@type":"ImageObject","inLanguage":"tr","@id":"https:\/\/secure.gravatar.com\/avatar\/a3b9c4457143f713b454772cdba280ff47106c991ba15f91e94e0aabe3c83824?s=96&d=mm&r=g","url":"https:\/\/secure.gravatar.com\/avatar\/a3b9c4457143f713b454772cdba280ff47106c991ba15f91e94e0aabe3c83824?s=96&d=mm&r=g","contentUrl":"https:\/\/secure.gravatar.com\/avatar\/a3b9c4457143f713b454772cdba280ff47106c991ba15f91e94e0aabe3c83824?s=96&d=mm&r=g","caption":"admin"},"sameAs":["https:\/\/tosyagazetesi.com"],"url":"https:\/\/tosyagazetesi.com\/index.php\/author\/admin_mznznzn4\/"}]}},"views":773,"jetpack_publicize_connections":[],"_links":{"self":[{"href":"https:\/\/tosyagazetesi.com\/index.php\/wp-json\/wp\/v2\/posts\/115","targetHints":{"allow":["GET"]}}],"collection":[{"href":"https:\/\/tosyagazetesi.com\/index.php\/wp-json\/wp\/v2\/posts"}],"about":[{"href":"https:\/\/tosyagazetesi.com\/index.php\/wp-json\/wp\/v2\/types\/post"}],"author":[{"embeddable":true,"href":"https:\/\/tosyagazetesi.com\/index.php\/wp-json\/wp\/v2\/users\/1"}],"replies":[{"embeddable":true,"href":"https:\/\/tosyagazetesi.com\/index.php\/wp-json\/wp\/v2\/comments?post=115"}],"version-history":[{"count":1,"href":"https:\/\/tosyagazetesi.com\/index.php\/wp-json\/wp\/v2\/posts\/115\/revisions"}],"predecessor-version":[{"id":117,"href":"https:\/\/tosyagazetesi.com\/index.php\/wp-json\/wp\/v2\/posts\/115\/revisions\/117"}],"wp:featuredmedia":[{"embeddable":true,"href":"https:\/\/tosyagazetesi.com\/index.php\/wp-json\/wp\/v2\/media\/116"}],"wp:attachment":[{"href":"https:\/\/tosyagazetesi.com\/index.php\/wp-json\/wp\/v2\/media?parent=115"}],"wp:term":[{"taxonomy":"category","embeddable":true,"href":"https:\/\/tosyagazetesi.com\/index.php\/wp-json\/wp\/v2\/categories?post=115"},{"taxonomy":"post_tag","embeddable":true,"href":"https:\/\/tosyagazetesi.com\/index.php\/wp-json\/wp\/v2\/tags?post=115"}],"curies":[{"name":"wp","href":"https:\/\/api.w.org\/{rel}","templated":true}]}}